{"id":102600,"date":"2025-12-02T20:27:06","date_gmt":"2025-12-02T20:27:06","guid":{"rendered":"https:\/\/www.europesays.com\/no\/102600\/"},"modified":"2025-12-02T20:27:06","modified_gmt":"2025-12-02T20:27:06","slug":"polestar-og-volvo-helt-uenige-med-tyske-planer","status":"publish","type":"post","link":"https:\/\/www.europesays.com\/no\/102600\/","title":{"rendered":"Polestar og Volvo helt uenige med tyske planer"},"content":{"rendered":"<p>\n        ELEKRISK OVERGANG: Michael Lohscheller i Polestar og H\u00e5kan Samulesson i Volvo mener det elektriske skiftet ikke b\u00f8r skyves p\u00e5.<br \/>\n        Foto: PRODUSENTENE\n    <\/p>\n<p class=\"kicker t31 tm25 font-weight-bold m-font-weight-bold font-Roboto\" style=\"\">Fossilbilforbudet:<\/p>\n<p>    S\u00e6rlig tyske bilprodusenter presser p\u00e5 for at EU skal utsette det bebudete forbudet mot diesel- og bensinbiler fra 2035, Polestar og Volvo mener utsettelse er en d\u00e5rlig id\u00e9.<\/p>\n<p>Det brygger opp til kamp mellom de forskjellige bilprodusentene med hensyn til EUs m\u00e5l om \u00e5 forby nye diesel- og bensinbiler fra 2035.<\/p>\n<p class=\"font-weight-bold m-font-weight-bold\" data-lab-font_weight=\"font-weight-bold\">S\u00e6rlig de tyske produsentene, og med dem tyske politikere, presser p\u00e5 for \u00e5 utsette forbudet.\u00a0<\/p>\n<p> De \u00f8nsker at det skal v\u00e6re rom for produksjon av hybridbiler og biler med forbrenningsmotorer etter 2035. Begrunnelsen er at forbrukerne fortsatt n\u00f8ler med \u00e5 kj\u00f8pe elbiler.<\/p>\n<p>BMWs sjef <a href=\"https:\/\/www.motor.no\/aktuelt\/bmw-sjef-mener-eu-er-pa-ville-veier\/337929\" target=\"_blank\" rel=\"nofollow noopener\">Oliver Zipse uttalte nylig<\/a>:<\/p>\n<p> \u2013 Hvis ikke EU revurderer sin tiln\u00e6rming, risikerer vi konkurranseevnen og den fremtidige levedyktigheten til en av Europas viktigste industrier. <\/p>\n<p>            Les alle Motors biltester:<\/p>\n<p> \u2013 D\u00e5rlig, d\u00e5rlig id\u00e9<\/p>\n<p>Det er Polestar-sjefen, tyske\u00a0Michael Lohscheller, fullstendig uenig i.<\/p>\n<p> \u2013 \u00c5 sette 2035 p\u00e5 pause er bare en d\u00e5rlig, d\u00e5rlig id\u00e9. Jeg har ikke andre ord for det. Hvis Europa ikke tar ledelsen i denne transformasjonen, kan du v\u00e6re trygg p\u00e5 at andre land vil gj\u00f8re det for oss, sier han til <a href=\"https:\/\/www.theguardian.com\/business\/2025\/dec\/02\/china-volvo-polestar-eu-2035-petrol-car-sweden-germany\" target=\"_blank\" rel=\"nofollow noopener\">Guardian<\/a>.<\/p>\n<p class=\"font-weight-bold m-font-weight-bold\" data-lab-font_weight=\"font-weight-bold\">Polestar lager som kjent kun biler med elektrisk drivlinje.<\/p>\n<p> Lohscheller f\u00e5r st\u00f8tte av H\u00e5kan Samuelsson, Volvos sjef.<\/p>\n<p> \u2013 Jeg ser ikke logikken i \u00e5 senke farten.\u00a0Hvis de ikke var obligatoriske, ville sannsynligvis 30 prosent av bilene v\u00e5re v\u00e6rt uten sikkerhetsbelter. Og hvis man tar i betraktning merkostnadene, ville vi sannsynligvis ikke hatt noen biler med katalysatorer heller, med mindre de var obligatoriske. <\/p>\n<p>Kina kommer uansett<\/p>\n<p>Volvo har i dag flere drivlinjer tilgjengelig, men st\u00e5r ved at det <a href=\"https:\/\/www.motor.no\/aktuelt\/volvo-ex60-skal-ha-samme-pris-som-ladehybriden\/334986\" target=\"_blank\" rel=\"nofollow noopener\">er elbiler som er framtiden<\/a>. Samuelsson mener det vil v\u00e6re et stor feilgrep \u00e5 slakke av p\u00e5 elbilutviklingen, det vil bare gi mer plass til kinesiske produsenter.<\/p>\n<p> \u2013 Kineserne vil sette opp fabrikker i Ungarn og Slovakia, Romania, i markeder med lav arbeidskraftkostnad. Jeg tror ikke det er mulig \u00e5 holde dem ute av EU med tollsatser. Man m\u00e5 bare m\u00f8te dem ansikt til ansikt og konkurrere med dem. <\/p>\n<p class=\"font-weight-bold m-font-weight-bold\" data-lab-font_weight=\"font-weight-bold\">Lohscheller i Polestar mener det vil v\u00e6re en katastrofe for arbeidsplasser i Europa, hvis EU g\u00e5r med p\u00e5 en utsettelse.<\/p>\n<p> \u2013 Kineserne vil ikke ta en pause. De vil ta over. Hvis Brussel setter dette p\u00e5 pause og sier: \u00abStopp, vi gir dere fem \u00e5r til\u00bb, setter de virkelig hundretusenvis av jobber i fare. <\/p>\n<p>        <a itemprop=\"url\" class=\"\" href=\"https:\/\/www.motor.no\/aktuelt\/volvo-fortsetter-med-forbrenningsmotor-til-2040\/334564\" data-k5a-url=\"https:\/\/www.motor.no\/a\/334564\" rel=\"nofollow noopener\" target=\"_blank\"><\/p>\n<p>\nRekkeviddeforlenger:\n<\/p>\n<p>            Volvo fortsetter med forbrennings\u00admotor til 2040<\/p>\n<p>        <\/a><\/p>\n<p>            Her er de siste nyhetene vi har pr\u00f8vekj\u00f8rt:<\/p>\n<p>            Kjentfolk om bilholdets gleder og sorger:<\/p>\n<p>            M\u00f8t disse glade entusiastene:<\/p>\n<p>            Flere forbrukersaker p\u00e5 Motor.no:<\/p>\n<p>            Har du lest disse sakene fra Motor?<\/p>\n","protected":false},"excerpt":{"rendered":"ELEKRISK OVERGANG: Michael Lohscheller i Polestar og H\u00e5kan Samulesson i Volvo mener det elektriske skiftet ikke b\u00f8r skyves&hellip;\n","protected":false},"author":2,"featured_media":102601,"comment_status":"","ping_status":"","sticky":false,"template":"","format":"standard","meta":{"footnotes":""},"categories":[56],"tags":[60,61,62,30,28,29],"class_list":{"0":"post-102600","1":"post","2":"type-post","3":"status-publish","4":"format-standard","5":"has-post-thumbnail","7":"category-naeringsliv","8":"tag-business","9":"tag-economy","10":"tag-naeringsliv","11":"tag-no","12":"tag-norge","13":"tag-norway"},"share_on_mastodon":{"url":"https:\/\/pubeurope.com\/@no\/115651860512460329","error":""},"_links":{"self":[{"href":"https:\/\/www.europesays.com\/no\/wp-json\/wp\/v2\/posts\/102600","targetHints":{"allow":["GET"]}}],"collection":[{"href":"https:\/\/www.europesays.com\/no\/wp-json\/wp\/v2\/posts"}],"about":[{"href":"https:\/\/www.europesays.com\/no\/wp-json\/wp\/v2\/types\/post"}],"author":[{"embeddable":true,"href":"https:\/\/www.europesays.com\/no\/wp-json\/wp\/v2\/users\/2"}],"replies":[{"embeddable":true,"href":"https:\/\/www.europesays.com\/no\/wp-json\/wp\/v2\/comments?post=102600"}],"version-history":[{"count":0,"href":"https:\/\/www.europesays.com\/no\/wp-json\/wp\/v2\/posts\/102600\/revisions"}],"wp:featuredmedia":[{"embeddable":true,"href":"https:\/\/www.europesays.com\/no\/wp-json\/wp\/v2\/media\/102601"}],"wp:attachment":[{"href":"https:\/\/www.europesays.com\/no\/wp-json\/wp\/v2\/media?parent=102600"}],"wp:term":[{"taxonomy":"category","embeddable":true,"href":"https:\/\/www.europesays.com\/no\/wp-json\/wp\/v2\/categories?post=102600"},{"taxonomy":"post_tag","embeddable":true,"href":"https:\/\/www.europesays.com\/no\/wp-json\/wp\/v2\/tags?post=102600"}],"curies":[{"name":"wp","href":"https:\/\/api.w.org\/{rel}","templated":true}]}}