{"id":102609,"date":"2025-12-02T20:32:17","date_gmt":"2025-12-02T20:32:17","guid":{"rendered":"https:\/\/www.europesays.com\/no\/102609\/"},"modified":"2025-12-02T20:32:17","modified_gmt":"2025-12-02T20:32:17","slug":"ny-utgivelse-grue-studio-i-kongsvinger-ga-venneforeningen-en-unik-mulighet","status":"publish","type":"post","link":"https:\/\/www.europesays.com\/no\/102609\/","title":{"rendered":"Ny utgivelse, Grue | Studio i Kongsvinger ga venneforeningen en unik mulighet"},"content":{"rendered":"\n<p>B\u00e5de Kjetil Skaslien og Kjartan Gullikstad har tonesatt dikt av \u00c5sta Holth. I tillegg er \u00d8ivind Roos, Eva Vermundsberget, Cesilie Nielsen Skaslien, Catharina Janner, Henrik Granlund og Sinikka Langeland med p\u00e5 utgivelsen.<\/p>\n<p>Kjetil Skaslien har holdt p\u00e5 i mange \u00e5r med \u00e5 tonesette diktene til \u00c5sta Holth, og n\u00e5 syntes \u00c5sta Holths Venner det var p\u00e5 tide \u00e5 f\u00e5 gitt ut disse p\u00e5 en ny CD.<\/p>\n<p>500 er produsert, og allerede n\u00e5 er 200 solgt.<\/p>\n<p>\u00c5sta Holth er viktig<\/p>\n<p>\u2013 \u00c5sta Holth har v\u00e6rt viktig for oss p\u00e5 Finnskogen og i det skogfinske milj\u00f8et. Vi ville markedsf\u00f8re diktene hennes, for hun har skrevet s\u00e5 mange bra dikt. Hun var b\u00e5de milj\u00f8bevisst, antirasistisk og krigsmotstander i sine dikt, og hennes dikt er aktuelle den dag i dag, sier Anne Berit Gullikstad, leder i \u00c5sta Holths Venner.<\/p>\n<p>   <img decoding=\"async\" width=\"1969\" height=\"1276\" fetchpriority=\"low\"  loading=\"lazy\"  src=\"https:\/\/www.europesays.com\/no\/wp-content\/uploads\/2025\/12\/_sta_huset_holdes_stengt_3.jpg\" alt=\"\" class=\"brick-c-cFOWSL\" style=\"--brick-image-ratio: 1969 \/ 1276;\"\/><\/p>\n<p>      DIKT: \u00c5sta Holth skrev b\u00e5de b\u00f8ker og dikt. N\u00e5 gis flere av diktene hennes ut p\u00e5 CD, etter at Kjetil Skaslien og Kjartan Gullikstad har tonesatt dem.<\/p>\n<p>Hun synes det er viktig \u00e5 ta vare p\u00e5 diktene til \u00c5sta Holth, og synes det er blitt en fin musikalsk tilleggsdimensjon p\u00e5 diktene.<\/p>\n<p>\u2013 Det er flotte melodier og flotte sangere som vi har med her. Jeg har CD-en i bilen, og h\u00f8rer stadig vekk p\u00e5 denne og synger med, sier Anne Berit Gullikstad.<\/p>\n<p>   <img decoding=\"async\" width=\"5506\" height=\"3671\" fetchpriority=\"low\"  loading=\"lazy\"  src=\"https:\/\/www.europesays.com\/no\/wp-content\/uploads\/2025\/12\/Kjartan+Gullikstad.jpg\" alt=\"\" class=\"brick-c-cFOWSL\" style=\"--brick-image-ratio: 5506 \/ 3671;\"\/><\/p>\n<p>      ER MED: Kjartan Gullikstad fra Svullrya har ogs\u00e5 tonesatt to av diktene til \u00c5sta Holth.<br \/>\n      Foto: Privat\n    <\/p>\n<p>Det er med 13 tonesatte dikt p\u00e5 utgivelsen, som har f\u00e5tt navnet \u00abEg vil gi min sang \u00e5t alle\u00bb. Den trettende melodien er det Sinikka Langeland som st\u00e5r for, og den har venneforeningen kj\u00f8pt inn til bruk p\u00e5 utgivelsen.<\/p>\n<p>\u2013 Sinikka Langeland har v\u00e6rt en av dem som har brakt \u00c5sta Holth ut i verden, s\u00e5 derfor valgte vi \u00e5 ta med dette, sier Anne Berit Gullikstad, og er veldig forn\u00f8yd med at de har f\u00e5tt v\u00e6re med p\u00e5 NRK P1 om dette prosjektet ogs\u00e5.<\/p>\n<p>Like popul\u00e6re dikt<\/p>\n<p>\u2013 Diktene til \u00c5sta Holth er fortsatt like popul\u00e6re, og det mest kjente er nok \u00abSyng for meg, heimbygds skogar\u00bb. \u00abDer himlen og jorda m\u00f8tes\u00bb er ogs\u00e5 veldig kjent. Sistnevnte har vi med p\u00e5 Dikterstien i Svullrya, sier Gullikstad.<\/p>\n<p>Hun visste godt at Kjetil Skaslien har skrevet melodier til diktene, og n\u00e5 synes Gullikstad det var viktig \u00e5 f\u00e5 gitt ut disse. Hennes s\u00f8nn, Kjartan Gullikstad, tonesatte dikt og framf\u00f8rte disse p\u00e5 jubileet til Finnskogdagene.<\/p>\n<p>\u2013 Blir det laget mer musikk til diktene hennes, kan vi komme med flere utgivelser. Kjetil har nok mer, men n\u00e5 valgte vi ut disse 13 denne gangen. Det har v\u00e6rt moro \u00e5 f\u00e5 til dette prosjektet, men det er ogs\u00e5 risikabelt \u00f8konomisk sett. Vi fikk 50.000 kroner i st\u00f8tte, og hadde ogs\u00e5 planer om ei visebok, sier Gullikstad.<\/p>\n<p>   <img decoding=\"async\" width=\"3136\" height=\"3536\" fetchpriority=\"low\"  loading=\"lazy\"  src=\"https:\/\/www.europesays.com\/no\/wp-content\/uploads\/2025\/12\/Eva+V.jpg\" alt=\"\" class=\"brick-c-cFOWSL\" style=\"--brick-image-ratio: 3136 \/ 3536;\"\/><\/p>\n<p>      SYNGER: Eva Vermundsberget synger flere av diktene til \u00c5sta Holth.<br \/>\n      Foto: Privat\n    <\/p>\n<p>Hun forteller at det ikke er lett \u00e5 gi ut CD i disse dager, men heldigvis fant de et studio i Kongsvinger som hjalp dem.<\/p>\n<p>\u2013 Erik Marthinsen i Skyline Studio har v\u00e6rt veldig behjelpelig, serviceinnstilt og t\u00e5lmodig med oss. Han har gjort en kjempejobb og tatt veldig godt imot oss. S\u00e5 dette har v\u00e6rt en stor glede for oss, sier Gullikstad.<\/p>\n<p>\u2013 CD-en er ogs\u00e5 \u00e5 f\u00e5 i nettbutikken til Norsk Skogfinsk Museum, og den kan ogs\u00e5 kj\u00f8pes der. H\u00e5pet er at vi kan f\u00e5 til et arrangement p\u00e5 museet, slik at disse diktene kan framf\u00f8res musikalsk der. Vi hadde det p\u00e5 \u00c5sta-dagen p\u00e5 Finnetunet, men det vil v\u00e6re flott \u00e5 f\u00e5 det til p\u00e5 museet ogs\u00e5. Enten innend\u00f8rs eller p\u00e5 utescenen, sier Gullikstad.<\/p>\n","protected":false},"excerpt":{"rendered":"B\u00e5de Kjetil Skaslien og Kjartan Gullikstad har tonesatt dikt av \u00c5sta Holth. I tillegg er \u00d8ivind Roos, Eva&hellip;\n","protected":false},"author":2,"featured_media":102610,"comment_status":"","ping_status":"","sticky":false,"template":"","format":"standard","meta":{"footnotes":""},"categories":[58],"tags":[36,12978,12979,71,8138,551,30,28,29,3411,12980,1510,12213,72],"class_list":{"0":"post-102609","1":"post","2":"type-post","3":"status-publish","4":"format-standard","5":"has-post-thumbnail","7":"category-underholdning","8":"tag-art","9":"tag-asta-holth","10":"tag-cd","11":"tag-entertainment","12":"tag-grue","13":"tag-kongsvinger","14":"tag-no","15":"tag-norge","16":"tag-norway","17":"tag-ny-utgivelse","18":"tag-oivind-roos","19":"tag-story","20":"tag-studio","21":"tag-underholdning"},"share_on_mastodon":{"url":"https:\/\/pubeurope.com\/@no\/115651880261207690","error":""},"_links":{"self":[{"href":"https:\/\/www.europesays.com\/no\/wp-json\/wp\/v2\/posts\/102609","targetHints":{"allow":["GET"]}}],"collection":[{"href":"https:\/\/www.europesays.com\/no\/wp-json\/wp\/v2\/posts"}],"about":[{"href":"https:\/\/www.europesays.com\/no\/wp-json\/wp\/v2\/types\/post"}],"author":[{"embeddable":true,"href":"https:\/\/www.europesays.com\/no\/wp-json\/wp\/v2\/users\/2"}],"replies":[{"embeddable":true,"href":"https:\/\/www.europesays.com\/no\/wp-json\/wp\/v2\/comments?post=102609"}],"version-history":[{"count":0,"href":"https:\/\/www.europesays.com\/no\/wp-json\/wp\/v2\/posts\/102609\/revisions"}],"wp:featuredmedia":[{"embeddable":true,"href":"https:\/\/www.europesays.com\/no\/wp-json\/wp\/v2\/media\/102610"}],"wp:attachment":[{"href":"https:\/\/www.europesays.com\/no\/wp-json\/wp\/v2\/media?parent=102609"}],"wp:term":[{"taxonomy":"category","embeddable":true,"href":"https:\/\/www.europesays.com\/no\/wp-json\/wp\/v2\/categories?post=102609"},{"taxonomy":"post_tag","embeddable":true,"href":"https:\/\/www.europesays.com\/no\/wp-json\/wp\/v2\/tags?post=102609"}],"curies":[{"name":"wp","href":"https:\/\/api.w.org\/{rel}","templated":true}]}}