{"id":102611,"date":"2025-12-02T20:36:19","date_gmt":"2025-12-02T20:36:19","guid":{"rendered":"https:\/\/www.europesays.com\/no\/102611\/"},"modified":"2025-12-02T20:36:19","modified_gmt":"2025-12-02T20:36:19","slug":"vil-ikke-si-hvilke-narvesen-kiosker-som-forsvinner","status":"publish","type":"post","link":"https:\/\/www.europesays.com\/no\/102611\/","title":{"rendered":"Vil ikke si hvilke Narvesen-kiosker som forsvinner"},"content":{"rendered":"<p data-testid=\"textWithMarkup-markup\" data-v-62d58f52=\"\"> \u2013 Vi kan bekrefte at vi har v\u00e6rt i dialog med alle de ber\u00f8rte kj\u00f8pmennene. Vi jobber n\u00e5 for \u00e5 sikre hensynsfulle og forutsigbare prosesser for alle involverte, og er i dialog med v\u00e5re kj\u00f8pmenn og g\u00e5rdeiere for \u00e5 finne best mulig l\u00f8sninger for begge parter, sier kommunikasjonssjef Sara Ulla Nyquist i Reitan Convenience Norway til <a href=\"https:\/\/handelswatch.no\/nyheter\/dagligvarer\/article18798009.ece\" rel=\"noopener nofollow\" target=\"_blank\">HandelsWatch.<\/a><\/p>\n<p data-testid=\"textWithMarkup-text\" data-v-ca17de6b=\"\" data-v-62d58f52=\"\">25. november ble det klart at Reitan Convenience vil legge ned 70 Narvesen-kiosker over hele landet fordi kioskene har f\u00f8rt til milliontap over flere \u00e5r. De fleste av kioskene som blir borte ligger p\u00e5 kj\u00f8pesentre.<\/p>\n<p data-testid=\"textWithMarkup-text\" data-v-ca17de6b=\"\" data-v-62d58f52=\"\">\u2013 Nedleggelsesdato avtales i dialog med kj\u00f8pmann og g\u00e5rdeier, og vil variere fra butikk til butikk, sier Nyquist til avisen.<\/p>\n<p data-testid=\"textWithMarkup-text\" data-v-ca17de6b=\"\" data-v-62d58f52=\"\">Hun sier likevel at nedleggelsene kommer til \u00e5 skje gradvis fra neste \u00e5r og ut 2028. Prosessen kan alts\u00e5 ta inntil tre \u00e5r.<\/p>\n<p data-testid=\"textWithMarkup-text\" data-v-ca17de6b=\"\" data-v-62d58f52=\"\">\u2013 Vi \u00f8nsker derfor ikke \u00e5 g\u00e5 ut med en liste over hvilke butikker som er ber\u00f8rt f\u00f8r vi har kommet lenger i denne prosessen, sier Nyquist. <\/p>\n","protected":false},"excerpt":{"rendered":"\u2013 Vi kan bekrefte at vi har v\u00e6rt i dialog med alle de ber\u00f8rte kj\u00f8pmennene. Vi jobber n\u00e5&hellip;\n","protected":false},"author":2,"featured_media":102612,"comment_status":"","ping_status":"","sticky":false,"template":"","format":"standard","meta":{"footnotes":""},"categories":[56],"tags":[60,61,62,30,28,29],"class_list":{"0":"post-102611","1":"post","2":"type-post","3":"status-publish","4":"format-standard","5":"has-post-thumbnail","7":"category-naeringsliv","8":"tag-business","9":"tag-economy","10":"tag-naeringsliv","11":"tag-no","12":"tag-norge","13":"tag-norway"},"share_on_mastodon":{"url":"https:\/\/pubeurope.com\/@no\/115651896176507875","error":""},"_links":{"self":[{"href":"https:\/\/www.europesays.com\/no\/wp-json\/wp\/v2\/posts\/102611","targetHints":{"allow":["GET"]}}],"collection":[{"href":"https:\/\/www.europesays.com\/no\/wp-json\/wp\/v2\/posts"}],"about":[{"href":"https:\/\/www.europesays.com\/no\/wp-json\/wp\/v2\/types\/post"}],"author":[{"embeddable":true,"href":"https:\/\/www.europesays.com\/no\/wp-json\/wp\/v2\/users\/2"}],"replies":[{"embeddable":true,"href":"https:\/\/www.europesays.com\/no\/wp-json\/wp\/v2\/comments?post=102611"}],"version-history":[{"count":0,"href":"https:\/\/www.europesays.com\/no\/wp-json\/wp\/v2\/posts\/102611\/revisions"}],"wp:featuredmedia":[{"embeddable":true,"href":"https:\/\/www.europesays.com\/no\/wp-json\/wp\/v2\/media\/102612"}],"wp:attachment":[{"href":"https:\/\/www.europesays.com\/no\/wp-json\/wp\/v2\/media?parent=102611"}],"wp:term":[{"taxonomy":"category","embeddable":true,"href":"https:\/\/www.europesays.com\/no\/wp-json\/wp\/v2\/categories?post=102611"},{"taxonomy":"post_tag","embeddable":true,"href":"https:\/\/www.europesays.com\/no\/wp-json\/wp\/v2\/tags?post=102611"}],"curies":[{"name":"wp","href":"https:\/\/api.w.org\/{rel}","templated":true}]}}