{"id":102613,"date":"2025-12-02T20:37:11","date_gmt":"2025-12-02T20:37:11","guid":{"rendered":"https:\/\/www.europesays.com\/no\/102613\/"},"modified":"2025-12-02T20:37:11","modified_gmt":"2025-12-02T20:37:11","slug":"venezuela-nicolas-maduro-et-angrep-pa-venezuela-kan-skje-parallelt-med-fredsprisen-i-oslo","status":"publish","type":"post","link":"https:\/\/www.europesays.com\/no\/102613\/","title":{"rendered":"Venezuela, Nicolas Maduro | \u2013 Et angrep p\u00e5 Venezuela kan skje parallelt med fredsprisen i Oslo"},"content":{"rendered":"\n<p>USAs president Donald Trump har sagt at bakkeoperasjoner mot Venezuela vil \u00abstarte veldig snart\u00bb og har angivelig gitt Venezuelas president Nicol\u00e1s Maduro et ultimatum.<\/p>\n<p>Trump annonserte ogs\u00e5 p\u00e5 <a rel=\"Follow nofollow\" href=\"https:\/\/x.com\/realDonaldTrump\/status\/1994760100376891748\">X<\/a> i helgen at flyselskaper, piloter, narkotikaforbrytere og menneskesmuglere m\u00e5 anse luftrommet over Venezuela som stengt.<\/p>\n<p>USAs president har ogs\u00e5 samlet en formidabel marinestyrke utenfor Venezuelas kyst, som er stor nok til \u00e5 foreta en invasjon, skriver The Wall Street Journal i en <a rel=\"Follow nofollow noopener\" href=\"https:\/\/www.wsj.com\/opinion\/the-high-stakes-in-venezuela-08382e2d\" target=\"_blank\">lederartikkel<\/a>.<\/p>\n<p>Styrken best\u00e5r av et titall krigsskip og 15.000 soldater i regionen \u2013 deriblant verdens st\u00f8rste hangarskip \u00abUSS Gerald Ford\u00bb.<\/p>\n<p>USA har den siste tiden angrepet mer enn 20 mistenkte smuglerb\u00e5ter, og minst 80 mennesker har blitt drept i angrepene.<\/p>\n<p>Trumps begrunnelse for den massive milit\u00e6re tilstedev\u00e6relsen utenfor Venezuela, er at han kjemper en narkotikakrig mot kyniske venezuelanske narkosmuglere.<\/p>\n<p>\u00abMen du sender ikke 25 prosent av marinens utsendte skip, F-35-jagerfly og tusenvis av soldater bare for \u00e5 sprenge narkotikab\u00e5ter,\u00bb skriver The Wall Street Journal i lederartikkelen.<\/p>\n<p>Avisen skriver ogs\u00e5 at kilder i Trump-administrasjonen har \u00abhvisket til pressen at angrep p\u00e5 venezuelansk territorium kan begynne snart\u00bb.<\/p>\n<p>Utenriksdepartementet (UD) frar\u00e5der n\u00e5 alle reiser til Venezuela i sitt <a href=\"https:\/\/www.regjeringen.no\/no\/aktuelt\/skjerper-reiseadvarsel-for-venezuela\/id3141773\/?utm_source=regjeringen.no&amp;utm_medium=rss\" rel=\"Follow nofollow noopener\" target=\"_blank\">reiser\u00e5d<\/a>.<\/p>\n<p><b>Les ogs\u00e5: <a class=\"simple-relation related-teaser article--c-eRUmMG article--c-eRUmMG-fZoQSp-design-nettavisen article--c-eRUmMG-gwthdJ-cv\" href=\"https:\/\/www.nettavisen.no\/pete-hegseth-kan-vare-i-alvorlig-trobbel\/s\/5-95-2755984\" rel=\"nofollow noopener\" target=\"_blank\">\u2013 Pete Hegseth kan v\u00e6re i alvorlig tr\u00f8bbel<\/a><\/b><\/p>\n<p>\u2013 Kan komme n\u00e5r som helst<\/p>\n<p>Eksperter Nettavisen har snakket med utelukker ikke at et milit\u00e6rt angrep kan skje parallelt med at Venezuelas opposisjonspolitiker Maria Corina Muchado mottar Nobels fredspris i Oslo r\u00e5dhus onsdag 10. desember neste uke.<\/p>\n<p>\u2013 Et angrep kan skje parallelt, men jeg tror vi er langt unna en slags invasjon med bakkestyrker. Vi er n\u00e6rmere et angrep med missiler og bomber, sier r\u00e5dgiver i Civita, Eirik L\u00f8kke, til Nettavisen.<\/p>\n<p>Hilmar Mjelde, som er professor i statsvitenskap ved H\u00f8gskulen p\u00e5 Vestlandet, utelukker ikke et n\u00e6rt forest\u00e5ende angrep.<\/p>\n<p>\u2013 Et amerikansk angrep kan komme n\u00e5r som helst n\u00e5 fremover, s\u00e5 lenge det amerikanske milit\u00e6ret eller CIA er klare til det. Gitt styrkeoppbygningen, ultimatumet til Maduro og stengingen av luftrommet over Venezuela, ser det definitivt ut til at et angrep er n\u00e6rt forest\u00e5ende, sier Mjelde til Nettavisen.<\/p>\n<p>\u2013 Men jeg understreker at det ikke trenger \u00e5 skje. Vi vet ikke om Trump har bestemt seg for hva han vil gj\u00f8re her. Det virker ikke som det foreligger noen strategi her, eller at Trump ser klart for seg hva som skal skje videre, foruten at Maduro g\u00e5r av. Det har v\u00e6rt m\u00f8nsteret i hele h\u00f8st. Trump virker egentlig motvillig, sier Mjelde.<\/p>\n<p><b>Les ogs\u00e5: <a class=\"simple-relation related-teaser article--c-eRUmMG article--c-eRUmMG-fZoQSp-design-nettavisen article--c-eRUmMG-gwthdJ-cv\" href=\"https:\/\/www.nettavisen.no\/inviterer-til-folkefest-for-fredsprisvinneren-pa-radhusplassen\/s\/5-95-2756374\" rel=\"nofollow noopener\" target=\"_blank\">Inviterer til Folkefest for fredsprisvinneren p\u00e5 R\u00e5dhusplassen<\/a><\/b><\/p>\n<p>\u2013 Det er mulig bordet fanger, og at dette n\u00e5 har g\u00e5tt s\u00e5 langt at Trump m\u00e5 foreta seg noe, for ikke \u00e5 tape ansikt. Dersom Maduro forblir ved makten, ville det v\u00e6re et ydmykende nederlag for Trump. Og det godtar ikke Trump, for han er ikke en taper, understreker Mjelde.<\/p>\n<p>\u2013 Ultimatum<\/p>\n<p>Trump skal ha gitt Venezuelas president Maduro en frist til \u00e5 forlate landet innen fredag 28. november. Ultimatumet skal ha blitt gitt under en telefonsamtale 21. november, if\u00f8lge Reuters.<\/p>\n<p>\u2013 Det skulle ikke forundre meg om Trump har stilt Maduro et ultimatum. Sp\u00f8rsm\u00e5let er om han har tenkt til \u00e5 f\u00f8lge opp sitt eget ultimatum. Det er langt fra sikkert, sier L\u00f8kke.<\/p>\n<p>Maduro har ikke forlatt landet og sier at Venezuela er klare til \u00e5 forsvare seg dersom USA vurderer et mulig bakkeangrep.<\/p>\n<p>L\u00f8kke sier et eventuelt amerikansk angrep p\u00e5 Venezuela reiser en rekke vanskelige sp\u00f8rsm\u00e5l.<\/p>\n<p>\u2013 Hvordan vil et angrep virke inn p\u00e5 Maga-basen hjemme i USA? Det er ikke sikkert dette oppfattes som Amerika f\u00f8rst-politikk. Margaret Taylor Greene er blant dem som tenker dette ikke er spesielt fornuftig, sier han.<\/p>\n<p>Greene, som er en av de mest profilerte Maga-tilhengerne, har anklaget Trump for ikke \u00e5 v\u00e6re tro mot sin egen Amerika f\u00f8rst-politikk \u2013 noe som resulterte i at hun ble skj\u00f8vet ut i kulden av presidenten.<\/p>\n<p>En to uker gammel CBS\/YouGov-<a rel=\"Follow nofollow noopener\" href=\"https:\/\/truthout.org\/articles\/poll-shows-70-percent-in-us-disapprove-of-striking-venezuela-as-trump-mulls-war\/\" target=\"_blank\">m\u00e5ling<\/a> viser at 70 prosent av amerikanerne st\u00f8tter ikke et milit\u00e6rt angrep p\u00e5 Venezuela, mens 30 prosent st\u00f8tter et angrep.<\/p>\n<p>   <img decoding=\"async\" width=\"7349\" height=\"4899\" fetchpriority=\"low\"  loading=\"lazy\"  src=\"https:\/\/www.europesays.com\/no\/wp-content\/uploads\/2025\/12\/cueres_scp-nnfhnw_5N59n8fHN5w.jpg\" alt=\"Venezuelan President Nicolas Maduro speaks during a government-organized civic-military rally in Caracas, Venezuela, Tuesday, Nov. 25, 2025. (AP Photo\/Ariana Cubillos)\" class=\"brick-c-cFOWSL\" style=\"--brick-image-ratio: 7349 \/ 4899;\"\/><\/p>\n<p>      DIKTATOR: Venezuelas president Nicol\u00e1s Maduro taler under en regjeringsorganisert sivil-milit\u00e6r markering i Caracas i Venezuela forrige uke.<br \/>\n      Foto: Ariana Cubillos\n    <\/p>\n<p>\u2013 Finnes det noen oppf\u00f8lgingsplan hvis Maduro-regimet forsvinner, eller blir Venezuela overlatt til seg selv? Det er mange sp\u00f8rsm\u00e5l, og det er vanskelig \u00e5 si hva resultatet blir av denne typen milit\u00e6re intervensjoner og inngrep, sier L\u00f8kke. <\/p>\n<p>\u2013 Det kan v\u00e6re mange uforutsette konsekvenser, at man ender opp i en situasjon man absolutt ikke \u00f8nsker \u00e5 v\u00e6re i. Dette er ikke det man tenker p\u00e5 som Amerika f\u00f8rst-politikk, legger han til.<\/p>\n<p>   <img decoding=\"async\" width=\"6500\" height=\"4335\" fetchpriority=\"low\"  loading=\"lazy\"  src=\"https:\/\/www.europesays.com\/no\/wp-content\/uploads\/2025\/12\/NTB_QePkqVH2mpY.jpg\" alt=\"FILE PHOTO: U.S. President Donald Trump speaks with members of the media following a call with military service members, on Thanksgiving, in Palm Beach, Florida, U.S., November 27, 2025. REUTERS\/Anna Rose Layden\/File Photo\" class=\"brick-c-cFOWSL\" style=\"--brick-image-ratio: 6500 \/ 4335;\"\/><\/p>\n<p>      ULTIMATUM: President Donald Trump skal ha stilt Venezuelas president Nicolas Maduro et ultimatum.<br \/>\n      Foto: Anna Rose Layden\n    <\/p>\n<p>  Utenrikspolitisk seier<\/p>\n<p>Trump fikk en utenrikspolitisk seier med bombingen av iranske atomkraftverk i sommer, noe som skeptikerne advarte mot. Et regime-fall i Venezuela vil if\u00f8lge mange v\u00e6re en ny utenrikspolitisk seier for Trump.<\/p>\n<p>Dersom Maduro-regimet faller, vil Nobels fredsprisvinner Maria Corina Machado, som kommer til Oslo neste uke, v\u00e6re en mulig kandidat til \u00e5 overta etter dagens regimeleder.<\/p>\n<p>\u2013 Har Machado et apparat og kompetanse bak seg til \u00e5 overta makten hvis Maduro-regimet faller, L\u00f8kke?<\/p>\n<p>\u2013 Det er alltid en fordel med erfaring, men det kan de f\u00e5 ganske raskt. Sp\u00f8rsm\u00e5let er hvor delt Venezuela ville v\u00e6rt, og hvordan vil restene til Maduro-regimet reagere, sier han.<\/p>\n<p>Selv om de regimelojale valgmyndighetene erkl\u00e6rte Maduro som valgets vinner i fjor sommer, tyder det meste p\u00e5 at det var opposisjonens kandidat som vant valget.<\/p>\n<p>Associated Press gjennomf\u00f8rte en <a href=\"https:\/\/www.nettavisen.no\/nyheter\/venezuelas-president-over-2000-personer-er-pagrepet\/s\/5-95-1942999\" rel=\"Follow nofollow noopener\" target=\"_blank\">analyse<\/a> som viser at opposisjonens presidentkandidat Edmundo Gonz\u00e1lez fikk 6,89 millioner stemmer, mens Maduro fikk 3,13 millioner.<\/p>\n<p>Maduro-regimet nektet opposisjonsleder Machado \u00e5 stille som presidentkandidat.<\/p>\n<p><b>Les ogs\u00e5: <a class=\"simple-relation related-teaser article--c-eRUmMG article--c-eRUmMG-fZoQSp-design-nettavisen article--c-eRUmMG-gwthdJ-cv\" href=\"https:\/\/www.nettavisen.no\/en-diplomatisk-tsunami-for-maduro\/s\/5-95-2664996\" rel=\"nofollow noopener\" target=\"_blank\">\u2013 En diplomatisk tsunami for Maduro<\/a><\/b><\/p>\n<p>   <img decoding=\"async\" width=\"3224\" height=\"2149\" fetchpriority=\"low\"  loading=\"lazy\"  src=\"https:\/\/www.europesays.com\/no\/wp-content\/uploads\/2025\/12\/cueres_scp-mangler_navn_IhCZYGjZXtU.jpg\" alt=\"(FILES) Venezuelan opposition leader Maria Corina Machado gestures as she votes during the presidential election, in Caracas on July 28, 2024. Norway's foreign ministry on October 13, 2025 said Venezuela had closed its embassy in Oslo, without giving a reason, days after opposition leader Maria Corina Machado was awarded the Nobel Peace Prize. (Photo by Federico PARRA \/ AFP)\" class=\"brick-c-cFOWSL\" style=\"--brick-image-ratio: 3224 \/ 2149;\"\/><\/p>\n<p>      FREDSPRISVINNER: Venezuelas opposisjonspolitiker Maria Corina Muchado kommer til Norge neste uke for \u00e5 motta Nobels fredspris i Oslo r\u00e5dhus.<br \/>\n      Foto: FEDERICO PARRA\n    <\/p>\n<p>  \u2013 Tjent med at regimet forsvinner<\/p>\n<p>\u2013 Det er ingen tvil om at Venezuela vil v\u00e6re tjent med at Maduro-regimet forsvinner. Sp\u00f8rsm\u00e5let er om dette er den rette m\u00e5ten. Det er jeg ikke sikker p\u00e5. Maduro- og Chavez-regimet har vanstyret Venezuela. Vi snakker om en av verdens st\u00f8rste flyktningkriser. Det er ingen tvil om at Maduro er en katastrofe for Venezuela, sier L\u00f8kke.<\/p>\n<p>Nesten 7,9 millioner mennesker har flyktet fra Venezuela, if\u00f8lge <a rel=\"Follow nofollow noopener\" href=\"https:\/\/www.unhcr.org\/emergencies\/venezuela-situation?utm_source=chatgpt.com\" target=\"_blank\">oppdaterte tall<\/a> fra FNs h\u00f8ykommiss\u00e6r for flyktninger (UNHCR).<\/p>\n<p>En <a rel=\"Follow nofollow noopener\" href=\"https:\/\/casebook.icrc.org\/a_to_z\/glossary\/international-armed-conflict\" target=\"_blank\">internasjonal v\u00e6pnet konflikt<\/a> (IAC), ogs\u00e5 kalt krig, oppst\u00e5r n\u00e5r \u00e9n eller flere stater tar i bruk v\u00e6pnet makt mot en annen stat, uavhengig av \u00e5rsakene eller intensiteten i denne konfrontasjonen, if\u00f8lge Den internasjonale R\u00f8de Kors-komiteen (ICRC).<\/p>\n<p>    Vil du se neste video?<\/p>\n<p>    <a href=\"https:\/\/www.nettavisen.no\/fredrik-solvang\/jonas-gahr-store\/debatten\/fredrik-solvang-himler-av-jonas-gahr-store-men-i-alle\/v\/5-95-2751917\" class=\"recommend-poster\" data-adp-clicklabel=\"video-recommend\" data-adp-clickvalue=\"poster\" rel=\"nofollow noopener\" target=\"_blank\"><br \/>\n      <img decoding=\"async\" width=\"200\" height=\"200\" loading=\"lazy\" src=\"https:\/\/www.europesays.com\/no\/wp-content\/uploads\/2025\/11\/Solvang+bredde.jpg\" alt=\"\" class=\"brick-c-cFOWSL\" style=\"--brick-image-ratio: 200 \/ 200;\"\/><\/p>\n<p>Himler av St\u00f8re: \u2013 Men i alle\u20261:06<\/p>\n<p>    <\/a><\/p>\n<p>        Donald Trump var b\u00e5de h\u00f8yt og lavt under tirsdagens pressekonferanse. <\/p>\n","protected":false},"excerpt":{"rendered":"USAs president Donald Trump har sagt at bakkeoperasjoner mot Venezuela vil \u00abstarte veldig snart\u00bb og har angivelig gitt&hellip;\n","protected":false},"author":2,"featured_media":102614,"comment_status":"","ping_status":"","sticky":false,"template":"","format":"standard","meta":{"footnotes":""},"categories":[12],"tags":[20,21,24,25,15,22,23,13,30,28,29,14,16,26,27,42,43,44,45],"class_list":{"0":"post-102613","1":"post","2":"type-post","3":"status-publish","4":"format-standard","5":"has-post-thumbnail","7":"category-verden","8":"tag-breaking-news","9":"tag-breakingnews","10":"tag-featured-news","11":"tag-featurednews","12":"tag-headlines","13":"tag-latest-news","14":"tag-latestnews","15":"tag-news","16":"tag-no","17":"tag-norge","18":"tag-norway","19":"tag-nyheter","20":"tag-overskrifter","21":"tag-top-stories","22":"tag-topstories","23":"tag-verden","24":"tag-world","25":"tag-world-news","26":"tag-worldnews"},"share_on_mastodon":{"url":"https:\/\/pubeurope.com\/@no\/115651900018836976","error":""},"_links":{"self":[{"href":"https:\/\/www.europesays.com\/no\/wp-json\/wp\/v2\/posts\/102613","targetHints":{"allow":["GET"]}}],"collection":[{"href":"https:\/\/www.europesays.com\/no\/wp-json\/wp\/v2\/posts"}],"about":[{"href":"https:\/\/www.europesays.com\/no\/wp-json\/wp\/v2\/types\/post"}],"author":[{"embeddable":true,"href":"https:\/\/www.europesays.com\/no\/wp-json\/wp\/v2\/users\/2"}],"replies":[{"embeddable":true,"href":"https:\/\/www.europesays.com\/no\/wp-json\/wp\/v2\/comments?post=102613"}],"version-history":[{"count":0,"href":"https:\/\/www.europesays.com\/no\/wp-json\/wp\/v2\/posts\/102613\/revisions"}],"wp:featuredmedia":[{"embeddable":true,"href":"https:\/\/www.europesays.com\/no\/wp-json\/wp\/v2\/media\/102614"}],"wp:attachment":[{"href":"https:\/\/www.europesays.com\/no\/wp-json\/wp\/v2\/media?parent=102613"}],"wp:term":[{"taxonomy":"category","embeddable":true,"href":"https:\/\/www.europesays.com\/no\/wp-json\/wp\/v2\/categories?post=102613"},{"taxonomy":"post_tag","embeddable":true,"href":"https:\/\/www.europesays.com\/no\/wp-json\/wp\/v2\/tags?post=102613"}],"curies":[{"name":"wp","href":"https:\/\/api.w.org\/{rel}","templated":true}]}}