{"id":102615,"date":"2025-12-02T20:38:10","date_gmt":"2025-12-02T20:38:10","guid":{"rendered":"https:\/\/www.europesays.com\/no\/102615\/"},"modified":"2025-12-02T20:38:10","modified_gmt":"2025-12-02T20:38:10","slug":"trafikk-danmarks-plass-lange-koer-derfor-gar-det-treigt-pa-danmarks-plass","status":"publish","type":"post","link":"https:\/\/www.europesays.com\/no\/102615\/","title":{"rendered":"Trafikk, Danmarks plass | Lange k\u00f8er: Derfor g\u00e5r det treigt p\u00e5 Danmarks plass"},"content":{"rendered":"\n<p>\u2013 Der er det trafikk, ja. Det er nok n\u00e5 den f\u00f8rste tiden det kommer til \u00e5 g\u00e5 sakte, sier trafikkoperat\u00f8r i veivesenet, Andreas Rasmussen.<\/p>\n<p>Klokken 19 tirsdag kveld ble ett kj\u00f8refelt i hver retning innsnevret. Det f\u00f8rte umiddelbart til at k\u00f8ene hopet seg opp i begge retninger.<\/p>\n<p>I 1945-tiden sto k\u00f8ene helt fra Mindelokket i nordg\u00e5ende retning og fra Nyg\u00e5rdstunnelen s\u00f8rover.<\/p>\n<p>En time senere var det l\u00f8st opp s\u00f8rover.<\/p>\n<p>Planlagt veiarbeid<\/p>\n<p>\u00c5rsaken til innsnevringen, er at veivesenet jobber med \u00e5 bytte skap p\u00e5 signalanlegget i lyskrysset.<\/p>\n<p>   <img decoding=\"async\" width=\"5712\" height=\"4284\" fetchpriority=\"low\"  loading=\"lazy\"  src=\"https:\/\/www.europesays.com\/no\/wp-content\/uploads\/2025\/12\/image0.jpeg\" alt=\"\" class=\"brick-c-cFOWSL\" style=\"--brick-image-ratio: 5712 \/ 4284;\"\/><\/p>\n<p>      S\u00e5nn s\u00e5 det ut fra h\u00f8yden rundt klokken 1930.<br \/>\n      Foto: BA-tipser\n    <\/p>\n<p>F\u00f8rste runde med arbeid startet klokken mandag kveld, og varte til 0530 tirsdag morgen.<\/p>\n<p>Runde to varer gjennom denne kvelden og natten, til 0530 onsdag morgen.<\/p>\n<p>Tredje og siste runde blir fra onsdag kveld, 2130, til torsdag klokken 0530.<\/p>\n<p>Tirsdag og natt til onsdag vil bli mest kritisk for trafikken, har byggeleder Sten Ove Stenhjem i Statens vegvesen <a href=\"https:\/\/www.ba.no\/danmarks-plass-varsler-veiarbeid-i-byens-travleste-kryss\/s\/5-8-3236380\" rel=\"Follow nofollow noopener\" target=\"_blank\">tidligere uttalt til BA.<\/a><\/p>\n<p>\u2013 Skal ikke medf\u00f8re kaos<\/p>\n<p>Tirsdag kveld er gammelt anlegg blitt koblet fra og nytt anlegg kobles til i l\u00f8pet av natten.<\/p>\n<p>\u2013 Det er for \u00e5 unng\u00e5 un\u00f8dig k\u00f8 i morgenrushet p\u00e5f\u00f8lgende dag. Trafikken kan g\u00e5 noe senere enn vanlig tidlig p\u00e5 kvelden, men om arbeidet g\u00e5r som planlagt skal det ikke medf\u00f8re kaos i trafikken, er Stenhjems sp\u00e5dom.<\/p>\n<p>Byggelederen har forklart at det tekniske utstyret i krysset er gammelt, og at reservedeler er vanskelig \u00e5 finne.<\/p>\n<p>\u2013 Vi velger derfor \u00e5 skifte kritisk utstyr f\u00f8r det feiler.<\/p>\n","protected":false},"excerpt":{"rendered":"\u2013 Der er det trafikk, ja. Det er nok n\u00e5 den f\u00f8rste tiden det kommer til \u00e5 g\u00e5&hellip;\n","protected":false},"author":2,"featured_media":102616,"comment_status":"","ping_status":"","sticky":false,"template":"","format":"standard","meta":{"footnotes":""},"categories":[10],"tags":[36,20,21,12981,24,25,15,22,23,13,30,28,29,14,16,1899,1510,26,27,224,3865],"class_list":{"0":"post-102615","1":"post","2":"type-post","3":"status-publish","4":"format-standard","5":"has-post-thumbnail","7":"category-norge","8":"tag-art","9":"tag-breaking-news","10":"tag-breakingnews","11":"tag-danmarks-plass","12":"tag-featured-news","13":"tag-featurednews","14":"tag-headlines","15":"tag-latest-news","16":"tag-latestnews","17":"tag-news","18":"tag-no","19":"tag-norge","20":"tag-norway","21":"tag-nyheter","22":"tag-overskrifter","23":"tag-statens-vegvesen","24":"tag-story","25":"tag-top-stories","26":"tag-topstories","27":"tag-trafikk","28":"tag-veiarbeid"},"share_on_mastodon":{"url":"https:\/\/pubeurope.com\/@no\/115651904294245038","error":""},"_links":{"self":[{"href":"https:\/\/www.europesays.com\/no\/wp-json\/wp\/v2\/posts\/102615","targetHints":{"allow":["GET"]}}],"collection":[{"href":"https:\/\/www.europesays.com\/no\/wp-json\/wp\/v2\/posts"}],"about":[{"href":"https:\/\/www.europesays.com\/no\/wp-json\/wp\/v2\/types\/post"}],"author":[{"embeddable":true,"href":"https:\/\/www.europesays.com\/no\/wp-json\/wp\/v2\/users\/2"}],"replies":[{"embeddable":true,"href":"https:\/\/www.europesays.com\/no\/wp-json\/wp\/v2\/comments?post=102615"}],"version-history":[{"count":0,"href":"https:\/\/www.europesays.com\/no\/wp-json\/wp\/v2\/posts\/102615\/revisions"}],"wp:featuredmedia":[{"embeddable":true,"href":"https:\/\/www.europesays.com\/no\/wp-json\/wp\/v2\/media\/102616"}],"wp:attachment":[{"href":"https:\/\/www.europesays.com\/no\/wp-json\/wp\/v2\/media?parent=102615"}],"wp:term":[{"taxonomy":"category","embeddable":true,"href":"https:\/\/www.europesays.com\/no\/wp-json\/wp\/v2\/categories?post=102615"},{"taxonomy":"post_tag","embeddable":true,"href":"https:\/\/www.europesays.com\/no\/wp-json\/wp\/v2\/tags?post=102615"}],"curies":[{"name":"wp","href":"https:\/\/api.w.org\/{rel}","templated":true}]}}