{"id":102625,"date":"2025-12-02T20:48:09","date_gmt":"2025-12-02T20:48:09","guid":{"rendered":"https:\/\/www.europesays.com\/no\/102625\/"},"modified":"2025-12-02T20:48:09","modified_gmt":"2025-12-02T20:48:09","slug":"kollapset-pa-direkten","status":"publish","type":"post","link":"https:\/\/www.europesays.com\/no\/102625\/","title":{"rendered":"Kollapset p\u00e5 direkten"},"content":{"rendered":"<p>  Dramatiske bilder rett f\u00f8r England-kamp. &#8211; Hun er i gode hender, sier kollega.\u00a0<\/p>\n<p>\n    PROFIL: Laura Woods. Foto: Shutterstock\/NTB\n  <\/p>\n<p>TV-profilen Laura Woods kollapset direkte p\u00e5 lufta under<br \/>\nITV-sendingen i forbindelse med treningskampen mellom England og Ghana tirsdag kveld.<\/p>\n<p>Den 38 \u00e5r gamle programlederen hadde akkurat \u00e5pnet sendingen<br \/>\nsammen med Ian Wright og tidligere landslagsspiller Anita Asante da hun<br \/>\nplutselig falt sammen og m\u00e5tte st\u00f8ttes av de to ekspertkommentatorene, if\u00f8lge <a href=\"https:\/\/www.telegraph.co.uk\/football\/2025\/12\/02\/laura-woods-collapses-live-on-tv-before-lionesses-match\/\" rel=\"nofollow noopener\" target=\"_blank\">Telegraph<\/a>\u00a0og <a href=\"https:\/\/www.bbc.com\/sport\/football\/articles\/cd9zl5vxkxko\" rel=\"nofollow noopener\" target=\"_blank\">BBC<\/a>.\u00a0<\/p>\n<p class=\"font-weight-bold m-font-weight-bold\" data-lab-font_weight=\"font-weight-bold\">Kameraene fanget \u00f8yeblikket der Woods segnet om bak bordet<br \/>\nved sidelinja, f\u00f8r Wright raskt sjekket hvordan det sto til. Sendingen gikk<br \/>\numiddelbart over til reklame.<\/p>\n<p class=\"font-weight-normal m-font-weight-normal\" data-lab-font_weight=\"font-weight-normal\">Etter pausen opplyste ITV at Woods hadde blitt \u00abakutt syk\u00bb<br \/>\nog derfor m\u00e5tte erstattes av programleder Katie Shanahan, som allerede var p\u00e5<br \/>\nplass for sidelinjedekningen p\u00e5 St. Mary\u2019s Stadium i Southampton.<\/p>\n<p class=\"font-weight-normal m-font-weight-normal\" data-lab-font_weight=\"font-weight-normal\">&#8211; Som dere sikkert har lagt merke til, er ikke fantastiske<br \/>\nLaura Woods her. Hun har blitt syk, men hun er i veldig gode hender, s\u00e5<br \/>\njeg stepper inn p\u00e5 kort varsel, sa Shanahan da sendingen fortsatte.<\/p>\n<p>&#8211; Vi<br \/>\n\u00f8nsker henne god bedring, sa hun videre.\u00a0<\/p>\n<p>Woods regnes som en av de mest profilerte<br \/>\nfotballprogramlederne i britisk TV.\u00a0<\/p>\n","protected":false},"excerpt":{"rendered":"Dramatiske bilder rett f\u00f8r England-kamp. &#8211; Hun er i gode hender, sier kollega.\u00a0 PROFIL: Laura Woods. Foto: Shutterstock\/NTB&hellip;\n","protected":false},"author":2,"featured_media":102626,"comment_status":"","ping_status":"","sticky":false,"template":"","format":"standard","meta":{"footnotes":""},"categories":[12],"tags":[20,21,24,25,15,22,23,13,30,28,29,14,16,83,26,27,42,43,44,45],"class_list":{"0":"post-102625","1":"post","2":"type-post","3":"status-publish","4":"format-standard","5":"has-post-thumbnail","7":"category-verden","8":"tag-breaking-news","9":"tag-breakingnews","10":"tag-featured-news","11":"tag-featurednews","12":"tag-headlines","13":"tag-latest-news","14":"tag-latestnews","15":"tag-news","16":"tag-no","17":"tag-norge","18":"tag-norway","19":"tag-nyheter","20":"tag-overskrifter","21":"tag-sport","22":"tag-top-stories","23":"tag-topstories","24":"tag-verden","25":"tag-world","26":"tag-world-news","27":"tag-worldnews"},"share_on_mastodon":{"url":"https:\/\/pubeurope.com\/@no\/115651943207600283","error":""},"_links":{"self":[{"href":"https:\/\/www.europesays.com\/no\/wp-json\/wp\/v2\/posts\/102625","targetHints":{"allow":["GET"]}}],"collection":[{"href":"https:\/\/www.europesays.com\/no\/wp-json\/wp\/v2\/posts"}],"about":[{"href":"https:\/\/www.europesays.com\/no\/wp-json\/wp\/v2\/types\/post"}],"author":[{"embeddable":true,"href":"https:\/\/www.europesays.com\/no\/wp-json\/wp\/v2\/users\/2"}],"replies":[{"embeddable":true,"href":"https:\/\/www.europesays.com\/no\/wp-json\/wp\/v2\/comments?post=102625"}],"version-history":[{"count":0,"href":"https:\/\/www.europesays.com\/no\/wp-json\/wp\/v2\/posts\/102625\/revisions"}],"wp:featuredmedia":[{"embeddable":true,"href":"https:\/\/www.europesays.com\/no\/wp-json\/wp\/v2\/media\/102626"}],"wp:attachment":[{"href":"https:\/\/www.europesays.com\/no\/wp-json\/wp\/v2\/media?parent=102625"}],"wp:term":[{"taxonomy":"category","embeddable":true,"href":"https:\/\/www.europesays.com\/no\/wp-json\/wp\/v2\/categories?post=102625"},{"taxonomy":"post_tag","embeddable":true,"href":"https:\/\/www.europesays.com\/no\/wp-json\/wp\/v2\/tags?post=102625"}],"curies":[{"name":"wp","href":"https:\/\/api.w.org\/{rel}","templated":true}]}}