{"id":102627,"date":"2025-12-02T20:49:12","date_gmt":"2025-12-02T20:49:12","guid":{"rendered":"https:\/\/www.europesays.com\/no\/102627\/"},"modified":"2025-12-02T20:49:12","modified_gmt":"2025-12-02T20:49:12","slug":"tog-trafikk-og-kollektiv-togstans-pa-hovedbanen-trafikken-star-i-begge-retninger","status":"publish","type":"post","link":"https:\/\/www.europesays.com\/no\/102627\/","title":{"rendered":"Tog, Trafikk og kollektiv | Togstans p\u00e5 Hovedbanen \u2013\u00a0trafikken st\u00e5r i begge retninger"},"content":{"rendered":"\n<p>Trafikken st\u00e5r i begge retninger, opplyser pressevakt Harry Korslund i Bane Nor til <a rel=\"noopener nofollow\" href=\"https:\/\/www.nrk.no\/stor-oslo\/innstiller-alle-tog-mellom-bryn-og-lorenskog-1.17676171\" target=\"_blank\">NRK<\/a>.<\/p>\n<p>\u00c5rsaken er at det jobbes med \u00e5 rette en feil p\u00e5 Bane Nors h\u00f8yspenningsanlegg ved Haugenstua stasjon, forteller Korslund til NTB.<\/p>\n<p>Klokka 16.40 sier han at det fortsatt er for tidlig \u00e5 si noe om hvor lang tid det vil ta.<\/p>\n<p>\u2013 Det er varslet en oppdatert l\u00f8ypemelding rundt klokka 19. I mellomtida har vi flere maskiner og mannskap i sving med \u00e5 utbedre feilen, sier han. Han viser til appene fra Vy og Bane Nor for fortl\u00f8pende oppdatert informasjon.<\/p>\n<p>Halvannen time senere opplyste Bane Nor p\u00e5 sine nettsider at det kommer ny oppdatering klokka 2 natt til torsdag.<\/p>\n<p>\u2013 Bryn-L\u00f8renskog er stengt for togtrafikk. Du m\u00e5 regne med forsinkelser, og at noen tog kan bli innstilt. Dette skyldes feil p\u00e5 en kj\u00f8reledning. Bane Nor jobber med \u00e5 rette feilen, heter det i oppdateringen.<\/p>\n<p>Vy opplyser til NTB at det er 98 togavganger som har blitt rammet siden hendelsen skjedde rundt klokka 12.30 tirsdag og ut dagen.<\/p>\n<p>Alle rammede avganger er erstattet av buss fra Oslo S til L\u00f8renskog og tog derfra til Lillestr\u00f8m, if\u00f8lge kommunikasjonsr\u00e5dgiver Jorunn Wold i Vy.<\/p>\n<p>\u2013 N\u00e5 har det g\u00e5tt busser i pendel mellom Oslo S og L\u00f8renskog. Det har egentlig g\u00e5tt veldig greit, og det har ikke v\u00e6rt s\u00e5 mye venting for de reisende, tross alt, sa Wold rundt klokka 18.30.<\/p>\n<p>(\u00a9NTB)<\/p>\n<p>  <a href=\"https:\/\/www.ao.no\/5-128-1197707\" class=\"related-teaser has-image default-story-teaser article--c-eRUmMG article--c-eRUmMG-jKCPdD-design-default\" rel=\"nofollow noopener\" target=\"_blank\"><\/p>\n<p>    <img decoding=\"async\" loading=\"lazy\"  src=\"https:\/\/www.europesays.com\/no\/wp-content\/uploads\/2025\/12\/NTB_uHuqg54QgGw.jpg\" alt=\"\" class=\"brick-c-cFOWSL\" style=\"\"\/><\/p>\n<p>\n            Les ogs\u00e5<\/p>\n<p>              Betalte for reisen, men da de kom fram var det ett problem. Det ble dyrt\n        <\/p>\n<p>  <\/a><\/p>\n<p>  <a href=\"https:\/\/www.ao.no\/5-128-1204554\" class=\"related-teaser has-image default-story-teaser article--c-eRUmMG article--c-eRUmMG-jKCPdD-design-default\" rel=\"nofollow noopener\" target=\"_blank\"><\/p>\n<p>    <img decoding=\"async\" loading=\"lazy\"  src=\"https:\/\/www.europesays.com\/no\/wp-content\/uploads\/2025\/12\/IMG_0480+%281%29.jpg\" alt=\"\" class=\"brick-c-cFOWSL\" style=\"\"\/><\/p>\n<p>\n            Les ogs\u00e5<\/p>\n<p>              Reagerte sterkt p\u00e5 det som skjedde i billettkontrollen. Ett bevis gjorde henne sjansel\u00f8s i klagesaken\n        <\/p>\n<p>  <\/a><\/p>\n<p>  <a href=\"https:\/\/www.ao.no\/5-128-1199858\" class=\"related-teaser has-image default-story-teaser article--c-eRUmMG article--c-eRUmMG-jKCPdD-design-default\" rel=\"nofollow noopener\" target=\"_blank\"><\/p>\n<p>    <img decoding=\"async\" loading=\"lazy\"  src=\"https:\/\/www.europesays.com\/no\/wp-content\/uploads\/2025\/12\/Bildekollasjer+%2810%29.jpg\" alt=\"\" class=\"brick-c-cFOWSL\" style=\"\"\/><\/p>\n<p>\n            Les ogs\u00e5<\/p>\n<p>              Sperret opp \u00f8ynene etter mystisk T-banefunn: \u2013 \u00abWhat the hell?\u00bb\n        <\/p>\n<p>  <\/a><\/p>\n<p>  <a href=\"https:\/\/www.ao.no\/5-128-1200920\" class=\"related-teaser has-image default-story-teaser article--c-eRUmMG article--c-eRUmMG-jKCPdD-design-default\" rel=\"nofollow noopener\" target=\"_blank\"><\/p>\n<p>    <img decoding=\"async\" loading=\"lazy\"  src=\"https:\/\/www.europesays.com\/no\/wp-content\/uploads\/2025\/12\/BeFunky-collage+(8)_2.jpg\" alt=\"\" class=\"brick-c-cFOWSL\" style=\"\"\/><\/p>\n<p>\n            Les ogs\u00e5<\/p>\n<p>              Ikke f\u00f8rste gang dette skjer: \u2013 Trengte kun litt logisk tenking\n        <\/p>\n<p>  <\/a><\/p>\n","protected":false},"excerpt":{"rendered":"Trafikken st\u00e5r i begge retninger, opplyser pressevakt Harry Korslund i Bane Nor til NRK. \u00c5rsaken er at det&hellip;\n","protected":false},"author":2,"featured_media":102628,"comment_status":"","ping_status":"","sticky":false,"template":"","format":"standard","meta":{"footnotes":""},"categories":[10],"tags":[36,20,21,12982,24,25,15,22,23,13,30,28,29,14,16,1510,1923,26,27,284],"class_list":{"0":"post-102627","1":"post","2":"type-post","3":"status-publish","4":"format-standard","5":"has-post-thumbnail","7":"category-norge","8":"tag-art","9":"tag-breaking-news","10":"tag-breakingnews","11":"tag-bryn","12":"tag-featured-news","13":"tag-featurednews","14":"tag-headlines","15":"tag-latest-news","16":"tag-latestnews","17":"tag-news","18":"tag-no","19":"tag-norge","20":"tag-norway","21":"tag-nyheter","22":"tag-overskrifter","23":"tag-story","24":"tag-tog","25":"tag-top-stories","26":"tag-topstories","27":"tag-trafikk-og-kollektiv"},"share_on_mastodon":{"url":"https:\/\/pubeurope.com\/@no\/115651947232189845","error":""},"_links":{"self":[{"href":"https:\/\/www.europesays.com\/no\/wp-json\/wp\/v2\/posts\/102627","targetHints":{"allow":["GET"]}}],"collection":[{"href":"https:\/\/www.europesays.com\/no\/wp-json\/wp\/v2\/posts"}],"about":[{"href":"https:\/\/www.europesays.com\/no\/wp-json\/wp\/v2\/types\/post"}],"author":[{"embeddable":true,"href":"https:\/\/www.europesays.com\/no\/wp-json\/wp\/v2\/users\/2"}],"replies":[{"embeddable":true,"href":"https:\/\/www.europesays.com\/no\/wp-json\/wp\/v2\/comments?post=102627"}],"version-history":[{"count":0,"href":"https:\/\/www.europesays.com\/no\/wp-json\/wp\/v2\/posts\/102627\/revisions"}],"wp:featuredmedia":[{"embeddable":true,"href":"https:\/\/www.europesays.com\/no\/wp-json\/wp\/v2\/media\/102628"}],"wp:attachment":[{"href":"https:\/\/www.europesays.com\/no\/wp-json\/wp\/v2\/media?parent=102627"}],"wp:term":[{"taxonomy":"category","embeddable":true,"href":"https:\/\/www.europesays.com\/no\/wp-json\/wp\/v2\/categories?post=102627"},{"taxonomy":"post_tag","embeddable":true,"href":"https:\/\/www.europesays.com\/no\/wp-json\/wp\/v2\/tags?post=102627"}],"curies":[{"name":"wp","href":"https:\/\/api.w.org\/{rel}","templated":true}]}}