{"id":102635,"date":"2025-12-02T20:59:11","date_gmt":"2025-12-02T20:59:11","guid":{"rendered":"https:\/\/www.europesays.com\/no\/102635\/"},"modified":"2025-12-02T20:59:11","modified_gmt":"2025-12-02T20:59:11","slug":"liv-hanne-om-syklonen-pa-sri-lanka-rasene-gikk-rundt-oss-pa-alle-kanter-arbeidets-rett","status":"publish","type":"post","link":"https:\/\/www.europesays.com\/no\/102635\/","title":{"rendered":"Liv Hanne om syklonen p\u00e5 Sri Lanka: \u2013 Rasene gikk rundt oss p\u00e5 alle kanter &#8211; Arbeidets Rett"},"content":{"rendered":"<ol>\n<li><a href=\"https:\/\/news.google.com\/rss\/articles\/CBMirAFBVV95cUxQbHN2a21VTGZicThSTV84RlVyOGwzZjdTVDFELW1sYVlBQThTYUNFaEpGeHZCRG12b2FHMUdGbzRBRHl1U0R2NUl4WDF0SVZaRmZVTk5sSW5GcS1raS1fdGFPOW1kM0lFZnpPUUVaZG5wT0pwT29Qdlo2TTlZcmNWOHZiU3ZGc0Uta2tZa3BaMW1DZFNFNW9WclBTQk9zQ3ZCbHRERl8yOV9HOW5k?oc=5\" target=\"_blank\" rel=\"nofollow noopener\">Liv Hanne om syklonen p\u00e5 Sri Lanka: \u2013 Rasene gikk rundt oss p\u00e5 alle kanter<\/a>&nbsp;&nbsp;Arbeidets Rett<\/li>\n<li><a href=\"https:\/\/news.google.com\/rss\/articles\/CBMisAFBVV95cUxQZUFYUUhSaHhkSzFlbUlHeE5Sc1k1QWhTS3lqaEhNM281U0Z2clJ5MWFPbC1QaGcyX2s5LWx1OG16SFMwalB4WlZkczEwS1d0clg0eGpnbmtuSzBvaEFmOTFkRXVHY3pvd2xaWEdLY0hUd1dtT2ZiX0ZoRy11N0c5SjRrMG5qbGNaRm84UFVTLW9LLXRFMW5sM21Ndk9TU245VUdLX29mOG5zS09hQ25PZw?oc=5\" target=\"_blank\" rel=\"nofollow noopener\">Over tusen d\u00f8de i ekstremv\u00ear i Asia: Indonesia og Sri Lanka sender milit\u00e6re<\/a>&nbsp;&nbsp;NRK<\/li>\n<li><a href=\"https:\/\/news.google.com\/rss\/articles\/CBMitAFBVV95cUxQQXRzUEVpdzIyMTZWa0poV29pYkRCNE1pVGV0bktsUEpvMHJGdk9iUGE4ZnNVVXVoa3d5dXhIQWdMel9WbVNJUTV2OVNNYUtzY1VMcVRCY0U3SGhoNE9iQ0t2XzBwTFBQbjdGb0JPbUQ2SUtzU3pyS0ZqczVBZnZCcnZCSDY2ZVkwSmwxbm96eXlSX19mbE5uSnVhUkpPYVlWRjZ4aXhRa3E1YU1kdXBwWW9XdUU?oc=5\" target=\"_blank\" rel=\"nofollow noopener\">Over 1200 d\u00f8de i flom i S\u00f8r\u00f8st-Asia \u2013 hjelpekappl\u00f8pet er i gang<\/a>&nbsp;&nbsp;adressa.no<\/li>\n<li><a href=\"https:\/\/news.google.com\/rss\/articles\/CBMikwFBVV95cUxNcDB6cUU2UnFtREJObHRNVndVNFFtUnhtYjRDVFdvUlk3SGdUYXJDQWhzTjkwNEo0a21yRzJmazY2QWVmZkJIYkhTeHZvenItOXhUT1liUl9FNlhTTThBc3Rsd3Q5Nk9XaHVCMXUxdlFwUXp6dmJFcGk2aVhhRTREV3V0Q1BuRkxKVEJWM2ZHeF9nTDQ?oc=5\" target=\"_blank\" rel=\"nofollow noopener\">N\u00e6r 1000 d\u00f8de i voldsomme flommer i S\u00f8r\u00f8st-Asia: \u2013\u2060 Huset mitt er helt oversv\u00f8mt<\/a>&nbsp;&nbsp;VG<\/li>\n<li><a href=\"https:\/\/news.google.com\/rss\/articles\/CBMif0FVX3lxTE9Rd1FQUi12T2FWYTZ0Y2s5XzVFcENXODBqdGhGRnB3Y1JGUk5waTU1Y05taGgtdWhjbTZ1V0JtOWE5dXRCanM1X3RkTjBhb19BQS0tdkVsdmtDOTNzU0lpb183RUYyRFF3QU8wQW1JSmVJUGpydTRHRURtQ0UyZG8?oc=5\" target=\"_blank\" rel=\"nofollow noopener\">Syklon herjer: D\u00f8dstallene stiger<\/a>&nbsp;&nbsp;Dagbladet<\/li>\n<\/ol>\n","protected":false},"excerpt":{"rendered":"Liv Hanne om syklonen p\u00e5 Sri Lanka: \u2013 Rasene gikk rundt oss p\u00e5 alle kanter&nbsp;&nbsp;Arbeidets Rett Over tusen&hellip;\n","protected":false},"author":2,"featured_media":102636,"comment_status":"","ping_status":"","sticky":false,"template":"","format":"standard","meta":{"footnotes":""},"categories":[12],"tags":[20,21,24,25,15,22,23,13,30,28,29,14,16,26,27,42,43,44,45],"class_list":{"0":"post-102635","1":"post","2":"type-post","3":"status-publish","4":"format-standard","5":"has-post-thumbnail","7":"category-verden","8":"tag-breaking-news","9":"tag-breakingnews","10":"tag-featured-news","11":"tag-featurednews","12":"tag-headlines","13":"tag-latest-news","14":"tag-latestnews","15":"tag-news","16":"tag-no","17":"tag-norge","18":"tag-norway","19":"tag-nyheter","20":"tag-overskrifter","21":"tag-top-stories","22":"tag-topstories","23":"tag-verden","24":"tag-world","25":"tag-world-news","26":"tag-worldnews"},"share_on_mastodon":{"url":"https:\/\/pubeurope.com\/@no\/115651986402600999","error":""},"_links":{"self":[{"href":"https:\/\/www.europesays.com\/no\/wp-json\/wp\/v2\/posts\/102635","targetHints":{"allow":["GET"]}}],"collection":[{"href":"https:\/\/www.europesays.com\/no\/wp-json\/wp\/v2\/posts"}],"about":[{"href":"https:\/\/www.europesays.com\/no\/wp-json\/wp\/v2\/types\/post"}],"author":[{"embeddable":true,"href":"https:\/\/www.europesays.com\/no\/wp-json\/wp\/v2\/users\/2"}],"replies":[{"embeddable":true,"href":"https:\/\/www.europesays.com\/no\/wp-json\/wp\/v2\/comments?post=102635"}],"version-history":[{"count":0,"href":"https:\/\/www.europesays.com\/no\/wp-json\/wp\/v2\/posts\/102635\/revisions"}],"wp:featuredmedia":[{"embeddable":true,"href":"https:\/\/www.europesays.com\/no\/wp-json\/wp\/v2\/media\/102636"}],"wp:attachment":[{"href":"https:\/\/www.europesays.com\/no\/wp-json\/wp\/v2\/media?parent=102635"}],"wp:term":[{"taxonomy":"category","embeddable":true,"href":"https:\/\/www.europesays.com\/no\/wp-json\/wp\/v2\/categories?post=102635"},{"taxonomy":"post_tag","embeddable":true,"href":"https:\/\/www.europesays.com\/no\/wp-json\/wp\/v2\/tags?post=102635"}],"curies":[{"name":"wp","href":"https:\/\/api.w.org\/{rel}","templated":true}]}}