{"id":102639,"date":"2025-12-02T21:02:10","date_gmt":"2025-12-02T21:02:10","guid":{"rendered":"https:\/\/www.europesays.com\/no\/102639\/"},"modified":"2025-12-02T21:02:10","modified_gmt":"2025-12-02T21:02:10","slug":"elverum-handball-handball-elverum-handball-sikret-seg-et-historisk-avansement-i-european-league-med-seier-mot-fram-hjemme-i-terningen-arena","status":"publish","type":"post","link":"https:\/\/www.europesays.com\/no\/102639\/","title":{"rendered":"Elverum H\u00e5ndball, H\u00e5ndball | Elverum H\u00e5ndball sikret seg et historisk avansement i European League med seier mot Fram hjemme i Terningen Arena"},"content":{"rendered":"\n<p>Tirsdag falt avgj\u00f8relsen.<\/p>\n<p>Med seier hjemme mot islandske Fram ville Elverum langt p\u00e5 veg sikre avansement fra gruppespillet i European League, for aller f\u00f8rste gang i klubbens historie.<\/p>\n<p>Kun ved to helt spesifikke resultater mellom Kriens-Luzern og Porto var Elverum ute av turneringen.<\/p>\n<p>  <a href=\"https:\/\/www.ostlendingen.no\/80-69-148861\" class=\"related-teaser has-image default-story-teaser article--c-eRUmMG article--c-eRUmMG-jKCPdD-design-default\" rel=\"nofollow noopener\" target=\"_blank\"><\/p>\n<p>    <img decoding=\"async\" loading=\"lazy\"  src=\"https:\/\/www.europesays.com\/no\/wp-content\/uploads\/2025\/12\/image_5DC6D18B-C7FF-4734-B5EF-7AA96B18DE20_1764099404.jpeg\" alt=\"\" class=\"brick-c-cFOWSL\" style=\"\"\/><\/p>\n<p>\n            Les ogs\u00e5<\/p>\n<p>              S\u00e5nn blir Elverum historiske\n        <\/p>\n<p>  <\/a><\/p>\n<p>Men i l\u00f8pet av bare noen f\u00e5 minutter var det sv\u00e6rt tydelig at i hvert fall ikke Elverum hadde planer om \u00e5 g\u00e5 p\u00e5 noe bananskall.<\/p>\n<p>\u2013 Det var veldig g\u00f8y! Spesielt siden vi starta sesongen med et tungt hjemmetap mot Kriens f\u00f8r vi fikk en p\u00e5 nesa hjemme mot Porto, sier Sondre Gjerdalen etter det som ble en storseier mot Fram.<\/p>\n<p>\u2013 Det s\u00e5 m\u00f8rkt ut, s\u00e5 at vi n\u00e5 har klart \u00e5 ta oss videre til mellomspillet med to poeng er vanvittig sterkt og sier mye om den gruppa her.<\/p>\n<p>Akkurat hvem som venter er ikke sikkert i skrivende stund, men Gjerdalen er klar uansett hvem som st\u00e5r p\u00e5 motsatt banehalvdel.<\/p>\n<p>\u2013 Det er dritkult. N\u00e5 f\u00e5r vi fire ordentlig fete kamper mot lag Kevin Gulliksen mener vi har sjans mot. S\u00e5 da f\u00e5r vi bare stole p\u00e5 han, ler hamarsingen.<\/p>\n<p>Dr\u00f8mmestart<\/p>\n<p>Med en odds helt nede i 1.01 hos Norsk Tipping ville alt annet enn seier for Elverum v\u00e6re et gigantisk sjokk.<\/p>\n<p>Islendingene har v\u00e6rt en kasteball gjennom hele gruppespillet, og sto uten seier f\u00f8r tirsdagens kamp i Terningen Arena.<\/p>\n<p>Ikke at det endret noe p\u00e5 den statistikken.<\/p>\n<p>Kun fem minutter tok det f\u00f8r Elverum var foran 4\u20130 og hadde gitt seg selv et perfekt utgangspunkt mot et langt svakere Fram.<\/p>\n<p>Og selv om laget fra Reykjavik ga det et \u00e6rlig fors\u00f8k de neste fem minuttene, var det omtrent alt de hadde \u00e5 by p\u00e5 den f\u00f8rste halvtimen.<\/p>\n<p>Holdt lekestue<\/p>\n<p>For det var ingenting \u00e5 si p\u00e5 innstillingen til dette Elverum-laget, som fortsatte \u00e5 kj\u00f8re p\u00e5 mot et stadig mer usikkert Fram.<\/p>\n<p>Med Sondre Gjerdalen, Kevin Gulliksen og Benjamin Berg i spissen gjorde Elverum rett og slett kort prosess p\u00e5 islendingene i den f\u00f8rste omgangen.<\/p>\n<p>\u2013 Bortebane har jo v\u00e6rt v\u00e5r bane i Europa, s\u00e5 det var godt \u00e5 vise at vi ogs\u00e5 f\u00e5r det til hjemme, gliser Gjerdalen etter \u00e5rets f\u00f8rste hjemmeseier i Europa.<\/p>\n<p>Da Porto ogs\u00e5 gjorde det samme mot Kriens i Sveits, var avansementet til hovedrunden s\u00e5 godt som sikret \u2013 f\u00f8r 2. omgang i det hele tatt var kastet i gang.<\/p>\n<p>Med 23\u201311 til pause i Elverum og 10\u201321 fordel Porto i Luzern m\u00e5tte det mer enn mirakler til for at dette skulle ryke.<\/p>\n<p>   <img decoding=\"async\" width=\"6016\" height=\"4016\" fetchpriority=\"low\"  loading=\"lazy\"  src=\"https:\/\/www.europesays.com\/no\/wp-content\/uploads\/2025\/12\/20251202_Elverum_Fram_+%289%29.JPG\" alt=\"\" class=\"brick-c-cFOWSL\" style=\"--brick-image-ratio: 6016 \/ 4016;\"\/><\/p>\n<p>      LEVERTE VARENE: Richard Frisk leverte nok en god kamp for Elverum, og endte med 13 redninger og en redningsprosent p\u00e5 36.<br \/>\n      Foto: Magnus Stenseth\n    <\/p>\n<p>  Total overkj\u00f8ring<\/p>\n<p>Ikke engang for den mest hardbarka pessimist var det mulig \u00e5 tro at noe annet enn avansement ville bli realiteten for Elverum denne tirsdagen.<\/p>\n<p>Og da den andre omgangen fortsatte i akkurat den samme takta som de f\u00f8rste 30 minuttene, kunne hele Terningen Arena bare nyte det som var igjen av oppgj\u00f8ret.<\/p>\n<p>For p\u00e5 samme m\u00e5te som vi har sett flere ganger denne sesongen, s\u00e5 er dette en versjon av Elverum med en enorm evne til \u00e5 bare fortsette \u00e5 male p\u00e5, selv om man leder solid.<\/p>\n<p>Det samme s\u00e5 man blant annet mot Sandefjord i slutten av oktober, da hvittr\u00f8yene ikke ga seg f\u00f8r det sto 15\u201343 p\u00e5 tavla.<\/p>\n<p>Historisk avansement<\/p>\n<p>Like ekstremt ble det ikke tirsdag kveld, men 38\u201324 mot europeisk motstand lar seg h\u00f8re uansett.<\/p>\n<p>Med seieren sikret Elverum alts\u00e5 et historisk avansement i den nest gjeveste europacupen, og f\u00e5r med det minst fire kamper til i European League p\u00e5 ny\u00e5ret.<\/p>\n<p>\u2013 Det er vanskelig \u00e5 si akkurat hva det er med denne gruppa som gj\u00f8r at vi har blitt bedre, men vi har f\u00e5tt en mye mer offensiv innstilling, mener Gjerdalen.<\/p>\n<p>\u2013 Vi har funnet identiteten v\u00e5r og vist det vi har visst hele tiden; vi er et j\u00e6vla godt h\u00e5ndballag med mange gode spillere. Det var bare det \u00e5 f\u00e5 sydd sammen kollektivet, som er det viktigste i Elverum. Da ser vi j\u00e6vla gode ut.<\/p>\n<p>Akkurat hvem Elverum og Porto m\u00f8ter i mellomrunden avgj\u00f8res senere tirsdag kveld, men i skrivende stund ser det ut til at spanske Granollers sl\u00e5r f\u00f8lge med danske Skanderborg til hovedrunden fra gruppe C.<\/p>\n","protected":false},"excerpt":{"rendered":"Tirsdag falt avgj\u00f8relsen. Med seier hjemme mot islandske Fram ville Elverum langt p\u00e5 veg sikre avansement fra gruppespillet&hellip;\n","protected":false},"author":2,"featured_media":102640,"comment_status":"","ping_status":"","sticky":false,"template":"","format":"standard","meta":{"footnotes":""},"categories":[59],"tags":[36,1070,2062,105,30,28,29,83,82,1510],"class_list":{"0":"post-102639","1":"post","2":"type-post","3":"status-publish","4":"format-standard","5":"has-post-thumbnail","7":"category-sport","8":"tag-art","9":"tag-elverum","10":"tag-elverum-handball","11":"tag-handball","12":"tag-no","13":"tag-norge","14":"tag-norway","15":"tag-sport","16":"tag-sports","17":"tag-story"},"share_on_mastodon":{"url":"https:\/\/pubeurope.com\/@no\/115651998444684960","error":""},"_links":{"self":[{"href":"https:\/\/www.europesays.com\/no\/wp-json\/wp\/v2\/posts\/102639","targetHints":{"allow":["GET"]}}],"collection":[{"href":"https:\/\/www.europesays.com\/no\/wp-json\/wp\/v2\/posts"}],"about":[{"href":"https:\/\/www.europesays.com\/no\/wp-json\/wp\/v2\/types\/post"}],"author":[{"embeddable":true,"href":"https:\/\/www.europesays.com\/no\/wp-json\/wp\/v2\/users\/2"}],"replies":[{"embeddable":true,"href":"https:\/\/www.europesays.com\/no\/wp-json\/wp\/v2\/comments?post=102639"}],"version-history":[{"count":0,"href":"https:\/\/www.europesays.com\/no\/wp-json\/wp\/v2\/posts\/102639\/revisions"}],"wp:featuredmedia":[{"embeddable":true,"href":"https:\/\/www.europesays.com\/no\/wp-json\/wp\/v2\/media\/102640"}],"wp:attachment":[{"href":"https:\/\/www.europesays.com\/no\/wp-json\/wp\/v2\/media?parent=102639"}],"wp:term":[{"taxonomy":"category","embeddable":true,"href":"https:\/\/www.europesays.com\/no\/wp-json\/wp\/v2\/categories?post=102639"},{"taxonomy":"post_tag","embeddable":true,"href":"https:\/\/www.europesays.com\/no\/wp-json\/wp\/v2\/tags?post=102639"}],"curies":[{"name":"wp","href":"https:\/\/api.w.org\/{rel}","templated":true}]}}