{"id":102641,"date":"2025-12-02T21:03:15","date_gmt":"2025-12-02T21:03:15","guid":{"rendered":"https:\/\/www.europesays.com\/no\/102641\/"},"modified":"2025-12-02T21:03:15","modified_gmt":"2025-12-02T21:03:15","slug":"harry-potter-stjernene-gjenforent-etter-14-ar-se-de-nye-bildene","status":"publish","type":"post","link":"https:\/\/www.europesays.com\/no\/102641\/","title":{"rendered":"Harry Potter-stjernene gjenforent etter 14 \u00e5r: Se de nye bildene"},"content":{"rendered":"<p>  Barna forsikret Inger (91) om at hun var trygg p\u00e5 institusjonen. N\u00e5 g\u00e5r de hardt ut mot Arendal kommune.<\/p>\n<p>\n    VIL ADVARE: S\u00f8sknene (f.v.) Monica M. Aanonsen, Nina \u00d8ynes (bak), Linda M. Hansen og John Mihaila \u00f8nsker \u00e5 hindre at andre pasienter opplever det samme som dem og deres mor. Foto: J\u00f8rn H. Moen\n  <\/p>\n<p>    Kort fortalt<\/p>\n<ul lang=\"nb-NO\" class=\"align-left mobile_text_align_align-left\" data-lab-text_align=\"left\">\n<li>Inger Liv Mihaila (91) d\u00f8de ei uke etter en voldshendelse p\u00e5 en institusjon i Arendal.<\/li>\n<li>Familien kritiserer kommunen for manglende oppf\u00f8lging og kommunikasjon, noe de mener satte Ingers helse i fare.<\/li>\n<li>En annen beboer er siktet for kroppskrenkelse etter hendelsen.<\/li>\n<\/ul>\n<p class=\"italic ai-disclaimer\" data-lab-italic=\"italic\">Sammendraget er laget av ChatGPT og godkjent av Dagbladet.<\/p>\n<p>      Vis mer<br \/>\n      Vis mindre<\/p>\n<p> ARENDAL \/ OSLO (Dagbladet): I huset som tilh\u00f8rte Inger Liv Mihaila (91) st\u00e5r kaffekannene klare.<\/p>\n<p>Ingers barn &#8211; Linda M. Hansen, Nina \u00d8ynes, John Mihaila og Monica M. Aanonsen &#8211; har invitert til pressekonferanse for \u00e5 fortelle om hendelsen de hevder f\u00f8rte til moras bortgang.<\/p>\n<p>          <img loading=\"lazy\" decoding=\"async\" src=\"https:\/\/www.europesays.com\/no\/wp-content\/uploads\/2025\/12\/83929227.webp\" width=\"980\" height=\"559\" title=\"ANNERLEDES KAFFEBES\u00d8K: Sammen med flere andre journalister sitter Dagbladets reportere hjemme hos familien Mihailas barndomshjem. Foto: J\u00f8rn H. Moen\" alt=\"\" class=\"\" style=\"--aspect-ratio-image: 1.75; \"\/><\/p>\n<p>\n          ANNERLEDES KAFFEBES\u00d8K: Sammen med flere andre journalister sitter Dagbladets reportere hjemme hos familien Mihailas barndomshjem. Foto: J\u00f8rn H. Moen\n      <\/p>\n<p class=\"font-weight-bold m-font-weight-bold\" data-lab-font_weight=\"font-weight-bold\">I august kunne ikke Inger lenger bo hjemme, og hun ble flyttet til en kommunal institusjon i Arendal.\u00a0<\/p>\n<p>Det var ikke enkelt, verken for Inger eller familien.<\/p>\n<p class=\"font-weight-normal m-font-weight-normal\" data-lab-font_weight=\"font-weight-normal\">I midten av oktober rykket politiet ut til institusjonen, etter melding om en hendelse mellom to beboere. Inger ble utsatt for en voldshendelse, og ei uke seinere d\u00f8de hun p\u00e5 sykehuset.<\/p>\n<p>          <img loading=\"lazy\" decoding=\"async\" src=\"https:\/\/www.europesays.com\/no\/wp-content\/uploads\/2025\/12\/83929214.webp\" width=\"686\" height=\"652\" title=\"SPREK: Familien forteller at Inger var sprek. Bildet er tatt i sommer, kort tid f\u00f8r innleggelsen. Foto: Privat\" alt=\"\" class=\"\" style=\"--aspect-ratio-image: 1.05; \"\/><\/p>\n<p>\n          SPREK: Familien forteller at Inger var sprek. Bildet er tatt i sommer, kort tid f\u00f8r innleggelsen. Foto: Privat\n      <\/p>\n<p> En annen beboer i 50-\u00e5ra er siktet for kroppskrenkelse etter hendelsen. <\/p>\n<p>&#8211; Vi \u00f8nsker \u00e5 sende ut et varsko, fordi vi mener at det vi har opplevd ikke b\u00f8r forbig\u00e5s i stillhet, sier Hansen i sin \u00e5pning av pressekonferansen.<\/p>\n<p class=\"italic m-italic\" data-lab-italic=\"italic\">Les kommunens tilsvar lenger nede i saken.<\/p>\n<p>        Skuespiller Jorunn Kjellsby, kjent fra blant annet filmen \u00abEn ganske snill mann\u00bb, er d\u00f8d. Hun ble 81 \u00e5r gammel. Video: NTB Scanpix<\/p>\n<p>&#8211; Hun var redd<\/p>\n<p>Hjemme f\u00f8lte Inger seg trygg. P\u00e5 institusjonen var situasjonen derimot en annen, forteller Hansen.<\/p>\n<p class=\"font-weight-bold m-font-weight-bold\" data-lab-font_weight=\"font-weight-bold\">I uka f\u00f8r voldshendelsen fortalte Inger at hun fikk u\u00f8nsket bes\u00f8k p\u00e5 rommet sitt, og at hun hadde gjemt seg under bordet p\u00e5 natta.<\/p>\n<p>&#8211; Vi sa jo til mamma at hun var trygg, at her p\u00e5 institusjonen ville de passe p\u00e5 henne, legger datteren til.<\/p>\n<p>          <img loading=\"lazy\" decoding=\"async\" src=\"https:\/\/www.europesays.com\/no\/wp-content\/uploads\/2025\/12\/83929230.webp\" width=\"980\" height=\"559\" title=\"KRITISK: Familien mener at kommunens behandling av deres mor har satt hennes liv og helse i fare. Foto: J\u00f8rn H. Moen\" alt=\"\" class=\"\" style=\"--aspect-ratio-image: 1.75; \"\/><\/p>\n<p>\n          KRITISK: Familien mener at kommunens behandling av deres mor har satt hennes liv og helse i fare. Foto: J\u00f8rn H. Moen\n      <\/p>\n<p>&#8211; Det er t\u00f8ft. Man bebreider seg selv, selv om det ikke er fornuftig. Fordi vi forsikra henne om at hun var trygg.<\/p>\n<p>De fire s\u00f8sknene beskriver Inger som familiekj\u00e6r, sprek, omsorgsfull og kunstnerisk.<\/p>\n<p>          <img loading=\"lazy\" decoding=\"async\" src=\"https:\/\/www.europesays.com\/no\/wp-content\/uploads\/2025\/12\/83929217.webp\" width=\"980\" height=\"559\" title=\"EKTEPAR: Inger og hennes avd\u00f8de ektemann Willy. Foto: Privat\" alt=\"\" class=\"\" style=\"--aspect-ratio-image: 1.75; \"\/><\/p>\n<p>\n          EKTEPAR: Inger og hennes avd\u00f8de ektemann Willy. Foto: Privat\n      <\/p>\n<p>&#8211; Hun har alltid tatt imot alle barn, barnebarn og oldebarn med \u00e5pne armer, sier Hansen.<\/p>\n<p>De \u00f8nsket \u00e5 holde pressekonferanse i Ingers hjem &#8211; deres eget barndomshjem &#8211; for \u00e5 gi et bilde av hvem Inger var, og hvor viktig hjemmet hennes var for henne.<\/p>\n<p>          <img loading=\"lazy\" decoding=\"async\" src=\"https:\/\/www.europesays.com\/no\/wp-content\/uploads\/2025\/12\/83929232.webp\" width=\"686\" height=\"714\" title=\"FAMILIEN MIHAILA: Stueveggen er fullt med familiebilder, dette er av ekteparet Inger og Willy, og deres fire barn. Foto: Privat\" alt=\"\" class=\"\" style=\"--aspect-ratio-image: 0.96; \"\/><\/p>\n<p>\n          FAMILIEN MIHAILA: Stueveggen er fullt med familiebilder, dette er av ekteparet Inger og Willy, og deres fire barn. Foto: Privat\n      <\/p>\n<p>Kritiserer kommunen<\/p>\n<p class=\"font-weight-normal m-font-weight-normal\" data-lab-font_weight=\"font-weight-normal\">De p\u00e5r\u00f8rende mener at kommunens manglende individuelle oppf\u00f8lging har satt morens helse og liv i fare.<\/p>\n<p class=\"font-weight-bold m-font-weight-bold\" data-lab-font_weight=\"font-weight-bold\">&#8211; Vi synes det er underlig at to pasienter, som begge trenger hjelp, ender opp som siktet og som d\u00f8d, legger Hansen til.<\/p>\n<p>For ordens skyld: Den siktede pasienten det henvises til, er siktet for kroppskrenkelse.\u00a0<\/p>\n<p>De kritiserer ogs\u00e5 kommunen for det de opplever som manglende samarbeidsvilje og kommunikasjon.<\/p>\n<p>          <img loading=\"lazy\" decoding=\"async\" src=\"https:\/\/www.europesays.com\/no\/wp-content\/uploads\/2025\/12\/83929274.webp\" width=\"980\" height=\"559\" title=\"FAMILIEKJ\u00c6R: Inger hadde alltid tid til barn, barnebarn og oldebarn, forteller familien. Foto: Privat\" alt=\"\" class=\"\" style=\"--aspect-ratio-image: 1.75; \"\/><\/p>\n<p>\n          FAMILIEKJ\u00c6R: Inger hadde alltid tid til barn, barnebarn og oldebarn, forteller familien. Foto: Privat\n      <\/p>\n<p>Dagbladet har framlagt kritikken til kommunedirekt\u00f8r i Arendal, B\u00f8rge Toft.<\/p>\n<p>Han understreker at han ikke kan kommentere enkelthendelser, men mener p\u00e5 generelt grunnlag at det er god kommunikasjon mellom institusjoner og p\u00e5r\u00f8rende i kommunen.<\/p>\n<p class=\"font-weight-bold m-font-weight-bold\" data-lab-font_weight=\"font-weight-bold\">&#8211; Likevel \u00f8nsker vi hele tiden \u00e5 l\u00e6re og bli bedre, og jeg tar med meg det familien sier videre, fortsetter han.<\/p>\n<p>          <img loading=\"lazy\" decoding=\"async\" src=\"https:\/\/www.europesays.com\/no\/wp-content\/uploads\/2025\/12\/83929289.webp\" width=\"980\" height=\"559\" title=\"SVARER: B\u00f8rge Toft mener at de har god kommunikasjon med alle pasienters p\u00e5r\u00f8rende i kommunen. Foto: J\u00f8rn H. Moen\" alt=\"\" class=\"\" style=\"--aspect-ratio-image: 1.75; \"\/><\/p>\n<p>\n          SVARER: B\u00f8rge Toft mener at de har god kommunikasjon med alle pasienters p\u00e5r\u00f8rende i kommunen. Foto: J\u00f8rn H. Moen\n      <\/p>\n<p>Toft forklarer at det er en fortl\u00f8pende vurdering hvilken pleie pasienter p\u00e5 institusjoner i kommunen trenger.<\/p>\n<p> &#8211; Akkurat n\u00e5 er vi mest opptatt av \u00e5 vise omsorg og hjelpe til i forhold til de p\u00e5r\u00f8rende som mistet mora si p\u00e5 tragisk vis. Det er jo dypt beklagelig og det synes jeg er utrolig trist.<\/p>\n<p>    <a itemprop=\"url\" href=\"https:\/\/www.dagbladet.no\/meninger\/fotoforbud-ingen-losning\/83927391\" rel=\"nofollow noopener\" target=\"_blank\"><\/p>\n<p>      <img loading=\"lazy\" decoding=\"async\" src=\"https:\/\/www.europesays.com\/no\/wp-content\/uploads\/2025\/12\/83895177.webp\" width=\"980\" height=\"441\" title=\"Fotoforbud ingen l\u00f8sning\" alt=\"\" class=\"lazyload\" style=\"--aspect-ratio-image: 2.22; \"\/><\/p>\n<p>        Fotoforbud ingen l\u00f8sning<\/p>\n<p>    <\/a><\/p>\n<p>Venter p\u00e5 obduksjonsrapport<\/p>\n<p>I en epost til Dagbladet forteller p\u00e5taleansvarlig Unni Guldberg at politiet har gjennomf\u00f8rt flere etterforskningsskritt i forbindelse med saken, og venter n\u00e5 p\u00e5 obduksjonsrapporten.<\/p>\n<p class=\"font-weight-bold m-font-weight-bold\" data-lab-font_weight=\"font-weight-bold\">&#8211; Det ble gjennomf\u00f8rt rettsmedisinsk likunders\u00f8kelse av forn\u00e6rmede. Politiet avventer resultatet av denne, skriver p\u00e5taleansvarlig Unni Guldberg i en epost til Dagbladet.<\/p>\n<p>Dagbladet har ogs\u00e5 v\u00e6rt i kontakt med siktedes forsvarer, advokat Ole Joakim Devold:<\/p>\n<p>&#8211; P\u00e5 grunn av tilstanden hans har jeg forel\u00f8pig ikke v\u00e6rt i kontakt med ham. Han har heller ikke v\u00e6rt i politiavh\u00f8r enn\u00e5, og har derfor ikke tatt stilling til straffskyld.<\/p>\n<p>    <a itemprop=\"url\" href=\"https:\/\/www.dagbladet.no\/kjendis\/kreftfri-i-sju-maneder-ny-diagnose\/83928218\" rel=\"nofollow noopener\" target=\"_blank\"><\/p>\n<p>      <img loading=\"lazy\" decoding=\"async\" src=\"https:\/\/www.europesays.com\/no\/wp-content\/uploads\/2025\/12\/83928611.webp\" width=\"980\" height=\"441\" title=\"Kreftfri i sju m\u00e5neder: Ny diagnose\" alt=\"\" class=\"lazyload\" style=\"--aspect-ratio-image: 2.22; \"\/><\/p>\n<p>        Kreftfri i sju m\u00e5neder: Ny diagnose<\/p>\n<p>    <\/a><\/p>\n","protected":false},"excerpt":{"rendered":"Barna forsikret Inger (91) om at hun var trygg p\u00e5 institusjonen. N\u00e5 g\u00e5r de hardt ut mot Arendal&hellip;\n","protected":false},"author":2,"featured_media":102642,"comment_status":"","ping_status":"","sticky":false,"template":"","format":"standard","meta":{"footnotes":""},"categories":[58],"tags":[7071,71,3842,479,30,28,29,12983,72],"class_list":{"0":"post-102641","1":"post","2":"type-post","3":"status-publish","4":"format-standard","5":"has-post-thumbnail","7":"category-underholdning","8":"tag-daniel-radcliffe","9":"tag-entertainment","10":"tag-harry-potter","11":"tag-kjendis","12":"tag-no","13":"tag-norge","14":"tag-norway","15":"tag-tom-felton","16":"tag-underholdning"},"share_on_mastodon":{"url":"https:\/\/pubeurope.com\/@no\/115652002098648972","error":""},"_links":{"self":[{"href":"https:\/\/www.europesays.com\/no\/wp-json\/wp\/v2\/posts\/102641","targetHints":{"allow":["GET"]}}],"collection":[{"href":"https:\/\/www.europesays.com\/no\/wp-json\/wp\/v2\/posts"}],"about":[{"href":"https:\/\/www.europesays.com\/no\/wp-json\/wp\/v2\/types\/post"}],"author":[{"embeddable":true,"href":"https:\/\/www.europesays.com\/no\/wp-json\/wp\/v2\/users\/2"}],"replies":[{"embeddable":true,"href":"https:\/\/www.europesays.com\/no\/wp-json\/wp\/v2\/comments?post=102641"}],"version-history":[{"count":0,"href":"https:\/\/www.europesays.com\/no\/wp-json\/wp\/v2\/posts\/102641\/revisions"}],"wp:featuredmedia":[{"embeddable":true,"href":"https:\/\/www.europesays.com\/no\/wp-json\/wp\/v2\/media\/102642"}],"wp:attachment":[{"href":"https:\/\/www.europesays.com\/no\/wp-json\/wp\/v2\/media?parent=102641"}],"wp:term":[{"taxonomy":"category","embeddable":true,"href":"https:\/\/www.europesays.com\/no\/wp-json\/wp\/v2\/categories?post=102641"},{"taxonomy":"post_tag","embeddable":true,"href":"https:\/\/www.europesays.com\/no\/wp-json\/wp\/v2\/tags?post=102641"}],"curies":[{"name":"wp","href":"https:\/\/api.w.org\/{rel}","templated":true}]}}