{"id":102643,"date":"2025-12-02T21:09:22","date_gmt":"2025-12-02T21:09:22","guid":{"rendered":"https:\/\/www.europesays.com\/no\/102643\/"},"modified":"2025-12-02T21:09:22","modified_gmt":"2025-12-02T21:09:22","slug":"havila-kystruten-satsar-pa-biogass-pa-skip-men-meiner-rammevilkara-er-for-darlege-nrk-more-og-romsdal-lokale-nyheter-tv-og-radio","status":"publish","type":"post","link":"https:\/\/www.europesays.com\/no\/102643\/","title":{"rendered":"Havila Kystruten satsar p\u00e5 biogass p\u00e5 skip men meiner rammevilk\u00e5ra er for d\u00e5rlege \u2013 NRK M\u00f8re og Romsdal \u2013 Lokale nyheter, TV og radio"},"content":{"rendered":"<p>\u2013 Det er sirkul\u00e6r\u00f8konomi, at vi brukarar det avfallet langs norskekysten, fr\u00e5 jordbruk, dyrehald, fiskeavfall eller matavfall, seier Bent Martini, administrerande direkt\u00f8r i Havila Kystruten.<\/p>\n<p><strong>Med 200 kubikk flytande biogass p\u00e5 tanken kunne turist- og frakteskipet Havila Polaris legge ut p\u00e5 ei historisk seglas. Dette skal kutte CO\u2082-utsleppa med 90 prosent.<\/strong><\/p>\n<p>\u2013 Vi har investert over 500 millionar kroner meir enn det vi eigentleg trong p\u00e5 desse skipa. For \u00e5 gjennomf\u00f8re det vi gjer i dag, og ikkje minst kunne ta det end\u00e5 vidare dei neste \u00e5ra, seier Martini.<\/p>\n<p><img decoding=\"async\"   src=\"data:image\/gif;base64,R0lGODlhAQABAIAAAAAAAP\/\/\/yH5BAEAAAAALAAAAAABAAEAAAIBRAA7\" loading=\"eager\" alt=\"Bent Martini, administrerende direkt\u00f8r i Havila Kystruten\" title=\"Foto: Hans-Olav Landsverk \/ NRK\"\/><\/p>\n<p class=\"\">Bent Martini, administrerande direkt\u00f8r i Havila Kystruten, er stolt over satsinga p\u00e5 biogass.<\/p>\n<p>Foto: Hans-Olav Landsverk \/ NRK<\/p>\n<p>Kva er biogass?<\/p>\n<p>Biogass blir danna n\u00e5r organisk materiale, som gj\u00f8dsel, matavfall, plantarestar, avl\u00f8psvatn og anna, blir brote ned av mikroorganismar i oksygenfritt milj\u00f8. Biogass best\u00e5r i hovudsak av metan. Ved forbrenning blir CO2 danna og vatn. Sidan r\u00e5stoffet kjem fr\u00e5 biologisk materiale blir forbrenninga rekna som CO2-n\u00f8ytral d\u00e5 denne g\u00e5r inn i det naturlege CO2-krinsl\u00f8pet.<\/p>\n<p>Biogass kan utnyttast til \u00e5 produsere straum, varme og drivstoff. Dei viktigaste r\u00e5stoffa (substrata) for biogassproduksjon er:<\/p>\n<ul>\n<li>v\u00e5torganisk avfall<\/li>\n<li>avl\u00f8psslam<\/li>\n<li>fiskeslam<\/li>\n<li>husdyrgj\u00f8dsel<\/li>\n<li>anna organisk materiale<\/li>\n<\/ul>\n<p>Gassutbyttet er ofte betre n\u00e5r ein kombinerer ulike r\u00e5stoff.<\/p>\n<p>Husdyrgj\u00f8dsel og avl\u00f8psslam utgjer ei potensielt stor kjelde til produksjon av biogass. R\u00e5stoff fr\u00e5 skogbruk er ofte mindre aktuelle til biogassproduksjon p\u00e5 grunn av h\u00f8gt cellulose- og lignininnhald, som krev meir forbehandling.<\/p>\n<p>Etter at mikroorganismane har gjort jobben sin og produsert metan, sit ein igjen med eit flytande restprodukt kalla biorest. Bioresten er ein n\u00e6ringsrik masse som eignar seg som gj\u00f8dsel til plantar.<\/p>\n<p>Kjelde: Milj\u00f8direktoratet<\/p>\n<p>Han meiner ogs\u00e5 at potensialet er veldig stort for at fleire kan ta steget, men d\u00e5 m\u00e5 det satsast stort p\u00e5 produksjon langs heile kysten.<\/p>\n<p>Slik situasjonen er i dag vil Havila ha behov for om lag halvparten av den norske biogassproduksjonen for \u00e5 kunne segle dei fire norske skipa sine gjennom \u00e5ret.<\/p>\n<p>\u2013 Biogass Noreg snakkar om at det er r\u00e5materiale nok i landet til \u00e5 auke produksjonen fr\u00e5 dagens 800 gigawatt til 12 terawatt. Det er betydeleg, seier Martini.<\/p>\n<p>\u2013 Det g\u00e5r an<\/p>\n<p>\u2013 Dette er ein heilt fantastisk tur. Vi er veldig stolte over at Havila tar dette grepet, og viser at det g\u00e5r an \u00e5 segle utsleppsfritt p\u00e5 kystruta. seier Elise Caspersen, fagansvarleg i Milj\u00f8stiftelsen Zero.<\/p>\n<p>Ho trur ogs\u00e5 turistane vil nyte godt av denne endringa.<\/p>\n<p><strong>\u2013 Eg m\u00e5 legge til at det er s\u00e5 deileg \u00e5 reise med eit s\u00e5 stilleg\u00e5ande fart\u00f8y. Ein f\u00e5r nyte kysten og naturen p\u00e5 ein heilt annan m\u00e5te enn med motordur i bakgrunnen, seier Caspersen.<\/strong><\/p>\n<p><img decoding=\"async\"   src=\"data:image\/gif;base64,R0lGODlhAQABAIAAAAAAAP\/\/\/yH5BAEAAAAALAAAAAABAAEAAAIBRAA7\" loading=\"eager\" alt=\"Elise Caspersen i milj\u00f8stiftelsen Zero\" title=\"Foto: Hans-Olav Landsverk \/ NRK\"\/><\/p>\n<p class=\"\">Elise Caspersen i milj\u00f8stiftelsen Zero meiner turistane vil nyte godt av utsleppsfrie b\u00e5tar.<\/p>\n<p>Foto: Hans-Olav Landsverk \/ NRK<\/p>\n<p>Dette viser at neste anbodsrunde b\u00f8r krevje utsleppsfri drift, meiner ho.<\/p>\n<p>\u2013 Politikarane jobbar ikkje fort nok. vi har sett at dei har hatt mange gode intensjonar, men n\u00e5r det kjem til stykket har dei trekt seg litt p\u00e5 tampen og ikkje stilt dei strenge krava som dei kunne ha gjort, seier Caspersen.<\/p>\n<p>Vil auke dramatisk<\/p>\n<p>Biogass er det heilt naturlege steget for den maritime n\u00e6ringa for \u00e5 bli kliman\u00f8ytral. Det meiner Gunnar Helmen, som er ansvarleg for maritimt sal i Molgas Energy.<\/p>\n<p><strong>\u2013 Etterspurnaden er p\u00e5 veg opp, og kjem til \u00e5 auke dramatisk viss skipsn\u00e6ringa tar dette i bruk. Men rammevilk\u00e5ra er ikkje gode nok per dags dato, seier han.<\/strong><\/p>\n<p><img decoding=\"async\"   src=\"data:image\/gif;base64,R0lGODlhAQABAIAAAAAAAP\/\/\/yH5BAEAAAAALAAAAAABAAEAAAIBRAA7\" loading=\"eager\" alt=\"Gunnar Helmen i Molgas Energy\" title=\"Foto: Hans-Olav Landsverk \/ NRK\"\/><\/p>\n<p class=\"\">Gunnar Helmen i Molgas Energy utfordrar politikarane<\/p>\n<p>Foto: Hans-Olav Landsverk \/ NRK<\/p>\n<p>Helmen hevdar ingen politikarar i rikspolitikken tar dette h\u00f8gt i dag.<\/p>\n<p>\u2013 Vi er veldig seint ute med produksjon i Noreg. V\u00e5re naboland har ein heilt annan agenda. I dag s\u00e5 importerer vi svensk biogass fordi vi ikkje har tilgang til nok i Noreg, seier Helmen.<\/p>\n<p><strong>\u2013 Hastar det?<\/strong><\/p>\n<p>\u2013 Det hastar, og det er kanskje det eg blir mest frustrert av n\u00e5r det gjeld politikarane v\u00e5re, er at kvar gong vi m\u00f8ter litt motstand, s\u00e5 er l\u00f8ysinga \u00abla oss utsetje det\u00bb.<\/p>\n<p>Publisert<\/p>\n<p>02.12.2025, kl. 09.14<\/p>\n","protected":false},"excerpt":{"rendered":"\u2013 Det er sirkul\u00e6r\u00f8konomi, at vi brukarar det avfallet langs norskekysten, fr\u00e5 jordbruk, dyrehald, fiskeavfall eller matavfall, seier&hellip;\n","protected":false},"author":2,"featured_media":102644,"comment_status":"","ping_status":"","sticky":false,"template":"","format":"standard","meta":{"footnotes":""},"categories":[56],"tags":[60,61,62,30,28,29],"class_list":{"0":"post-102643","1":"post","2":"type-post","3":"status-publish","4":"format-standard","5":"has-post-thumbnail","7":"category-naeringsliv","8":"tag-business","9":"tag-economy","10":"tag-naeringsliv","11":"tag-no","12":"tag-norge","13":"tag-norway"},"share_on_mastodon":{"url":"https:\/\/pubeurope.com\/@no\/115652025696770899","error":""},"_links":{"self":[{"href":"https:\/\/www.europesays.com\/no\/wp-json\/wp\/v2\/posts\/102643","targetHints":{"allow":["GET"]}}],"collection":[{"href":"https:\/\/www.europesays.com\/no\/wp-json\/wp\/v2\/posts"}],"about":[{"href":"https:\/\/www.europesays.com\/no\/wp-json\/wp\/v2\/types\/post"}],"author":[{"embeddable":true,"href":"https:\/\/www.europesays.com\/no\/wp-json\/wp\/v2\/users\/2"}],"replies":[{"embeddable":true,"href":"https:\/\/www.europesays.com\/no\/wp-json\/wp\/v2\/comments?post=102643"}],"version-history":[{"count":0,"href":"https:\/\/www.europesays.com\/no\/wp-json\/wp\/v2\/posts\/102643\/revisions"}],"wp:featuredmedia":[{"embeddable":true,"href":"https:\/\/www.europesays.com\/no\/wp-json\/wp\/v2\/media\/102644"}],"wp:attachment":[{"href":"https:\/\/www.europesays.com\/no\/wp-json\/wp\/v2\/media?parent=102643"}],"wp:term":[{"taxonomy":"category","embeddable":true,"href":"https:\/\/www.europesays.com\/no\/wp-json\/wp\/v2\/categories?post=102643"},{"taxonomy":"post_tag","embeddable":true,"href":"https:\/\/www.europesays.com\/no\/wp-json\/wp\/v2\/tags?post=102643"}],"curies":[{"name":"wp","href":"https:\/\/api.w.org\/{rel}","templated":true}]}}