{"id":102651,"date":"2025-12-02T21:13:26","date_gmt":"2025-12-02T21:13:26","guid":{"rendered":"https:\/\/www.europesays.com\/no\/102651\/"},"modified":"2025-12-02T21:13:26","modified_gmt":"2025-12-02T21:13:26","slug":"sogndal-fotball-sport-trenarane-har-bestemt-seg-for-framtida-si-i-sogndal","status":"publish","type":"post","link":"https:\/\/www.europesays.com\/no\/102651\/","title":{"rendered":"Sogndal Fotball, Sport | Trenarane har bestemt seg for framtida si i Sogndal"},"content":{"rendered":"\n<p>Sogndal sin hovudtrenar Luis Pimenta og assistenttrenar Miguel Barata har begge forlengja sine kontraktar med klubben ut 2028-sesongen.<\/p>\n<p>Dei originale avtalane til duoen gjekk ut etter komande sesong.<\/p>\n<p>\u2013 Med kunnskap, profesjonalitet og auge for detaljar har utvikling st\u00e5tt i fokus, og ein har tatt steg b\u00e5de sporsleg, men ogs\u00e5 i det daglege arbeidet rundt A-laget. Sogndal Fotball er difor glade for at dei \u00f8nskjer \u00e5 forlengja avtalane sine, og at dei f\u00e5r halde fram utviklinga ut 2028-sesongen, skriv klubben p\u00e5 sine nettsider.<\/p>\n<p>Dei to portugisarane blei presenterte for f\u00f8rste gong p\u00e5 denne tida i fjor, og no blir alts\u00e5 samarbeidet forlengja.<\/p>\n<p>\u2013 Sogndal Fotball har trua p\u00e5 at samarbeidet kan f\u00f8ra til at ein tek nye steg sportsleg, og at Luis, Miguel og resten av st\u00f8tteapparatet er det riktige valet for framtida. Arbeidet inn mot neste sesong er allereie godt i gang, og me gler oss til \u00e5 sj\u00e5 karade tilbake i aksjon p\u00e5 ny\u00e5ret, skriv klubben.<\/p>\n","protected":false},"excerpt":{"rendered":"Sogndal sin hovudtrenar Luis Pimenta og assistenttrenar Miguel Barata har begge forlengja sine kontraktar med klubben ut 2028-sesongen.&hellip;\n","protected":false},"author":2,"featured_media":102652,"comment_status":"","ping_status":"","sticky":false,"template":"","format":"standard","meta":{"footnotes":""},"categories":[59],"tags":[36,92,30,28,29,1029,7865,83,82,1510],"class_list":{"0":"post-102651","1":"post","2":"type-post","3":"status-publish","4":"format-standard","5":"has-post-thumbnail","7":"category-sport","8":"tag-art","9":"tag-fotball","10":"tag-no","11":"tag-norge","12":"tag-norway","13":"tag-sogndal","14":"tag-sogndal-fotball","15":"tag-sport","16":"tag-sports","17":"tag-story"},"share_on_mastodon":{"url":"https:\/\/pubeurope.com\/@no\/115652041457073290","error":""},"_links":{"self":[{"href":"https:\/\/www.europesays.com\/no\/wp-json\/wp\/v2\/posts\/102651","targetHints":{"allow":["GET"]}}],"collection":[{"href":"https:\/\/www.europesays.com\/no\/wp-json\/wp\/v2\/posts"}],"about":[{"href":"https:\/\/www.europesays.com\/no\/wp-json\/wp\/v2\/types\/post"}],"author":[{"embeddable":true,"href":"https:\/\/www.europesays.com\/no\/wp-json\/wp\/v2\/users\/2"}],"replies":[{"embeddable":true,"href":"https:\/\/www.europesays.com\/no\/wp-json\/wp\/v2\/comments?post=102651"}],"version-history":[{"count":0,"href":"https:\/\/www.europesays.com\/no\/wp-json\/wp\/v2\/posts\/102651\/revisions"}],"wp:featuredmedia":[{"embeddable":true,"href":"https:\/\/www.europesays.com\/no\/wp-json\/wp\/v2\/media\/102652"}],"wp:attachment":[{"href":"https:\/\/www.europesays.com\/no\/wp-json\/wp\/v2\/media?parent=102651"}],"wp:term":[{"taxonomy":"category","embeddable":true,"href":"https:\/\/www.europesays.com\/no\/wp-json\/wp\/v2\/categories?post=102651"},{"taxonomy":"post_tag","embeddable":true,"href":"https:\/\/www.europesays.com\/no\/wp-json\/wp\/v2\/tags?post=102651"}],"curies":[{"name":"wp","href":"https:\/\/api.w.org\/{rel}","templated":true}]}}