{"id":102653,"date":"2025-12-02T21:14:09","date_gmt":"2025-12-02T21:14:09","guid":{"rendered":"https:\/\/www.europesays.com\/no\/102653\/"},"modified":"2025-12-02T21:14:09","modified_gmt":"2025-12-02T21:14:09","slug":"gammel-potter-sendte-brev-til-nykommer-helt-sjukt","status":"publish","type":"post","link":"https:\/\/www.europesays.com\/no\/102653\/","title":{"rendered":"Gammel Potter sendte brev til nykommer: \u2013 Helt sjukt"},"content":{"rendered":"\n<p class=\"_lead_o9xde_2 _lead_xtcu6_50 layout-component text-serif-m layout-normal text-serif-l layout-component layout-wide layout-padded _wide_17hqh_1 layout-padded\">11 \u00e5r gamle Dominic McLaughlin trodde ikke sine egne \u00f8yne.<\/p>\n<p><img alt=\"ETTERF\u00d8LGER: Dominic McLaughlin (t.v.) og Daniel Radcliffe. Foto: AFP og AP\" class=\"_image_qp4xg_65 layout-component layout-wide\" data-fullscreen- data-track-element-type=\"Article image fullscreen\" data-track-name=\"ImageFullscreen\" fetchpriority=\"high\" decoding=\"sync\" loading=\"eager\" height=\"1668\" itemprop=\"image\"  src=\"https:\/\/www.europesays.com\/no\/wp-content\/uploads\/2025\/12\/2cb7240e-c4f9-4ef7-81c9-65ae526267e9\"  style=\"object-position:0% 0%\" width=\"2500\"\/>ETTERF\u00d8LGER: Dominic McLaughlin (t.v.) og Daniel Radcliffe. Foto: AFP og AP<\/p>\n<ul aria-hidden=\"true\" class=\"_images_1uft6_111\">\n<li><a class=\"_link_1uft6_116\" href=\"https:\/\/www.vg.no\/forfatter\/catherine-gonsholt-ighanian\" style=\"z-index:1\" title=\"Catherine Gonsholt Ighanian\" rel=\"nofollow noopener\" target=\"_blank\"><img alt=\"Bilde av Catherine Gonsholt Ighanian\" class=\"_image_1uft6_93\" fetchpriority=\"low\" loading=\"lazy\" decoding=\"async\" itemprop=\"image\"  src=\"https:\/\/www.europesays.com\/no\/wp-content\/uploads\/2025\/12\/1764710048_6_72dca32d-ee6f-474c-a50e-72a9bb49f38a\"  width=\"480\"\/><\/a><\/li>\n<\/ul>\n<p> Oppdatert tirsdag 2. desember kl. 21:53    <\/p>\n<ul class=\"_list_o9xde_3 _list_64s2r_85 _unordered_o9xde_106 text-sans-m\">\n<li class=\"_item_o9xde_30\">11 \u00e5r gamle Dominic McLaughlin skal spille Harry Potter i HBOs kommende TV-serie.<\/li>\n<li class=\"_item_o9xde_30\">McLaughlin fikk i den sammenheng et overraskende brev fra Daniel Radcliffe med oppmuntrende ord.<\/li>\n<li class=\"_item_o9xde_30\">Premieren er planlagt til tidlig i 2027.<\/li>\n<\/ul>\n<p>Vis mer <\/p>\n<p class=\"_paragraph_o9xde_4 _paragraph_xtcu6_10 layout-component text-serif-m layout-normal text-serif-m layout-padded\">Dominic McLaughlin skal ta over rollen som Harry Potter i HBOs kommende TV-serie. I den sammenhengen har den unge skotten blitt et sv\u00e6rt popul\u00e6rt intervjuobjekt.<\/p>\n<p class=\"_paragraph_o9xde_4 _paragraph_xtcu6_10 layout-component text-serif-m layout-normal text-serif-m layout-padded\">Da BBCs \u00abSaturday Mash-Up! Live\u00bb nylig fikk 11-\u00e5ringen i tale, r\u00f8pet han at han fikk en sv\u00e6rt hyggelig start p\u00e5 jobben \u2013 skriver <a href=\"https:\/\/variety.com\/2025\/tv\/news\/harry-potter-dominic-mclaughlin-daniel-radcliffe-letter-support-1236596188\/\" class=\"_link_o9xde_39\" rel=\"nofollow noopener\" target=\"_blank\">Variety<\/a>.<\/p>\n<p class=\"_paragraph_o9xde_4 _paragraph_xtcu6_10 layout-component text-serif-m layout-normal text-serif-m layout-padded\">F\u00f8r innspillingen startet i sommer, fikk McLaughlin nemlig et overraskende brev med oppmuntring fra <a href=\"https:\/\/www.vg.no\/tag\/daniel-radcliffe?utm_source=vg-article&amp;utm_medium=auto-tagger&amp;utm_campaign=5pJ29z\" class=\"_link_o9xde_39\" rel=\"nofollow noopener\" target=\"_blank\">Daniel Radcliffe<\/a> (36), som spilte tryllegutten i de \u00e5tte filmene.<\/p>\n<p class=\"_paragraph_o9xde_4 _paragraph_xtcu6_10 layout-component text-serif-m layout-normal text-serif-m layout-padded\">\u2013 Det var helt sykt, sier McLaughlin og forteller:<\/p>\n<p class=\"_paragraph_o9xde_4 _paragraph_xtcu6_10 layout-component text-serif-m layout-normal text-serif-m layout-padded\">\u2013 Pappa prikket meg p\u00e5 skulderen mens jeg satt p\u00e5 toget, og ga meg dette brevet. Jeg leste fra begynnelsen, og helt nederst sto det \u00abDan R.\u00bb<\/p>\n<p class=\"_paragraph_o9xde_4 _paragraph_xtcu6_10 layout-component text-serif-m layout-normal text-serif-m layout-padded\">McLaughlin betror at han ble overlykkelig.<\/p>\n<p class=\"_paragraph_o9xde_4 _paragraph_xtcu6_10 layout-component text-serif-m layout-normal text-serif-m layout-padded\">\u2013 Samtidig m\u00e5tte jeg holde meg rolig, fordi jeg satt p\u00e5 toget.<\/p>\n<p><img alt=\"TRIO: Disse skal spille Harry, Ronny og Hermine. F.v.: Arabella Stanton, Dominic McLaughlin og Alastair Stout  Foto: Warner Bros\" class=\"_image_qp4xg_65 layout-component layout-normal\" data-fullscreen- data-track-element-type=\"Article image fullscreen\" data-track-name=\"ImageFullscreen\" decoding=\"async\" loading=\"lazy\" height=\"1067\" itemprop=\"image\"  src=\"https:\/\/www.europesays.com\/no\/wp-content\/uploads\/2025\/12\/8db85517-88be-4328-8bf4-6780025f3af5\"  style=\"object-position:0% 0%\" width=\"1600\"\/>TRIO: Disse skal spille Harry, Ronny og Hermine. F.v.: Arabella Stanton, Dominic McLaughlin og Alastair Stout  Foto: Warner Bros<\/p>\n<p class=\"_paragraph_o9xde_4 _paragraph_xtcu6_10 layout-component text-serif-m layout-normal text-serif-m layout-padded\">Radcliffe har tidligere fortalt at han har sendt oppmuntrende ord til sin unge etterf\u00f8lger, og at han fikk \u00aben veldig s\u00f8t beskjed tilbake\u00bb fra den unge skuespilleren.<\/p>\n<p class=\"_paragraph_o9xde_4 _paragraph_xtcu6_10 layout-component text-serif-m layout-normal text-serif-m layout-padded\">\u2013 Jeg vil ikke v\u00e6re et sp\u00f8kelse i disse barnas liv, s\u00e5 jeg ville bare skrive til ham og si at jeg h\u00e5per han f\u00e5r sitt livs opplevelse, uttalte Radcliffe til \u00abGood Morning America\u00bb i november.<\/p>\n<p class=\"_paragraph_o9xde_4 _paragraph_xtcu6_10 layout-component text-serif-m layout-normal text-serif-m layout-padded\">McLaughlin sier innspillingen av HBO-serien \u00abg\u00e5r str\u00e5lende\u00bb, og at han er blitt gode venner med alle p\u00e5 settet.<\/p>\n<p class=\"_paragraph_o9xde_4 _paragraph_xtcu6_10 layout-component text-serif-m layout-normal text-serif-m layout-padded\"><strong class=\"_strong_o9xde_25\">Premieren er planlagt til tidlig i 2027.<\/strong><\/p>\n<p class=\"_paragraph_o9xde_4 _paragraph_xtcu6_10 layout-component text-serif-m layout-normal text-serif-m layout-padded\">Nye \u00abPotter\u00bb f\u00f8lger etter \u00e5tte filmer og over 600 millioner solgte Harry Potter-b\u00f8ker verden over. Serien er ventet \u00e5 bli en av de st\u00f8rste satsingene til str\u00f8mmegiganten Max, tidligere HBO Max.<\/p>\n<p class=\"_paragraph_o9xde_4 _paragraph_xtcu6_10 layout-component text-serif-m layout-normal text-serif-m layout-padded\">Serien skal for \u00f8vrig v\u00e6re en mer trofast tilpasning av J.K. Rowlings syv b\u00f8ker enn det filmene var. Hver sesong skal fokusere p\u00e5 \u00e9n bok.<\/p>\n<p class=\"_paragraph_o9xde_4 _paragraph_xtcu6_10 layout-component text-serif-m layout-normal text-serif-m layout-padded\"><strong class=\"_strong_o9xde_25\">S\u00e5nn s\u00e5 det ut da Radcliffe spilte den ikoniske rollen \u2013 se VGTV:<\/strong><\/p>\n<p>Les ogs\u00e5<\/p>\n","protected":false},"excerpt":{"rendered":"11 \u00e5r gamle Dominic McLaughlin trodde ikke sine egne \u00f8yne. ETTERF\u00d8LGER: Dominic McLaughlin (t.v.) og Daniel Radcliffe. Foto:&hellip;\n","protected":false},"author":2,"featured_media":102654,"comment_status":"","ping_status":"","sticky":false,"template":"","format":"standard","meta":{"footnotes":""},"categories":[58],"tags":[7071,71,460,3842,30,28,29,207,72,46],"class_list":{"0":"post-102653","1":"post","2":"type-post","3":"status-publish","4":"format-standard","5":"has-post-thumbnail","7":"category-underholdning","8":"tag-daniel-radcliffe","9":"tag-entertainment","10":"tag-film","11":"tag-harry-potter","12":"tag-no","13":"tag-norge","14":"tag-norway","15":"tag-tv","16":"tag-underholdning","17":"tag-vgai"},"share_on_mastodon":{"url":"https:\/\/pubeurope.com\/@no\/115652045593905607","error":""},"_links":{"self":[{"href":"https:\/\/www.europesays.com\/no\/wp-json\/wp\/v2\/posts\/102653","targetHints":{"allow":["GET"]}}],"collection":[{"href":"https:\/\/www.europesays.com\/no\/wp-json\/wp\/v2\/posts"}],"about":[{"href":"https:\/\/www.europesays.com\/no\/wp-json\/wp\/v2\/types\/post"}],"author":[{"embeddable":true,"href":"https:\/\/www.europesays.com\/no\/wp-json\/wp\/v2\/users\/2"}],"replies":[{"embeddable":true,"href":"https:\/\/www.europesays.com\/no\/wp-json\/wp\/v2\/comments?post=102653"}],"version-history":[{"count":0,"href":"https:\/\/www.europesays.com\/no\/wp-json\/wp\/v2\/posts\/102653\/revisions"}],"wp:featuredmedia":[{"embeddable":true,"href":"https:\/\/www.europesays.com\/no\/wp-json\/wp\/v2\/media\/102654"}],"wp:attachment":[{"href":"https:\/\/www.europesays.com\/no\/wp-json\/wp\/v2\/media?parent=102653"}],"wp:term":[{"taxonomy":"category","embeddable":true,"href":"https:\/\/www.europesays.com\/no\/wp-json\/wp\/v2\/categories?post=102653"},{"taxonomy":"post_tag","embeddable":true,"href":"https:\/\/www.europesays.com\/no\/wp-json\/wp\/v2\/tags?post=102653"}],"curies":[{"name":"wp","href":"https:\/\/api.w.org\/{rel}","templated":true}]}}