{"id":102663,"date":"2025-12-02T21:21:14","date_gmt":"2025-12-02T21:21:14","guid":{"rendered":"https:\/\/www.europesays.com\/no\/102663\/"},"modified":"2025-12-02T21:21:14","modified_gmt":"2025-12-02T21:21:14","slug":"pastor-ba-for-lars-monsen-og-trine-rein-foran-stor-forsamling","status":"publish","type":"post","link":"https:\/\/www.europesays.com\/no\/102663\/","title":{"rendered":"Pastor ba for Lars Monsen og Trine Rein foran stor forsamling"},"content":{"rendered":"<p>\n        EKTEPAR: Trine Rein og Lars Monsen giftet seg i 2015.<br \/>\n        Kent Skibstad \/ NTB\n    <\/p>\n<p>    Da paret spurte om det var en prest eller pastor til stede, ga pastor Christian Aasland seg til kjenne.<\/p>\n<p>Artist Trine Rein (55) og ektemannen Lars Monsen (62) overrasket publikum under en konsert i Sandnes kulturhus i november med en spontan feiring av kj\u00e6rligheten.<\/p>\n<p>Ekteparet har nemlig v\u00e6rt gift i ti \u00e5r og \u00f8nsket \u00e5 markere tinn-bryllupet med \u00e5 gjenta ekteskapsl\u00f8ftene. Rein forteller om hendelsen <a href=\"https:\/\/www.trinerein.com\/blog\/2025\/11\/29\/coming-up-on-advent-small-recap-of-recent-weeks\" target=\"_blank\" rel=\"nofollow noopener\">p\u00e5 sin egen blogg<\/a>.<\/p>\n<p>\u2013 7. november ble en helt spesiell og minneverdig dag for oss. Ikke bare var 7. november min 55-\u00e5rsdag, det var ogs\u00e5 v\u00e5r 10-\u00e5rs bryllupsdag. Siden Lars hadde mistet gifteringen sin for noen \u00e5r siden, bestemte vi oss for at dette var en perfekt anledning til \u00e5 erstatte den med en ny \u2013 og samtidig fornye ekteskapsl\u00f8ftene v\u00e5re, skriver hun.<\/p>\n","protected":false},"excerpt":{"rendered":"EKTEPAR: Trine Rein og Lars Monsen giftet seg i 2015. Kent Skibstad \/ NTB Da paret spurte om&hellip;\n","protected":false},"author":2,"featured_media":102664,"comment_status":"","ping_status":"","sticky":false,"template":"","format":"standard","meta":{"footnotes":""},"categories":[58],"tags":[71,30,28,29,72],"class_list":{"0":"post-102663","1":"post","2":"type-post","3":"status-publish","4":"format-standard","5":"has-post-thumbnail","7":"category-underholdning","8":"tag-entertainment","9":"tag-no","10":"tag-norge","11":"tag-norway","12":"tag-underholdning"},"share_on_mastodon":{"url":"https:\/\/pubeurope.com\/@no\/115652072775520227","error":""},"_links":{"self":[{"href":"https:\/\/www.europesays.com\/no\/wp-json\/wp\/v2\/posts\/102663","targetHints":{"allow":["GET"]}}],"collection":[{"href":"https:\/\/www.europesays.com\/no\/wp-json\/wp\/v2\/posts"}],"about":[{"href":"https:\/\/www.europesays.com\/no\/wp-json\/wp\/v2\/types\/post"}],"author":[{"embeddable":true,"href":"https:\/\/www.europesays.com\/no\/wp-json\/wp\/v2\/users\/2"}],"replies":[{"embeddable":true,"href":"https:\/\/www.europesays.com\/no\/wp-json\/wp\/v2\/comments?post=102663"}],"version-history":[{"count":0,"href":"https:\/\/www.europesays.com\/no\/wp-json\/wp\/v2\/posts\/102663\/revisions"}],"wp:featuredmedia":[{"embeddable":true,"href":"https:\/\/www.europesays.com\/no\/wp-json\/wp\/v2\/media\/102664"}],"wp:attachment":[{"href":"https:\/\/www.europesays.com\/no\/wp-json\/wp\/v2\/media?parent=102663"}],"wp:term":[{"taxonomy":"category","embeddable":true,"href":"https:\/\/www.europesays.com\/no\/wp-json\/wp\/v2\/categories?post=102663"},{"taxonomy":"post_tag","embeddable":true,"href":"https:\/\/www.europesays.com\/no\/wp-json\/wp\/v2\/tags?post=102663"}],"curies":[{"name":"wp","href":"https:\/\/api.w.org\/{rel}","templated":true}]}}