{"id":102665,"date":"2025-12-02T21:27:15","date_gmt":"2025-12-02T21:27:15","guid":{"rendered":"https:\/\/www.europesays.com\/no\/102665\/"},"modified":"2025-12-02T21:27:15","modified_gmt":"2025-12-02T21:27:15","slug":"bli-aksjeproff-med-ai-100-avkastning-pa-under-et-ar-vg","status":"publish","type":"post","link":"https:\/\/www.europesays.com\/no\/102665\/","title":{"rendered":"Bli aksjeproff med AI: 100% avkastning p\u00e5 under et \u00e5r &#8211; VG"},"content":{"rendered":"<ol>\n<li><a href=\"https:\/\/news.google.com\/rss\/articles\/CBMinwFBVV95cUxQOU5obkVXRnVjNmMzaFJ1REo0bXQ1TXJwcnFvVXIxLXoycEFwRE5SbE5XYTlrTFY3NlFEWGZhU0QyU3daczFtckhJNXJmNEpreDltUEt1TnpiS1FfQUd0WFo4X1ZlTXYtbXM0RE5DQkZWQmdMRDl6WmFyN0ZOS0ZGUWs2b1MxckhYZzZsZFY1b2RMX0cwak5DMTdIQkM1RWc?oc=5\" target=\"_blank\" rel=\"nofollow noopener\">Bli aksjeproff med AI: 100% avkastning p\u00e5 under et \u00e5r<\/a>&nbsp;&nbsp;VG<\/li>\n<li><a href=\"https:\/\/news.google.com\/rss\/articles\/CBMingFBVV95cUxObzJuRHI1V1JNX0c4ZGNqODhSNXJMQi1oOV9nNVlCWnJLUW5JWWcwM211S2VvTmZLaWRtdUlHbmtkWEZkWWNwN3BYMDhocjZDQ1F0bGM0dHBwNWlJcU9PSjl5TkNoRGo0djM1TEEzQXpaLWJBbmlreXVwSHh1OFZwSUNTbHR4cnFfZnZGdDg5YTlkeU9jc2JIbC14czdXUQ?oc=5\" target=\"_blank\" rel=\"nofollow noopener\">Toppforvalter om AI-b\u00f8lgen: \u2013 Vi skal igjennom en \u00abshake-out\u00bb<\/a>&nbsp;&nbsp;E24<\/li>\n<li><a href=\"https:\/\/news.google.com\/rss\/articles\/CBMikgFBVV95cUxObldRTE5md3BhX0tlWUM4cXp3X2NKUWRXaFdYeDU5LTRoN0RRWG5qRFpUWHA3QkJNZl82Tjl4YUJjSXFCVl9Tb1BJTUVVS0x0Szk0V1R1S052SU5Ma2x1eTNCajNpM1E0RTVOZU42QU1Wc0xCak1HbmEyV1o1a2tfRkVkS1dqNTlmdGlUTnF1R3I3QQ?oc=5\" target=\"_blank\" rel=\"nofollow noopener\">\u2013 P\u00e5 sikt er AI et godt sted \u00e5 v\u00e6re<\/a>&nbsp;&nbsp;Finansavisen<\/li>\n<li><a href=\"https:\/\/news.google.com\/rss\/articles\/CBMieEFVX3lxTFBTNUxZbEhMdU5VSGEtOXpac1pHRWpFM3JYOFZHZHJXZkFTNVlkUkFER3ZXWkJndEJFY3lyR3lDSVRBVWM5QVN5dzRWb1cxUVZnZUVucE54NEg5ZldMZFREWWVETEZFR25EMV9NeUxJNjBYWHBpRW9NNQ?oc=5\" target=\"_blank\" rel=\"nofollow noopener\">Saugestad mener de sterkeste KI-selskapene vil overleve<\/a>&nbsp;&nbsp;finanswatch.no<\/li>\n<li><a href=\"https:\/\/news.google.com\/rss\/articles\/CBMinwFBVV95cUxNLU8zT3BqT3ZSMHN5Ym9ULU9wZG1VTG5WMmtzRXVSUEg4aXpjVnI1VTI1bGViSVN3VjBOdEd5LWloUzQtOHlNdFI5Vi0ySWd4SkVmMklMbjhsMkVHUjdvVXlNQk50c01sdElIZ3o0a2tacDZlaE04LVZoZ0gtZkk1ZjYyY2tJUnZ0UzRMOEliQVlpR0FDTEpxX21oVkswNzQ?oc=5\" target=\"_blank\" rel=\"nofollow noopener\">Olav Chen: \u2013 B\u00f8rsene m\u00e5 falle mer f\u00f8r vi kj\u00f8per<\/a>&nbsp;&nbsp;Finansavisen<\/li>\n<\/ol>\n","protected":false},"excerpt":{"rendered":"Bli aksjeproff med AI: 100% avkastning p\u00e5 under et \u00e5r&nbsp;&nbsp;VG Toppforvalter om AI-b\u00f8lgen: \u2013 Vi skal igjennom en&hellip;\n","protected":false},"author":2,"featured_media":102666,"comment_status":"","ping_status":"","sticky":false,"template":"","format":"standard","meta":{"footnotes":""},"categories":[56],"tags":[1882,184,60,61,12985,467,62,30,28,29,12984],"class_list":{"0":"post-102665","1":"post","2":"type-post","3":"status-publish","4":"format-standard","5":"has-post-thumbnail","7":"category-naeringsliv","8":"tag-ai","9":"tag-aksjer","10":"tag-business","11":"tag-economy","12":"tag-investere","13":"tag-kunstig-intelligens","14":"tag-naeringsliv","15":"tag-no","16":"tag-norge","17":"tag-norway","18":"tag-verktoy"},"share_on_mastodon":{"url":"https:\/\/pubeurope.com\/@no\/115652096325623007","error":""},"_links":{"self":[{"href":"https:\/\/www.europesays.com\/no\/wp-json\/wp\/v2\/posts\/102665","targetHints":{"allow":["GET"]}}],"collection":[{"href":"https:\/\/www.europesays.com\/no\/wp-json\/wp\/v2\/posts"}],"about":[{"href":"https:\/\/www.europesays.com\/no\/wp-json\/wp\/v2\/types\/post"}],"author":[{"embeddable":true,"href":"https:\/\/www.europesays.com\/no\/wp-json\/wp\/v2\/users\/2"}],"replies":[{"embeddable":true,"href":"https:\/\/www.europesays.com\/no\/wp-json\/wp\/v2\/comments?post=102665"}],"version-history":[{"count":0,"href":"https:\/\/www.europesays.com\/no\/wp-json\/wp\/v2\/posts\/102665\/revisions"}],"wp:featuredmedia":[{"embeddable":true,"href":"https:\/\/www.europesays.com\/no\/wp-json\/wp\/v2\/media\/102666"}],"wp:attachment":[{"href":"https:\/\/www.europesays.com\/no\/wp-json\/wp\/v2\/media?parent=102665"}],"wp:term":[{"taxonomy":"category","embeddable":true,"href":"https:\/\/www.europesays.com\/no\/wp-json\/wp\/v2\/categories?post=102665"},{"taxonomy":"post_tag","embeddable":true,"href":"https:\/\/www.europesays.com\/no\/wp-json\/wp\/v2\/tags?post=102665"}],"curies":[{"name":"wp","href":"https:\/\/api.w.org\/{rel}","templated":true}]}}