{"id":102669,"date":"2025-12-02T21:30:18","date_gmt":"2025-12-02T21:30:18","guid":{"rendered":"https:\/\/www.europesays.com\/no\/102669\/"},"modified":"2025-12-02T21:30:18","modified_gmt":"2025-12-02T21:30:18","slug":"dave-coulier-rammet-av-ny-kreftdiagnose-etter-sju-maneder-som-kreftfri-2","status":"publish","type":"post","link":"https:\/\/www.europesays.com\/no\/102669\/","title":{"rendered":"Dave Coulier rammet av ny kreftdiagnose etter sju m\u00e5neder som kreftfri"},"content":{"rendered":"<p class=\"kicker \" style=\"\">Dave Coulier:\u00a0<\/p>\n<p>  For bare noen m\u00e5neder siden var han kreftfri. N\u00e5 forteller skuespilleren Dave Coulier at han er rammet av kreft igjen.<\/p>\n<p>\n    NY DIAGNOSE: Skuespilleren Dave Coulier ble erkl\u00e6rt kreftfri i mars i \u00e5r. Bildet viser ham p\u00e5 en basketball-kamp m\u00e5neden etter. N\u00e5 Har han f\u00e5tt nok en kreftdiagnose. Foto: Jose Juarez \/ AP Photo \/ NTB\n  <\/p>\n<p>Knappe sju m\u00e5neder etter at \u00abFull House\u00bb-stjerna Dave Coulier (66) ble erkl\u00e6rt kreftfri har han f\u00e5tt p\u00e5vist kreft igjen.\u00a0<\/p>\n<p class=\"font-weight-bold m-font-weight-bold\" data-lab-font_weight=\"font-weight-bold\"> Skuespilleren forteller til\u00a0<a href=\"https:\/\/www.today.com\/health\/news\/dave-coulier-tongue-cancer-rcna245598\" rel=\"nofollow noopener\" target=\"_blank\">TODAY<\/a>\u00a0at han har blitt diagnosert med tungekreft. N\u00e5 m\u00e5 han begynne kreftbehandlingen p\u00e5 ny. <\/p>\n<p class=\"font-weight-normal m-font-weight-normal\" data-lab-font_weight=\"font-weight-normal\">&#8211; \u00c5 g\u00e5 gjennom cellegift og kjenne lettelsen over at \u00abwow, det er borte\u00bb, og s\u00e5 f\u00e5 en test som sier at n\u00e5 har du en annen type kreft &#8230; det er et sjokk for systemet, sier han.\u00a0<\/p>\n<p>        NY SESONG: \u00abAlle elsker David\u00bb gj\u00f8r endringer i sin syvende sesong. Video: TV 2\/ Danny Son Ngoc To \/ Thea Hope\/ R\u00f8d L\u00f8per<\/p>\n<p> To kreftdiagnoser p\u00e5 ett \u00e5r \t<\/p>\n<p> Coulier er best kjent for rollen som Joey Gladstone i TV-serien \u00abUnder samme tak\u00bb, ogs\u00e5 kjent som \u00abFull House\u00bb, fra 1987 til 1995. <\/p>\n<p class=\"font-weight-bold m-font-weight-bold\" data-lab-font_weight=\"font-weight-bold\"> I november 2024 fikk han p\u00e5vist stadium 3 non-Hodgkin lymfom, etter at han oppdaget en <a href=\"https:\/\/www.seher.no\/kjendis\/har-fatt-kreft\/82232053\" rel=\"nofollow noopener\" target=\"_blank\">hevelse p\u00e5 st\u00f8rrelse med en golfball<\/a> i lysken.\u00a0<\/p>\n<p>    Non-Hodgkin lymfom, stadium 3<\/p>\n<ul>\n<li class=\"lab-bodytext-line\">Non-Hodgkin lymfom er en kreftsykdom som oppst\u00e5r i lymfocytter, celler i kroppens immunsystem.<\/li>\n<li class=\"lab-bodytext-line\">Stadium 3 betyr at lymfekreften finnes i lymfeknuter p\u00e5 begge sider av mellomgulvet, alts\u00e5 b\u00e5de over og under diafragma.<\/li>\n<li class=\"lab-bodytext-line\">Sykdommen kan ogs\u00e5 omfatte milt eller annet lymfatisk vev, men regnes fortsatt som en del av lymfesystemet.<\/li>\n<li class=\"lab-bodytext-line\">Symptomer kan v\u00e6re feber, nattesvette, vekttap, hovne lymfeknuter, tr\u00f8tthet eller ingen symptomer.<\/li>\n<li class=\"lab-bodytext-line\">Behandlingen best\u00e5r ofte av kjemoterapi i kombinasjon med immunterapi, som rituksimab. Str\u00e5lebehandling brukes i enkelte tilfeller.<\/li>\n<li class=\"lab-bodytext-line\">Prognosen varierer etter undertype og pasientens allmenntilstand, men stadium 3 er behandlingsbart, og mange oppn\u00e5r god effekt av behandling.<\/li>\n<p class=\"lab-bodytext-line\">Kilde: <a href=\"https:\/\/kreftforeningen.no\/om-kreft\/kreftformer\/lymfekreft\/\" rel=\"nofollow noopener\" target=\"_blank\">Kreftforeningen<\/a><\/p>\n<\/ul>\n<p>      Vis mer<br \/>\n      Vis mindre<\/p>\n<p> &#8211; Det f\u00f8les som \u00e5 bli sl\u00e5tt i magen, for du tror aldri det skal skje med deg, sa Coulier om \u00f8yeblikket han fikk diagnosen til\u00a0<a href=\"https:\/\/www.today.com\/health\/news\/dave-coulier-non-hodgkin-lymphoma-cancer-rcna179584\" rel=\"nofollow noopener\" target=\"_blank\">Today<\/a>\u00a0den gang.\u00a0<\/p>\n<p>Han startet cellegiftbehandling, og ble erkl\u00e6rt kreftfri i mars tidligere i \u00e5r. Friskmeldingen skulle imidlertid ikke vare.\u00a0<\/p>\n<p>          <img loading=\"lazy\" decoding=\"async\" src=\"https:\/\/www.europesays.com\/no\/wp-content\/uploads\/2025\/12\/83928678.webp\" width=\"686\" height=\"769\" title=\"TRIO: Fra venstre: Bob Saget, Dave Coulier og John Stamos (62) holdt kontakten etter at de spilte sammen i \u00abUnder Samme Tak\u00bb. Saget d\u00f8de i 2022. Foto: Mediapunch\/REX\/NTB\" alt=\"\" class=\"\" style=\"--aspect-ratio-image: 0.89; \"\/><\/p>\n<p>\n          TRIO: Fra venstre: Bob Saget, Dave Coulier og John Stamos (62) holdt kontakten etter at de spilte sammen i \u00abUnder Samme Tak\u00bb. Saget d\u00f8de i 2022. Foto: Mediapunch\/REX\/NTB\n      <\/p>\n<p>Under ett \u00e5r etter at han ble erkl\u00e6rt kreftfri skulle skuespilleren p\u00e5 en turinemessig helsesjekk. En PET-unders\u00f8kelse viste unormal vekst, og det ble utf\u00f8rt en biopsi der en del av tunga hans ble fjernet.\u00a0<\/p>\n<p class=\"font-weight-bold m-font-weight-bold\" data-lab-font_weight=\"font-weight-bold\">Testen slo ut positivt, og viste\u00a0HPV-relatert kreft i tungeroten. If\u00f8lge legene kunne kreften stamme fra en HPV-infeksjon som g\u00e5r 30 tilbake i tid.\u00a0<\/p>\n<p>    HPV-relatert kreft i tungeroten<\/p>\n<ul>\n<li class=\"lab-bodytext-line\">En undergruppe av hode- og halskreft, som sitter bakerst p\u00e5 tungen i overgangen mot svelget.\u00a0<\/li>\n<li class=\"lab-bodytext-line\">Rundt 60 prosent av krefttilfellene i munn og svelg skyldes HPV-smitte.\u00a0<\/li>\n<li class=\"lab-bodytext-line\">Vanlige symptomer er svelgvansker, langvarig s\u00e5r hals, klumpf\u00f8lelse, \u00f8resmerter eller hovne lymfeknuter p\u00e5 halsen.<\/li>\n<li class=\"lab-bodytext-line\">Sykdommen oppdages ofte sent fordi tidlige symptomer kan v\u00e6re vage.<\/li>\n<li class=\"lab-bodytext-line\">HPV-positiv kreft har generelt bedre prognose enn HPV-negativ hode- og halskreft.<\/li>\n<li class=\"lab-bodytext-line\">Behandling best\u00e5r vanligvis av str\u00e5lebehandling og cellegift, noen ganger kirurgi.\u00a0<\/li>\n<li class=\"lab-bodytext-line\">HPV-vaksinen beskytter mot de HPV-typene som kan gi kreft i munn og svelg. <\/li>\n<p class=\"lab-bodytext-line\">Kilde: <a href=\"https:\/\/kreftforeningen.no\/om-kreft\/kreftformer\/hode-og-halskreft\/\" rel=\"nofollow noopener\" target=\"_blank\">Kreftforeningen<\/a>\u00a0<\/p>\n<\/ul>\n<p>      Vis mer<br \/>\n      Vis mindre<\/p>\n<p class=\"font-weight-bold m-font-weight-bold\" data-lab-font_weight=\"font-weight-bold\">&#8211;\u00a0 Legene sa at det ikke har noen sammenheng med non-Hodgkin-lymfomet mitt. Dette er en ny kreft. &#8230; Jeg sa, \u00abtuller dere med meg?\u00bb, forteller stjerna til TODAY om den knusende situasjonen.\u00a0<\/p>\n<p class=\"font-weight-normal m-font-weight-normal\" data-lab-font_weight=\"font-weight-normal\">Stjerna opplyser at han allerede er i gang med behandling, hvor planen er \u00e5 g\u00e5 gjennom 35 str\u00e5lebehandlinger. Allikevel er legene optimistiske, forklarer han.\u00a0<\/p>\n<p>        OVER: Se og H\u00f8r erfarer at forholdet mellom prins Sverre Magnus og Amalie Gi\u00e6ver Macleod er over. Foto: NTB \/ Andreas Fadum \/ Se og H\u00f8r \/\/ Reporter og klipp: Elise Violeta Ness Aksnes<\/p>\n<p>Roser kona: &#8211; Hun er utrolig\t<\/p>\n<p>Coulier erkjenner at det siste \u00e5ret v\u00e6rt en pr\u00f8velse.\u00a0<\/p>\n<p>Han beskriver det som \u00abemosjonelt og mentalt utmattende\u00bb, og sier at det som t\u00e6rer mest, er hvordan alt dette p\u00e5virker kona Melissa Coulier (42). <\/p>\n<p>          <img loading=\"lazy\" decoding=\"async\" src=\"https:\/\/www.europesays.com\/no\/wp-content\/uploads\/2025\/12\/83928601.webp\" width=\"686\" height=\"392\" title=\"ST\u00d8TTE: Coulier har rost kona for hvordan hun har hjulpet ham ved flere anledninger. Foto: Instagram \/ @melissacoulier\" alt=\"\" class=\"\" style=\"--aspect-ratio-image: 1.75; \"\/><\/p>\n<p>\n          ST\u00d8TTE: Coulier har rost kona for hvordan hun har hjulpet ham ved flere anledninger. Foto: Instagram \/ @melissacoulier\n      <\/p>\n<p>Paret har v\u00e6rt sammen siden 2005, og giftet seg ni \u00e5r senere. De har ingen barn sammen, men Courier har s\u00f8nnen Luc Coulier (35) med ekskona Jayne Modean (68).\u00a0<\/p>\n<p>        LUKSUS: Marius Borg H\u00f8iby skal n\u00e5 disponere en leilighet p\u00e5 beste Oslo vestkant. Men hvem tar regningen? Foto: Andreas Fadum \/ Tor Lindseth \/ @princerehan27 \/ Instagram \/ NTB \/\/ Reporter: Caroline Vagle \/\/ Klipp: Elise Violeta Ness Aksnes<\/p>\n<p>&#8211;\u00a0Jeg visste jo at jeg ble tappet for krefter gjennom denne prosessen, men jeg kunne se hvordan det p\u00e5virket henne, og det, tror jeg, er vanskeligere for menneskene rundt deg enn for deg selv, fortalte han til\u00a0 <a href=\"https:\/\/www.fox2detroit.com\/news\/dave-coulier-opens-up-1-on-1-about-cancer-battle\" rel=\"nofollow noopener\" target=\"_blank\">FOX Detroit<\/a>\u00a0i august og fortsatte:\u00a0<\/p>\n<p>&#8211; De g\u00e5r gjennom det p\u00e5 en lignende, men likevel helt egen vei, og det som virkelig festet seg hos meg, var hvor utrolig hun var gjennom hele denne reisen. <\/p>\n","protected":false},"excerpt":{"rendered":"Dave Coulier:\u00a0 For bare noen m\u00e5neder siden var han kreftfri. N\u00e5 forteller skuespilleren Dave Coulier at han er&hellip;\n","protected":false},"author":2,"featured_media":102670,"comment_status":"","ping_status":"","sticky":false,"template":"","format":"standard","meta":{"footnotes":""},"categories":[5],"tags":[20,21,12952,24,25,12950,15,19,479,2543,1401,22,23,17,18,13,30,28,29,14,16,26,27,12951],"class_list":{"0":"post-102669","1":"post","2":"type-post","3":"status-publish","4":"format-standard","5":"has-post-thumbnail","7":"category-overskrifter","8":"tag-breaking-news","9":"tag-breakingnews","10":"tag-dave-coulier","11":"tag-featured-news","12":"tag-featurednews","13":"tag-full-house","14":"tag-headlines","15":"tag-hovedoppslag","16":"tag-kjendis","17":"tag-kjendisdesken","18":"tag-kreft","19":"tag-latest-news","20":"tag-latestnews","21":"tag-main-news","22":"tag-mainnews","23":"tag-news","24":"tag-no","25":"tag-norge","26":"tag-norway","27":"tag-nyheter","28":"tag-overskrifter","29":"tag-top-stories","30":"tag-topstories","31":"tag-tungekreft"},"share_on_mastodon":{"url":"https:\/\/pubeurope.com\/@no\/115652108457814927","error":""},"_links":{"self":[{"href":"https:\/\/www.europesays.com\/no\/wp-json\/wp\/v2\/posts\/102669","targetHints":{"allow":["GET"]}}],"collection":[{"href":"https:\/\/www.europesays.com\/no\/wp-json\/wp\/v2\/posts"}],"about":[{"href":"https:\/\/www.europesays.com\/no\/wp-json\/wp\/v2\/types\/post"}],"author":[{"embeddable":true,"href":"https:\/\/www.europesays.com\/no\/wp-json\/wp\/v2\/users\/2"}],"replies":[{"embeddable":true,"href":"https:\/\/www.europesays.com\/no\/wp-json\/wp\/v2\/comments?post=102669"}],"version-history":[{"count":0,"href":"https:\/\/www.europesays.com\/no\/wp-json\/wp\/v2\/posts\/102669\/revisions"}],"wp:featuredmedia":[{"embeddable":true,"href":"https:\/\/www.europesays.com\/no\/wp-json\/wp\/v2\/media\/102670"}],"wp:attachment":[{"href":"https:\/\/www.europesays.com\/no\/wp-json\/wp\/v2\/media?parent=102669"}],"wp:term":[{"taxonomy":"category","embeddable":true,"href":"https:\/\/www.europesays.com\/no\/wp-json\/wp\/v2\/categories?post=102669"},{"taxonomy":"post_tag","embeddable":true,"href":"https:\/\/www.europesays.com\/no\/wp-json\/wp\/v2\/tags?post=102669"}],"curies":[{"name":"wp","href":"https:\/\/api.w.org\/{rel}","templated":true}]}}