{"id":102678,"date":"2025-12-02T21:40:22","date_gmt":"2025-12-02T21:40:22","guid":{"rendered":"https:\/\/www.europesays.com\/no\/102678\/"},"modified":"2025-12-02T21:40:22","modified_gmt":"2025-12-02T21:40:22","slug":"enzo-fernandez-snakker-ut-om-rasismesaken","status":"publish","type":"post","link":"https:\/\/www.europesays.com\/no\/102678\/","title":{"rendered":"Enzo Fern\u00e1ndez snakker ut om rasismesaken"},"content":{"rendered":"\n<p class=\"_lead_o9xde_2 _lead_xtcu6_50 layout-component text-serif-m layout-normal text-serif-l layout-component layout-wide layout-padded _wide_17hqh_1 layout-padded\">Chelsea-stjernen avbr\u00f8t sommerferien i 2024 for \u00e5 skv\u00e6re opp med lagkameratene etter rasisme-skandalen.<\/p>\n<p><img alt=\" Foto: David Klein \/ Reuters \/ NTB\" class=\"_image_qp4xg_65 layout-component layout-wide\" data-fullscreen- data-track-element-type=\"Article image fullscreen\" data-track-name=\"ImageFullscreen\" fetchpriority=\"high\" decoding=\"sync\" loading=\"eager\" height=\"966\" itemprop=\"image\"  src=\"https:\/\/www.europesays.com\/no\/wp-content\/uploads\/2025\/12\/8fd0f431-4dac-485e-9a96-e22c0199e11a\"  style=\"object-position:0% 0%\" width=\"1346\"\/> Foto: David Klein \/ Reuters \/ NTB<\/p>\n<ul aria-hidden=\"true\" class=\"_images_1uft6_111\">\n<li><a class=\"_link_1uft6_116\" href=\"https:\/\/www.vg.no\/forfatter\/andreas-hopen\" style=\"z-index:1\" title=\"Andreas Hopen\" rel=\"nofollow noopener\" target=\"_blank\"><img alt=\"Bilde av Andreas Hopen\" class=\"_image_1uft6_93\" fetchpriority=\"low\" loading=\"lazy\" decoding=\"async\" itemprop=\"image\"  src=\"https:\/\/www.europesays.com\/no\/wp-content\/uploads\/2025\/12\/1764711622_346_8d697287-ea03-4d54-ab67-6d65b82629eb\"  width=\"480\"\/><\/a><\/li>\n<\/ul>\n<p> Oppdatert tirsdag 2. desember kl. 14:15    <\/p>\n<ul class=\"_list_o9xde_3 _list_64s2r_85 _unordered_o9xde_106 text-sans-m\">\n<li class=\"_item_o9xde_30\">Chelsea-stjernen Enzo Fernandez avbr\u00f8t sommerferien for \u00e5 unnskylde til lagkameratene etter en rasisme-skandale.<\/li>\n<li class=\"_item_o9xde_30\">Videoen av Fernandez og andre Argentina-spillere som sang mot det franske landslaget fikk konsekvenser.<\/li>\n<li class=\"_item_o9xde_30\">Chelsea-lagkamerat Wesley Fofana kalte videoen \u00abuhemmet rasisme\u00bb.<\/li>\n<li class=\"_item_o9xde_30\">Fernandez tok personlig kontakt for \u00e5 skv\u00e6re opp og beklage.<\/li>\n<li class=\"_item_o9xde_30\">FIFA etterforsket hendelsen, men ingen ytterligere konsekvenser fulgte.<\/li>\n<li class=\"_item_o9xde_30\">Til tross for skandalen er Fernandez en del av kapteinsteamet under Chelsea-manager Enzo Maresca.<\/li>\n<\/ul>\n<p>Vis mer <\/p>\n<p class=\"_paragraph_o9xde_4 _paragraph_xtcu6_10 layout-component text-serif-m layout-normal text-serif-m layout-padded\">Den argentinske midtbanespilleren havnet i hardt v\u00e6r etter at han direktesendte en video der han og andre Argentina-spillere <a href=\"https:\/\/www.vg.no\/sport\/i\/KMMrVE\/i-hardt-vaer-etter-copa-feiring-uhemmet-rasisme\" data-track-element-type=\"Link\" data-track-id=\"link:KMMrVE\" class=\"_link_o9xde_39\" rel=\"nofollow noopener\" target=\"_blank\">fremf\u00f8rte en sang<\/a> rettet mot det franske landslaget etter Copa America-seieren i juli 2024.<\/p>\n<p class=\"_paragraph_o9xde_4 _paragraph_xtcu6_10 layout-component text-serif-m layout-normal text-serif-m layout-padded\">\u2013 Det var en eufori der jeg ikke ville s\u00e5re noen. Det var bare en sang vi synger i Argentina som en del av \u00abfotballfolklorenfotballfolklorenfotballkulturen\u00bb, som vi kaller det, sier Fernandez i et intervju til\u00a0<a href=\"https:\/\/www.givemesport.com\/enzo-fernandez-exclusive\/\" class=\"_link_o9xde_39\" rel=\"nofollow noopener\" target=\"_blank\">GiveMeSport<\/a>.<\/p>\n<p class=\"_paragraph_o9xde_4 _paragraph_xtcu6_10 layout-component text-serif-m layout-normal text-serif-m layout-padded\">Det er f\u00f8rste gang at Chelsea-stjernen snakker offentlig om hendelsen.<\/p>\n<p class=\"_paragraph_o9xde_4 _paragraph_xtcu6_10 layout-component text-serif-m layout-normal text-serif-m layout-padded\">Sangen fikk konsekvenser ogs\u00e5 p\u00e5 klubblaget. <\/p>\n<p class=\"_paragraph_o9xde_4 _paragraph_xtcu6_10 layout-component text-serif-m layout-normal text-serif-m layout-padded\">Chelsea-lagkamerat Wesley Fofana kalte videoen \u00abuhemmet rasisme\u00bb, og flere lagkamerater sluttet \u00e5 f\u00f8lge Fernandez p\u00e5 sosiale medier.<\/p>\n<p class=\"_paragraph_o9xde_4 _paragraph_xtcu6_10 layout-component text-serif-m layout-normal text-serif-m layout-padded\">\u2013 F\u00f8rst ringte jeg dem mens jeg var borte. S\u00e5 avbr\u00f8t jeg ferien og reiste til der laget var p\u00e5 treningsleir i USA. Det f\u00f8rste jeg gjorde da jeg kom, var \u00e5 g\u00e5 og snakke med dem for \u00e5 unnskylde personlig, forteller 24-\u00e5ringen.<\/p>\n<p class=\"_paragraph_o9xde_4 _paragraph_xtcu6_10 layout-component text-serif-m layout-normal text-serif-m layout-padded\">Fernandez beskriver perioden som \u00abvirkelig vanskelig\u00bb og sier han \u00abled\u00bb under skandalen.<\/p>\n<p class=\"_paragraph_o9xde_4 _paragraph_xtcu6_10 layout-component text-serif-m layout-normal text-serif-m layout-padded\">\u2013 Jeg pr\u00f8vde \u00e5 unnskylde til troppen for \u00e5 vise lagkameratene mine at jeg ikke er typen som diskriminerer eller d\u00f8mmer andre. De forsto budskapet mitt, og der endte det. Jeg har et veldig godt forhold til dem, sier Fernandez n\u00e5.<\/p>\n<p class=\"_paragraph_o9xde_4 _paragraph_xtcu6_10 layout-component text-serif-m layout-normal text-serif-m layout-padded\">Det franske fotballforbundet ba om en gjennomgang av hendelsen, og FIFA \u00e5pnet etterforskning \u2013 uten at det har f\u00e5tt konsekvenser.<\/p>\n<p class=\"_paragraph_o9xde_4 _paragraph_xtcu6_10 layout-component text-serif-m layout-normal text-serif-m layout-padded\">Til tross for skandalen tok Chelsea-manager Enzo Maresca han inn i kapteinsteamet, og han startet sesongen som kaptein da Reece James var skadet.<\/p>\n<p class=\"_paragraph_o9xde_4 _paragraph_xtcu6_10 layout-component text-serif-m layout-normal text-serif-m layout-padded\">\u2013 Enzo er en av kapteinene her. Lagkameratene ser ham som en referansespiller, som en kaptein. Alle gj\u00f8r feil, sa Maresca i august i fjor.<\/p>\n<p class=\"_paragraph_o9xde_4 _paragraph_xtcu6_10 layout-component text-serif-m layout-normal text-serif-m layout-padded\">Den st\u00f8tten satte argentineren pris p\u00e5.<\/p>\n<p class=\"_paragraph_o9xde_4 _paragraph_xtcu6_10 layout-component text-serif-m layout-normal text-serif-m layout-padded\">\u2013 Klubben har alltid gitt meg tillit og jeg er s\u00e5 takknemlig for \u00e5 f\u00e5 kapteinsbindet i en t\u00f8ff tid. Det viser ogs\u00e5 en del om meg, og hva jeg betyr for klubben og lagkameratene mine som viste meg tillit. Jeg er evig takknemlig for det, sier Fernandez.<\/p>\n","protected":false},"excerpt":{"rendered":"Chelsea-stjernen avbr\u00f8t sommerferien i 2024 for \u00e5 skv\u00e6re opp med lagkameratene etter rasisme-skandalen. Foto: David Klein \/ Reuters&hellip;\n","protected":false},"author":2,"featured_media":102679,"comment_status":"","ping_status":"","sticky":false,"template":"","format":"standard","meta":{"footnotes":""},"categories":[59],"tags":[1693,12987,92,30,28,29,161,83,82,46],"class_list":{"0":"post-102678","1":"post","2":"type-post","3":"status-publish","4":"format-standard","5":"has-post-thumbnail","7":"category-sport","8":"tag-chelsea-fc","9":"tag-enzo-fernandez","10":"tag-fotball","11":"tag-no","12":"tag-norge","13":"tag-norway","14":"tag-premier-league","15":"tag-sport","16":"tag-sports","17":"tag-vgai"},"share_on_mastodon":{"url":"https:\/\/pubeurope.com\/@no\/115652147638005787","error":""},"_links":{"self":[{"href":"https:\/\/www.europesays.com\/no\/wp-json\/wp\/v2\/posts\/102678","targetHints":{"allow":["GET"]}}],"collection":[{"href":"https:\/\/www.europesays.com\/no\/wp-json\/wp\/v2\/posts"}],"about":[{"href":"https:\/\/www.europesays.com\/no\/wp-json\/wp\/v2\/types\/post"}],"author":[{"embeddable":true,"href":"https:\/\/www.europesays.com\/no\/wp-json\/wp\/v2\/users\/2"}],"replies":[{"embeddable":true,"href":"https:\/\/www.europesays.com\/no\/wp-json\/wp\/v2\/comments?post=102678"}],"version-history":[{"count":0,"href":"https:\/\/www.europesays.com\/no\/wp-json\/wp\/v2\/posts\/102678\/revisions"}],"wp:featuredmedia":[{"embeddable":true,"href":"https:\/\/www.europesays.com\/no\/wp-json\/wp\/v2\/media\/102679"}],"wp:attachment":[{"href":"https:\/\/www.europesays.com\/no\/wp-json\/wp\/v2\/media?parent=102678"}],"wp:term":[{"taxonomy":"category","embeddable":true,"href":"https:\/\/www.europesays.com\/no\/wp-json\/wp\/v2\/categories?post=102678"},{"taxonomy":"post_tag","embeddable":true,"href":"https:\/\/www.europesays.com\/no\/wp-json\/wp\/v2\/tags?post=102678"}],"curies":[{"name":"wp","href":"https:\/\/api.w.org\/{rel}","templated":true}]}}