{"id":102684,"date":"2025-12-02T21:48:13","date_gmt":"2025-12-02T21:48:13","guid":{"rendered":"https:\/\/www.europesays.com\/no\/102684\/"},"modified":"2025-12-02T21:48:13","modified_gmt":"2025-12-02T21:48:13","slug":"snoskred-varsom-no-betydelig-snoskredfare-kan-losne-av-seg-selv-helgelendingen","status":"publish","type":"post","link":"https:\/\/www.europesays.com\/no\/102684\/","title":{"rendered":"Sn\u00f8skred, Varsom.no | Betydelig sn\u00f8skredfare &#8211; kan l\u00f8sne av seg selv &#8211; Helgelendingen"},"content":{"rendered":"<ol>\n<li><a href=\"https:\/\/news.google.com\/rss\/articles\/CBMihgFBVV95cUxNamp5MzdSZ2ZHcmhFR2V3R1NLQ1lHanQxX3ZIa3VVclJPTGFqWHJBZnNPYnlJS0JVNi1JN3BkRk9vUmFBYW9mWXRpVXdneDctRUZJekhyVGpDM0VQYWNINW5LWkJpSHRlb0lEeDNFQ3dnX08wUXBjLVRKUDB0VXJ1bW5iM0k3QQ?oc=5\" target=\"_blank\" rel=\"nofollow noopener\">Sn\u00f8skred, Varsom.no | Betydelig sn\u00f8skredfare &#8211; kan l\u00f8sne av seg selv<\/a>&nbsp;&nbsp;Helgelendingen<\/li>\n<li><a href=\"https:\/\/news.google.com\/rss\/articles\/CBMiigFBVV95cUxOVFRqNHI2V2lEcmRYV19vZDUyckZ2SGx1WUxKbWUxWVVBelFSalFyeFhQTGl1QkJYTGluOHNlazVpcjZXMUVmd0ZIaGNPWWNyLTNiLU1zcVpqd1B2OGxzZExWUGZldGdVcEZVVmsxWUthOGZubDlMeU9LOWw0QXAxSXlqZmVkQ0M4amc?oc=5\" target=\"_blank\" rel=\"nofollow noopener\">Fare i fjellet: \u2013 Du kan lett l\u00f8se ut skred<\/a>&nbsp;&nbsp;adressa.no<\/li>\n<li><a href=\"https:\/\/news.google.com\/rss\/articles\/CBMif0FVX3lxTFBXbVhkQ19iMmFqakNZRjhvUks2Qk02a0tzVkMxVjNlVmhYNXNWVlRfaUhrZkczTzdGRkE1b3Rjdm91MmtmMy1qUjRTd3FYQjcwLWpwaUZFV0NwZGJuM2hvUnpFd0oxX3dQSC1vaXRsSUtYak9iUzV5NjJKQm1WQkE?oc=5\" target=\"_blank\" rel=\"nofollow noopener\">Moderat sn\u00f8skredfare i nord mandag<\/a>&nbsp;&nbsp;NRK<\/li>\n<li><a href=\"https:\/\/news.google.com\/rss\/articles\/CBMimwFBVV95cUxOejQ2MC04S3lNVk1MaGFQbWZLQ2gzS0R0ODVHQXpXUTFIVlVadmJDZ0JsdU54Mng3ZTA2aE9XOXdLdXY5NjNOakwtVUp1ZWJoRU5sQUc4Y25teXRQZXNEaEJ6Rm91YjZGS0FPYzdkekdRVnAzLW5fZ2d5ZGJwR1RrVkpEYUhmcnRZQzRHeGxNWVlUUnptVEVDQkVNSQ?oc=5\" target=\"_blank\" rel=\"nofollow noopener\">Sender ut farevarsel i fjellet: \u2013 Kan lett utl\u00f8se skred<\/a>&nbsp;&nbsp;innherred.no<\/li>\n<li><a href=\"https:\/\/news.google.com\/rss\/articles\/CBMidEFVX3lxTE1Uc1JaVFRDcS1IMlpKdlJKM2dnV09Oc19vWXVDUXFlOFVRM3VKUE1CbGFkWTR3aWp3MUlpbjh4NTJwWTJFYnNIQ3gwT0FVajNrN0lSdmRTOWdRWkF5U1ZXX1FlcDV5MWdJS2NRcU9zdVUwSlBk?oc=5\" target=\"_blank\" rel=\"nofollow noopener\">Sender ut gult varsel<\/a>&nbsp;&nbsp;fjordabladet.no<\/li>\n<\/ol>\n","protected":false},"excerpt":{"rendered":"Sn\u00f8skred, Varsom.no | Betydelig sn\u00f8skredfare &#8211; kan l\u00f8sne av seg selv&nbsp;&nbsp;Helgelendingen Fare i fjellet: \u2013 Du kan lett&hellip;\n","protected":false},"author":2,"featured_media":4133,"comment_status":"","ping_status":"","sticky":false,"template":"","format":"standard","meta":{"footnotes":""},"categories":[10],"tags":[36,20,21,24,25,15,2551,22,23,13,30,28,29,14,16,10502,1510,26,27,6405],"class_list":{"0":"post-102684","1":"post","2":"type-post","3":"status-publish","4":"format-standard","5":"has-post-thumbnail","7":"category-norge","8":"tag-art","9":"tag-breaking-news","10":"tag-breakingnews","11":"tag-featured-news","12":"tag-featurednews","13":"tag-headlines","14":"tag-helgeland","15":"tag-latest-news","16":"tag-latestnews","17":"tag-news","18":"tag-no","19":"tag-norge","20":"tag-norway","21":"tag-nyheter","22":"tag-overskrifter","23":"tag-snoskred","24":"tag-story","25":"tag-top-stories","26":"tag-topstories","27":"tag-varsom-no"},"share_on_mastodon":{"url":"https:\/\/pubeurope.com\/@no\/115652178839645783","error":""},"_links":{"self":[{"href":"https:\/\/www.europesays.com\/no\/wp-json\/wp\/v2\/posts\/102684","targetHints":{"allow":["GET"]}}],"collection":[{"href":"https:\/\/www.europesays.com\/no\/wp-json\/wp\/v2\/posts"}],"about":[{"href":"https:\/\/www.europesays.com\/no\/wp-json\/wp\/v2\/types\/post"}],"author":[{"embeddable":true,"href":"https:\/\/www.europesays.com\/no\/wp-json\/wp\/v2\/users\/2"}],"replies":[{"embeddable":true,"href":"https:\/\/www.europesays.com\/no\/wp-json\/wp\/v2\/comments?post=102684"}],"version-history":[{"count":0,"href":"https:\/\/www.europesays.com\/no\/wp-json\/wp\/v2\/posts\/102684\/revisions"}],"wp:featuredmedia":[{"embeddable":true,"href":"https:\/\/www.europesays.com\/no\/wp-json\/wp\/v2\/media\/4133"}],"wp:attachment":[{"href":"https:\/\/www.europesays.com\/no\/wp-json\/wp\/v2\/media?parent=102684"}],"wp:term":[{"taxonomy":"category","embeddable":true,"href":"https:\/\/www.europesays.com\/no\/wp-json\/wp\/v2\/categories?post=102684"},{"taxonomy":"post_tag","embeddable":true,"href":"https:\/\/www.europesays.com\/no\/wp-json\/wp\/v2\/tags?post=102684"}],"curies":[{"name":"wp","href":"https:\/\/api.w.org\/{rel}","templated":true}]}}