{"id":102687,"date":"2025-12-02T21:53:10","date_gmt":"2025-12-02T21:53:10","guid":{"rendered":"https:\/\/www.europesays.com\/no\/102687\/"},"modified":"2025-12-02T21:53:10","modified_gmt":"2025-12-02T21:53:10","slug":"bolig-boligpriser-forventer-boligprisfall-det-er-ingen-budkrig-na","status":"publish","type":"post","link":"https:\/\/www.europesays.com\/no\/102687\/","title":{"rendered":"Bolig, Boligpriser | Forventer boligprisfall: \u2013 Det er ingen budkrig n\u00e5"},"content":{"rendered":"\n<p>I starten av november hadde boligprisene steget med 6,3 prosent s\u00e5 langt i \u00e5r. Onsdag leverer Eiendom Norge tall p\u00e5 hvordan den siste m\u00e5neden har g\u00e5tt.<\/p>\n<p>Meglersjef Grethe Meier i Privatmegleren forteller at de forventer en prisnedgang p\u00e5 mellom en halv og en prosent i denne runden.<\/p>\n<p>Hun begrunner det med at det har v\u00e6rt lavere aktivitet denne novemberm\u00e5neden enn tidligere.<\/p>\n<p>\u2013 Det er f\u00e6rre visninger og f\u00e6rre i budrunder. Det er ingen budkrig n\u00e5. Jeg forventer at prisene vil falle, sier hun til Nettavisen.<\/p>\n<p>Unntaket er Bergen, Stavanger og Troms\u00f8. <\/p>\n<p>\u2013 I resten av landet er det kj\u00f8pers marked. Det er mye \u00e5 velge i og mindre press p\u00e5 tid, sier Meier.<\/p>\n<p>Spesielt i hovedstaden er det mye \u00e5 velge mellom, p\u00e5peker Meyer. Tidligere utleieleiligheter kommer fortsatt til salgs.<\/p>\n<p><b>Les ogs\u00e5: <a class=\"simple-relation related-teaser article--c-eRUmMG article--c-eRUmMG-fZoQSp-design-nettavisen article--c-eRUmMG-gwthdJ-cv\" href=\"https:\/\/www.nettavisen.no\/kupping-og-rekordpriser-forstar-at-de-prover\/s\/5-95-2754173\" rel=\"nofollow noopener\" target=\"_blank\">Kupping og rekordpriser: \u2013 Forst\u00e5r at de pr\u00f8ver<\/a><\/b><\/p>\n<p>\u2013 Kommer ikke til \u00e5 skje<\/p>\n<p>  Et problem er at boligbyggingen ikke har tatt seg opp.  <\/p>\n<p>  Bransjen klarer ikke \u00e5 levere til ettersp\u00f8rselen, forklarer administrerende direkt\u00f8r i boligutviklingsselskapet Selvaag Bolig, Sverre Molvik.  <\/p>\n<p>\u2013 Vi opererer i de store byene. Der klarer vi \u00e5 komme i gang med nyboligprosjekter. I sentrale str\u00f8k som stor-Oslo, Bergen og Stavanger lar det seg gj\u00f8re.<\/p>\n<p>Andre steder i landet overstiger kostnadene inntektene. Det blir rett og slett for dyrt \u00e5 bygge nye boliger og leiligheter for entrepren\u00f8rene.<\/p>\n<p>\u2013 Byggherren kan ikke subsidiere folks boligkj\u00f8p. Kostnadene m\u00e5 v\u00e6re lavere enn inntektene. Det blir ikke boligvekst f\u00f8r man lemper p\u00e5 tekniske krav til bygg slik at man f\u00e5r ned kostnadene. Det kommer sannsynligvis ikke til \u00e5 skje. Renten kommer kanskje til \u00e5 falle noe, men det kommer ikke til \u00e5 bli noe eksplosjon av boligbyggingen.<\/p>\n<p><b>Les ogs\u00e5: <a class=\"simple-relation related-teaser article--c-eRUmMG article--c-eRUmMG-fZoQSp-design-nettavisen article--c-eRUmMG-gwthdJ-cv\" href=\"https:\/\/www.nettavisen.no\/finn-annonsen-fikk-kommunen-til-a-se-rodt\/s\/5-95-2756079\" rel=\"nofollow noopener\" target=\"_blank\">Finn-annonsen fikk kommunen til \u00e5 se r\u00f8dt<\/a><\/b><\/p>\n<p>Det kommer ikke til \u00e5 skje<\/p>\n<p>\u2013 Men det har v\u00e6rt rentekutt i \u00e5r. Hvorfor hjelper ikke det byggebransjen? <\/p>\n<p>\u2013 Det har v\u00e6rt rentekutt, men f\u00e6rre enn kj\u00f8perne forventet.<\/p>\n<p>Kj\u00f8perne t\u00f8r ikke ta sjansen p\u00e5 \u00e5 kj\u00f8pe en leilighet i et nybygg n\u00e5r de ikke vet hva de f\u00e5r for den n\u00e5v\u00e6rende boligen sin, forklarer Molvik.<\/p>\n<p>\u2013 Det skal mer til f\u00f8r det l\u00f8sner skikkelig.<\/p>\n<p><b>Les ogs\u00e5: <a class=\"simple-relation related-teaser article--c-eRUmMG article--c-eRUmMG-fZoQSp-design-nettavisen article--c-eRUmMG-gwthdJ-cv\" href=\"https:\/\/www.nettavisen.no\/kjopte-bolig-for-5-millioner-endte-i-mareritt\/s\/5-95-2745308\" rel=\"nofollow noopener\" target=\"_blank\">Kj\u00f8pte bolig for 5 millioner \u2013 endte i mareritt<\/a><\/b><\/p>\n<p>Sp\u00e5r prisvekst fra ny\u00e5ret<\/p>\n<p>Mens boligveksten st\u00e5r stille, kan prisveksten allerede ta av igjen fra ny\u00e5ret.<\/p>\n<p>\u2013 Vi tror det blir bra aktivitet allerede fra januar, og en god pris\u00f8kning i januar og februar. Stavanger, Bergen og Troms\u00f8 vil dra prisene mest. Det blir ogs\u00e5 en del utleieboliger til salgs i 2026, sier Meier.<\/p>\n<p>Meglerbyr\u00e5et forventer en prisvekst p\u00e5 fem til seks prosent i 2026.<\/p>\n","protected":false},"excerpt":{"rendered":"I starten av november hadde boligprisene steget med 6,3 prosent s\u00e5 langt i \u00e5r. Onsdag leverer Eiendom Norge&hellip;\n","protected":false},"author":2,"featured_media":101863,"comment_status":"","ping_status":"","sticky":false,"template":"","format":"standard","meta":{"footnotes":""},"categories":[56],"tags":[60,61,62,30,28,29],"class_list":{"0":"post-102687","1":"post","2":"type-post","3":"status-publish","4":"format-standard","5":"has-post-thumbnail","7":"category-naeringsliv","8":"tag-business","9":"tag-economy","10":"tag-naeringsliv","11":"tag-no","12":"tag-norge","13":"tag-norway"},"share_on_mastodon":{"url":"https:\/\/pubeurope.com\/@no\/115652198618460845","error":""},"_links":{"self":[{"href":"https:\/\/www.europesays.com\/no\/wp-json\/wp\/v2\/posts\/102687","targetHints":{"allow":["GET"]}}],"collection":[{"href":"https:\/\/www.europesays.com\/no\/wp-json\/wp\/v2\/posts"}],"about":[{"href":"https:\/\/www.europesays.com\/no\/wp-json\/wp\/v2\/types\/post"}],"author":[{"embeddable":true,"href":"https:\/\/www.europesays.com\/no\/wp-json\/wp\/v2\/users\/2"}],"replies":[{"embeddable":true,"href":"https:\/\/www.europesays.com\/no\/wp-json\/wp\/v2\/comments?post=102687"}],"version-history":[{"count":0,"href":"https:\/\/www.europesays.com\/no\/wp-json\/wp\/v2\/posts\/102687\/revisions"}],"wp:featuredmedia":[{"embeddable":true,"href":"https:\/\/www.europesays.com\/no\/wp-json\/wp\/v2\/media\/101863"}],"wp:attachment":[{"href":"https:\/\/www.europesays.com\/no\/wp-json\/wp\/v2\/media?parent=102687"}],"wp:term":[{"taxonomy":"category","embeddable":true,"href":"https:\/\/www.europesays.com\/no\/wp-json\/wp\/v2\/categories?post=102687"},{"taxonomy":"post_tag","embeddable":true,"href":"https:\/\/www.europesays.com\/no\/wp-json\/wp\/v2\/tags?post=102687"}],"curies":[{"name":"wp","href":"https:\/\/api.w.org\/{rel}","templated":true}]}}