{"id":102688,"date":"2025-12-02T21:55:15","date_gmt":"2025-12-02T21:55:15","guid":{"rendered":"https:\/\/www.europesays.com\/no\/102688\/"},"modified":"2025-12-02T21:55:15","modified_gmt":"2025-12-02T21:55:15","slug":"haeren-krever-tilbakebetalt-lonn-fra-soldater","status":"publish","type":"post","link":"https:\/\/www.europesays.com\/no\/102688\/","title":{"rendered":"H\u00e6ren krever tilbakebetalt l\u00f8nn fra soldater"},"content":{"rendered":"\n<ul class=\"_list_o9xde_3 _list_64s2r_85 _unordered_o9xde_106 text-sans-m\">\n<li class=\"_item_o9xde_30\">115 tidligere soldater m\u00e5 betale tilbake penger etter overutbetaling i sommer.<\/li>\n<li class=\"_item_o9xde_30\">Charles Muraya Mwangi (20) er fortvilet og lurer p\u00e5 hvordan han skal ha r\u00e5d til julegaver.<\/li>\n<li class=\"_item_o9xde_30\">Soldatene ble informert mange m\u00e5neder senere og har bare to uker p\u00e5 \u00e5 betale tilbake.<\/li>\n<li class=\"_item_o9xde_30\">Forsvarets kommunikasjonssjef innr\u00f8mmer feil, men insisterer p\u00e5 tilbakebetaling.<\/li>\n<\/ul>\n<p>Vis mer <\/p>\n<p class=\"_paragraph_o9xde_4 _paragraph_xtcu6_10 layout-component text-serif-m layout-normal text-serif-m layout-padded\">1. desember tikket det inn en melding i DigiposDigiposDigital postkasset til 115 tidligere soldater i H\u00e6ren:<\/p>\n<p class=\"_paragraph_o9xde_4 _paragraph_xtcu6_10 layout-component text-serif-m layout-normal text-serif-m layout-padded\">Soldatene fikk utbetalt for mye penger i sommer. Deres siste l\u00f8nningssjekk i Forsvaret hadde \u00abmedf\u00f8rt for mye utbetaling\u00bb, som det heter i brevet.<\/p>\n<p class=\"_paragraph_o9xde_4 _paragraph_xtcu6_10 layout-component text-serif-m layout-normal text-serif-m layout-padded\">\u2013 Jeg fikk beskjed om \u00e5 tilbakebetale 4026 kroner, sier Charles Muraya Mwangi til VG. <\/p>\n<p class=\"_paragraph_o9xde_4 _paragraph_xtcu6_10 layout-component text-serif-m layout-normal text-serif-m layout-padded\">Da Mwangi tok kontakt med resten av kompaniet, viste det seg at han ikke var den eneste som hadde f\u00e5tt denne adventsgaven. <\/p>\n<p class=\"_paragraph_o9xde_4 _paragraph_xtcu6_10 layout-component text-serif-m layout-normal text-serif-m layout-padded\">\u2013 Det var en ubehagelig overraskelse, for \u00e5 si det mildt, sier Viktor S\u00f8rland (19).<\/p>\n<p><img alt=\"Viktor S\u00f8rland blir 20 \u00e5r 4. desember.\" class=\"_image_qp4xg_65 layout-component layout-normal\" data-fullscreen- data-track-element-type=\"Article image fullscreen\" data-track-name=\"ImageFullscreen\" decoding=\"async\" loading=\"lazy\" height=\"3086\" itemprop=\"image\"  src=\"https:\/\/www.europesays.com\/no\/wp-content\/uploads\/2025\/12\/7819a1af-445d-4a96-8ec5-921854055d06\"  style=\"object-position:46.83042789223455% 60.27219701879456%\" width=\"1893\"\/>Viktor S\u00f8rland blir 20 \u00e5r 4. desember.<\/p>\n<p class=\"_paragraph_o9xde_4 _paragraph_xtcu6_10 layout-component text-serif-m layout-normal text-serif-m layout-padded\">I juli ble de dimittertdimittert Dimittert betyr \u00e5 bli offisielt l\u00f8slatt fra milit\u00e6rtjeneste etter \u00e5 ha fullf\u00f8rt verneplikten., en m\u00e5ned f\u00f8r tiden etter \u00e5 ha avtjent 11 m\u00e5neders verneplikt ved Terningmoen i Elverum. De skulle likevel f\u00e5 betalt for den siste m\u00e5neden av plikttjenesten og fikk dette etterbetalt i juli. <\/p>\n<p>To ukers frist<\/p>\n<p class=\"_paragraph_o9xde_4 _paragraph_xtcu6_10 layout-component text-serif-m layout-normal text-serif-m layout-padded\">N\u00e5 har de f\u00e5tt to uker p\u00e5 seg p\u00e5 \u00e5 betale tilbake pengene. Innen 15. desember. <\/p>\n<p class=\"_paragraph_o9xde_4 _paragraph_xtcu6_10 layout-component text-serif-m layout-normal text-serif-m layout-padded\">I brevet fra Forsvarets understrekes det at \u00abvedtaket ikke kan p\u00e5klages\u00bb.<\/p>\n<p><img alt=\"Charles Muraya Mwangi\" class=\"_image_qp4xg_65 layout-component layout-normal\" data-fullscreen- data-track-element-type=\"Article image fullscreen\" data-track-name=\"ImageFullscreen\" decoding=\"async\" loading=\"lazy\" height=\"1645\" itemprop=\"image\"  src=\"https:\/\/www.europesays.com\/no\/wp-content\/uploads\/2025\/12\/9df9efe7-b618-4b05-ac3f-c5bb5b60ed16\"  style=\"object-position:47.69736842105263% 30.48632218844985%\" width=\"760\"\/>Charles Muraya Mwangi<img alt=\"Viktor S\u00f8rland\" class=\"_image_qp4xg_65 layout-component layout-normal\" data-fullscreen- data-track-element-type=\"Article image fullscreen\" data-track-name=\"ImageFullscreen\" decoding=\"async\" loading=\"lazy\" height=\"2920\" itemprop=\"image\"  src=\"https:\/\/www.europesays.com\/no\/wp-content\/uploads\/2025\/12\/2ecbf63b-722d-4e05-909e-df1c2e39e123\"  style=\"object-position:0% 0%\" width=\"2041\"\/>Viktor S\u00f8rland<\/p>\n<p class=\"_paragraph_o9xde_4 _paragraph_xtcu6_10 layout-component text-serif-m layout-normal text-serif-m layout-padded\">\u2013 Jeg visste ikke engang at jeg hadde f\u00e5tt for mye l\u00f8nn, sier Mwangi.<\/p>\n<p class=\"_paragraph_o9xde_4 _paragraph_xtcu6_10 layout-component text-serif-m layout-normal text-serif-m layout-padded\">En vanlig m\u00e5nedsl\u00f8nn l\u00e5 p\u00e5 6930 kroner. <\/p>\n<p class=\"_paragraph_o9xde_4 _paragraph_xtcu6_10 layout-component text-serif-m layout-normal text-serif-m layout-padded\">\u2013 Jeg reagerte ikke p\u00e5 at bel\u00f8pet var h\u00f8yere enn vanlig fordi det var en etterbetaling av dimmepenger og ikke en vanlig l\u00f8nning. Jeg regnet med at bel\u00f8pet var korrekt, sier S\u00f8rland.<\/p>\n<p>Innr\u00f8mmer feil<\/p>\n<p class=\"_paragraph_o9xde_4 _paragraph_xtcu6_10 layout-component text-serif-m layout-normal text-serif-m layout-padded\">N\u00e5r VG ber Forsvaret sjekke hvor mange som har f\u00e5tt krav om \u00e5 betale tilbake penger, viser det seg at det er snakk om over tidligere 100 soldater.<\/p>\n<p class=\"_paragraph_o9xde_4 _paragraph_xtcu6_10 layout-component text-serif-m layout-normal text-serif-m layout-padded\">\u2013 Her har Forsvaret dessverre gjort en feil, sier kommunikasjonssjef Trine Sylju Arntsen i Forsvarets personell- og vernepliktssenter til VG.<\/p>\n<p class=\"_paragraph_o9xde_4 _paragraph_xtcu6_10 layout-component text-serif-m layout-normal text-serif-m layout-padded\">\u2013 Vi har oppdaget at 115 soldater har f\u00e5tt utbetalt for mye penger i forbindelse med dimisjon i sommer. Forsvaret forvalter fellesskapets midler \u2013 og det er viktig at vi retter opp i v\u00e5re feil.<\/p>\n<p><img alt=\"Rekrutter trener p\u00e5 \u00e5 skifte ammunisjon i Terningmoen leir.  Foto: Ole Berg-Rusten \/ NTB\" class=\"_image_qp4xg_65 layout-component layout-normal\" data-fullscreen- data-track-element-type=\"Article image fullscreen\" data-track-name=\"ImageFullscreen\" decoding=\"async\" loading=\"lazy\" height=\"6336\" itemprop=\"image\"  src=\"https:\/\/www.europesays.com\/no\/wp-content\/uploads\/2025\/12\/6f58882f-ef7a-49e3-ab83-3aa01825f6b1\"  style=\"object-position:0% 0%\" width=\"9504\"\/>Rekrutter trener p\u00e5 \u00e5 skifte ammunisjon i Terningmoen leir.  Foto: Ole Berg-Rusten \/ NTB<\/p>\n<p class=\"_paragraph_o9xde_4 _paragraph_xtcu6_10 layout-component text-serif-m layout-normal text-serif-m layout-padded\">Soldatene m\u00e5 likevel betale tilbake.<\/p>\n<p class=\"_paragraph_o9xde_4 _paragraph_xtcu6_10 layout-component text-serif-m layout-normal text-serif-m layout-padded\">\u2013 I de tilfeller hvor vi har utbetalt for mye penger til mennesker vi mener burde ha forst\u00e5tt at de fikk feil utbetaling \u2013 kan vi kreve tilbakebetaling. Det mener vi har skjedd her, sier hun.<\/p>\n<p><img alt=\"Kommunikasjonssjef Trine Sylju Arntsen i Forsvarets personell- og vernepliktssenter.  Foto: Torbj\u00f8rn Kjosvold \/ Forsvaret\" class=\"_image_qp4xg_65 layout-component layout-normal\" data-fullscreen- data-track-element-type=\"Article image fullscreen\" data-track-name=\"ImageFullscreen\" decoding=\"async\" loading=\"lazy\" height=\"4838\" itemprop=\"image\"  src=\"https:\/\/www.europesays.com\/no\/wp-content\/uploads\/2025\/12\/f312a38e-dd5d-4ecf-90b7-c4facef0f020\"  style=\"object-position:0% 0%\" width=\"3227\"\/>Kommunikasjonssjef Trine Sylju Arntsen i Forsvarets personell- og vernepliktssenter.  Foto: Torbj\u00f8rn Kjosvold \/ Forsvaret<\/p>\n<p class=\"_paragraph_o9xde_4 _paragraph_xtcu6_10 layout-component text-serif-m layout-normal text-serif-m layout-padded\">Men pengene er for lengst brukt opp.<\/p>\n<p class=\"_paragraph_o9xde_4 _paragraph_xtcu6_10 layout-component text-serif-m layout-normal text-serif-m layout-padded\">\u2013 N\u00e5 skj\u00f8nner jeg ikke hvordan jeg skal f\u00e5 betalt tilbake pengene, sier Mwangi, som er blitt student og har flyttet siden i sommer.<\/p>\n<p class=\"_paragraph_o9xde_4 _paragraph_xtcu6_10 layout-component text-serif-m layout-normal text-serif-m layout-padded\">\u2013 Julegavehandelen er i alle fall spolert.<\/p>\n<p><img alt=\"Charles Muraya Mwangi vet ikke hvor han skal hente pengene fra.\" class=\"_image_qp4xg_65 layout-component layout-normal\" data-fullscreen- data-track-element-type=\"Article image fullscreen\" data-track-name=\"ImageFullscreen\" decoding=\"async\" loading=\"lazy\" height=\"512\" itemprop=\"image\"  src=\"https:\/\/www.europesays.com\/no\/wp-content\/uploads\/2025\/12\/b8b28c37-247a-43bf-b059-e0131a51ed40\"  style=\"object-position:66.04774535809018% 23.6328125%\" width=\"377\"\/>Charles Muraya Mwangi vet ikke hvor han skal hente pengene fra.<\/p>\n<p class=\"_paragraph_o9xde_4 _paragraph_xtcu6_10 layout-component text-serif-m layout-normal text-serif-m layout-padded\">Den tidligere medsoldaten S\u00f8rland har ogs\u00e5 blitt student og sier \u00f8konomien er stram n\u00e5.<\/p>\n<p class=\"_paragraph_o9xde_4 _paragraph_xtcu6_10 layout-component text-serif-m layout-normal text-serif-m layout-padded\"> \u2013 Jeg f\u00e5r studiel\u00e5n 15. desember. Jeg blir n\u00f8dt til \u00e5 bruke l\u00e5net p\u00e5 \u00e5 betale tilbake, sier han.<\/p>\n<p>\u2013 Un\u00f8dvendig<\/p>\n<p class=\"_paragraph_o9xde_4 _paragraph_xtcu6_10 layout-component text-serif-m layout-normal text-serif-m layout-padded\">De forst\u00e5r at pengene m\u00e5 tilbakebetales.<\/p>\n<p class=\"_paragraph_o9xde_4 _paragraph_xtcu6_10 layout-component text-serif-m layout-normal text-serif-m layout-padded\">\u2013 Men jeg synes det er synd at Forsvarets tabbe g\u00e5r ut over oss, sier S\u00f8rland.<\/p>\n<p class=\"_paragraph_o9xde_4 _paragraph_xtcu6_10 layout-component text-serif-m layout-normal text-serif-m layout-padded\">Og hvorfor f\u00e5r vi vite dette f\u00f8rst n\u00e5, s\u00e5 mange m\u00e5neder senere? undrer de.<\/p>\n<p class=\"_paragraph_o9xde_4 _paragraph_xtcu6_10 layout-component text-serif-m layout-normal text-serif-m layout-padded\">\u2013 Det oppleves un\u00f8dvendig. Vi er unge mennesker med en s\u00e5rbar \u00f8konomi, og trenger forutsigbarhet. Slike overraskelser t\u00e5ler ikke min lommebok, sier Mwangi.<\/p>\n<p><img alt=\"\" class=\"_image_qp4xg_65 layout-component layout-normal\" data-fullscreen- data-track-element-type=\"Article image fullscreen\" data-track-name=\"ImageFullscreen\" decoding=\"async\" loading=\"lazy\" height=\"1687\" itemprop=\"image\"  src=\"https:\/\/www.europesays.com\/no\/wp-content\/uploads\/2025\/12\/6d61c5ee-60bf-4c5b-9eea-222f18109512\"  style=\"object-position:0% 0%\" width=\"1222\"\/><\/p>\n<p class=\"_paragraph_o9xde_4 _paragraph_xtcu6_10 layout-component text-serif-m layout-normal text-serif-m layout-padded\">Forsvaret sier de forst\u00e5r at \u00abdette kommer br\u00e5tt p\u00e5 og at ikke alle har disse pengene tilgjengelig n\u00e5.\u00bb<\/p>\n<p class=\"_paragraph_o9xde_4 _paragraph_xtcu6_10 layout-component text-serif-m layout-normal text-serif-m layout-padded\">\u2013 Da ber vi de ta kontakt med Forsvaret s\u00e5 lager vi en tilbakebetalingsplan, sier Arntsen.<\/p>\n<p class=\"_paragraph_o9xde_4 _paragraph_xtcu6_10 layout-component text-serif-m layout-normal text-serif-m layout-padded\"><strong class=\"_strong_o9xde_25\">Det er ikke svar godt nok, mener Staale Idar Reiten, forbundsleder i Norges offiser- og spesialistforbund.<\/strong><\/p>\n<p class=\"_paragraph_o9xde_4 _paragraph_xtcu6_10 layout-component text-serif-m layout-normal text-serif-m layout-padded\">\u2013 Arbeidsmilj\u00f8loven gir noen retningslinjer for hvilke kriterier som gjelder for krav om tilbakebetaling av l\u00f8nn, sier Reiten til VG.<\/p>\n<p><img alt=\"Staale Idar Reiten, forbundsleder i Norges offiser- og spesialistforbund.\" class=\"_image_qp4xg_65 layout-component layout-normal\" data-fullscreen- data-track-element-type=\"Article image fullscreen\" data-track-name=\"ImageFullscreen\" decoding=\"async\" loading=\"lazy\" height=\"6109\" itemprop=\"image\"  src=\"https:\/\/www.europesays.com\/no\/wp-content\/uploads\/2025\/12\/a21c6609-4ebd-4e9e-a335-ccf97bfe336d\"  style=\"object-position:49.312546034863736% 27.966934031756423%\" width=\"4073\"\/>Staale Idar Reiten, forbundsleder i Norges offiser- og spesialistforbund.<\/p>\n<p class=\"_paragraph_o9xde_4 _paragraph_xtcu6_10 layout-component text-serif-m layout-normal text-serif-m layout-padded\">Det handler om arbeidstagers behov for l\u00f8nn til \u00e5 dekke leveomkostninger, om arbeidstager burde ha forst\u00e5tt at han mottok for mye l\u00f8nn, og hvor lang tid det har g\u00e5tt fra feilutbetalingen.<\/p>\n<p class=\"_paragraph_o9xde_4 _paragraph_xtcu6_10 layout-component text-serif-m layout-normal text-serif-m layout-padded\">\u2013 I denne saken har det for det f\u00f8rste g\u00e5tt lang tid fra pengene er utbetalt til de tidlige soldatene fikk vite om feilen. Hvor vidt disse pengene er tatt i mot i god tro er ogs\u00e5 relevant. Her kan det se slik ut, sier han.<\/p>\n<p>\u2013 D\u00e5rlig for omd\u00f8mme<\/p>\n<p class=\"_paragraph_o9xde_4 _paragraph_xtcu6_10 layout-component text-serif-m layout-normal text-serif-m layout-padded\">Han synes det h\u00f8res ut som Forsvaret har en d\u00e5lig sak dersom betalingskravet testes i Forliksr\u00e5det eller i retten. <\/p>\n<p class=\"_paragraph_o9xde_4 _paragraph_xtcu6_10 layout-component text-serif-m layout-normal text-serif-m layout-padded\">\u2013 Omd\u00f8mmemessig har Forsvaret i alle fall en d\u00e5rlig sak, sier han.<\/p>\n","protected":false},"excerpt":{"rendered":"115 tidligere soldater m\u00e5 betale tilbake penger etter overutbetaling i sommer. Charles Muraya Mwangi (20) er fortvilet og&hellip;\n","protected":false},"author":2,"featured_media":102689,"comment_status":"","ping_status":"","sticky":false,"template":"","format":"standard","meta":{"footnotes":""},"categories":[10],"tags":[20,21,24,25,15,22,23,13,30,28,29,14,16,2008,12158,26,27,9083],"class_list":{"0":"post-102688","1":"post","2":"type-post","3":"status-publish","4":"format-standard","5":"has-post-thumbnail","7":"category-norge","8":"tag-breaking-news","9":"tag-breakingnews","10":"tag-featured-news","11":"tag-featurednews","12":"tag-headlines","13":"tag-latest-news","14":"tag-latestnews","15":"tag-news","16":"tag-no","17":"tag-norge","18":"tag-norway","19":"tag-nyheter","20":"tag-overskrifter","21":"tag-penger","22":"tag-tabbe","23":"tag-top-stories","24":"tag-topstories","25":"tag-verneplikt"},"share_on_mastodon":{"url":"https:\/\/pubeurope.com\/@no\/115652206667552573","error":""},"_links":{"self":[{"href":"https:\/\/www.europesays.com\/no\/wp-json\/wp\/v2\/posts\/102688","targetHints":{"allow":["GET"]}}],"collection":[{"href":"https:\/\/www.europesays.com\/no\/wp-json\/wp\/v2\/posts"}],"about":[{"href":"https:\/\/www.europesays.com\/no\/wp-json\/wp\/v2\/types\/post"}],"author":[{"embeddable":true,"href":"https:\/\/www.europesays.com\/no\/wp-json\/wp\/v2\/users\/2"}],"replies":[{"embeddable":true,"href":"https:\/\/www.europesays.com\/no\/wp-json\/wp\/v2\/comments?post=102688"}],"version-history":[{"count":0,"href":"https:\/\/www.europesays.com\/no\/wp-json\/wp\/v2\/posts\/102688\/revisions"}],"wp:featuredmedia":[{"embeddable":true,"href":"https:\/\/www.europesays.com\/no\/wp-json\/wp\/v2\/media\/102689"}],"wp:attachment":[{"href":"https:\/\/www.europesays.com\/no\/wp-json\/wp\/v2\/media?parent=102688"}],"wp:term":[{"taxonomy":"category","embeddable":true,"href":"https:\/\/www.europesays.com\/no\/wp-json\/wp\/v2\/categories?post=102688"},{"taxonomy":"post_tag","embeddable":true,"href":"https:\/\/www.europesays.com\/no\/wp-json\/wp\/v2\/tags?post=102688"}],"curies":[{"name":"wp","href":"https:\/\/api.w.org\/{rel}","templated":true}]}}