{"id":102692,"date":"2025-12-02T22:03:10","date_gmt":"2025-12-02T22:03:10","guid":{"rendered":"https:\/\/www.europesays.com\/no\/102692\/"},"modified":"2025-12-02T22:03:10","modified_gmt":"2025-12-02T22:03:10","slug":"nyheter-sunndalsora-hydro-sunndal-su3-vant-prestisjefylt-pris","status":"publish","type":"post","link":"https:\/\/www.europesays.com\/no\/102692\/","title":{"rendered":"Nyheter, Sunndals\u00f8ra | Hydro Sunndal SU3 vant prestisjefylt pris"},"content":{"rendered":"\n<p>Prisen ble delt ut under en digital seremoni mandag ettermiddag.<\/p>\n<p>Juryen begrunner tildelingen med at mannskapen i hallen gjennom systematisk forbedring og bruk av AMBS-prinsipper over tid har oppn\u00e5dd produksjonsrekord, lavt energiforbruk og lavt CO2-fotavtrykk.<\/p>\n<p>President Awards regnes som en h\u00f8ythengende utmerkelse i Hydro-systemet, der man konkurrerer med hele konsernet.<\/p>\n<p>Avhengig av samarbeid<\/p>\n<p>Fabrikksjef Wenche Eldegard ved Sunndal verk sier at resultatet er et resultat av godt samarbeid.<\/p>\n<p>\u2013 Det er stor avhengighet mellom verdikjedene p\u00e5 fabrikken, s\u00e5 for \u00e5 oppn\u00e5 disse resultatene er en sv\u00e6rt avhengig av topp performance fra leverand\u00f8rer, kunder og et godt st\u00f8tteapparat, sier hun.<\/p>\n<p>Snart 60 \u00e5r<\/p>\n<p>SU3 ble startet i 1968 og n\u00e6rmer seg n\u00e5 60 \u00e5r i drift. Eldegard mener aldersgrensen ikke har v\u00e6rt til hinder for \u00e5 oppn\u00e5 resultater.<\/p>\n<p>\u2013 Fordi vi har en organisasjon som har s\u00e6rdeles god forst\u00e5else og kompetanse om prosessen, har evnen til \u00e5 ta i bruk nye teknologielementer, men ikke minst er ivrige etter nye forbedringer, gj\u00f8r at en kan oppn\u00e5 den prestasjonen som SU3 har vist gjennom \u00e5r, sier hun.<\/p>\n<p>Fabrikksjefen sier hun er utrolig stolt over organisasjonen og prestasjonen.<\/p>\n","protected":false},"excerpt":{"rendered":"Prisen ble delt ut under en digital seremoni mandag ettermiddag. Juryen begrunner tildelingen med at mannskapen i hallen&hellip;\n","protected":false},"author":2,"featured_media":102693,"comment_status":"","ping_status":"","sticky":false,"template":"","format":"standard","meta":{"footnotes":""},"categories":[56],"tags":[36,60,61,12988,62,30,28,29,14,1510,8616,12989],"class_list":{"0":"post-102692","1":"post","2":"type-post","3":"status-publish","4":"format-standard","5":"has-post-thumbnail","7":"category-naeringsliv","8":"tag-art","9":"tag-business","10":"tag-economy","11":"tag-hydro-aluminium","12":"tag-naeringsliv","13":"tag-no","14":"tag-norge","15":"tag-norway","16":"tag-nyheter","17":"tag-story","18":"tag-sunndalsora","19":"tag-verket"},"share_on_mastodon":{"url":"https:\/\/pubeurope.com\/@no\/115652237942473098","error":""},"_links":{"self":[{"href":"https:\/\/www.europesays.com\/no\/wp-json\/wp\/v2\/posts\/102692","targetHints":{"allow":["GET"]}}],"collection":[{"href":"https:\/\/www.europesays.com\/no\/wp-json\/wp\/v2\/posts"}],"about":[{"href":"https:\/\/www.europesays.com\/no\/wp-json\/wp\/v2\/types\/post"}],"author":[{"embeddable":true,"href":"https:\/\/www.europesays.com\/no\/wp-json\/wp\/v2\/users\/2"}],"replies":[{"embeddable":true,"href":"https:\/\/www.europesays.com\/no\/wp-json\/wp\/v2\/comments?post=102692"}],"version-history":[{"count":0,"href":"https:\/\/www.europesays.com\/no\/wp-json\/wp\/v2\/posts\/102692\/revisions"}],"wp:featuredmedia":[{"embeddable":true,"href":"https:\/\/www.europesays.com\/no\/wp-json\/wp\/v2\/media\/102693"}],"wp:attachment":[{"href":"https:\/\/www.europesays.com\/no\/wp-json\/wp\/v2\/media?parent=102692"}],"wp:term":[{"taxonomy":"category","embeddable":true,"href":"https:\/\/www.europesays.com\/no\/wp-json\/wp\/v2\/categories?post=102692"},{"taxonomy":"post_tag","embeddable":true,"href":"https:\/\/www.europesays.com\/no\/wp-json\/wp\/v2\/tags?post=102692"}],"curies":[{"name":"wp","href":"https:\/\/api.w.org\/{rel}","templated":true}]}}