{"id":102698,"date":"2025-12-02T22:07:09","date_gmt":"2025-12-02T22:07:09","guid":{"rendered":"https:\/\/www.europesays.com\/no\/102698\/"},"modified":"2025-12-02T22:07:09","modified_gmt":"2025-12-02T22:07:09","slug":"avstanden-blir-bare-storre-og-storre-aafk-ma-rykke-opp-na-smp-no","status":"publish","type":"post","link":"https:\/\/www.europesays.com\/no\/102698\/","title":{"rendered":"\u00abAvstanden blir bare st\u00f8rre og st\u00f8rre. AaFK m\u00e5 rykke opp n\u00e5\u00bb &#8211; smp.no"},"content":{"rendered":"<ol>\n<li><a href=\"https:\/\/news.google.com\/rss\/articles\/CBMimwFBVV95cUxPdjVJaWNSRk94M3pOb0NQalZiUDFNajkxVWcxdXVJUk9BUEtEN09QRVUxSE9xQzZKOGZaMVZadFlwS2wtSHUzQnNkNGt4cTRJTVZzclBMYndKYzhvR0N2V3dKdDlHejluLUtUQkthNVp6X1ZZbHRnYnBUX2I3cnZtUXkwUm5oeERfc09XRFVPNnVCRWJVWGN4ajZoUQ?oc=5\" target=\"_blank\" rel=\"nofollow noopener\">\u00abAvstanden blir bare st\u00f8rre og st\u00f8rre. AaFK m\u00e5 rykke opp n\u00e5\u00bb<\/a>&nbsp;&nbsp;smp.no<\/li>\n<li><a href=\"https:\/\/news.google.com\/rss\/articles\/CBMib0FVX3lxTFBlNUw2NkZ0V0VqSjQ3ODhNTUdwMTVvOTZKaVZpbGZBMGdBdUN2c0lIZjlYenNCdXVuem9Od25UTHNud0hwaTcyaFY5cUJ1Z0FCMV9COTVneXlOTlN4UnVuQlRTaGFQWWg2YlZ1aGhQdw?oc=5\" target=\"_blank\" rel=\"nofollow noopener\">Playoff-finalen: Billettinformasjon! \/ Aalesund<\/a>&nbsp;&nbsp;Aalesund<\/li>\n<li><a href=\"https:\/\/news.google.com\/rss\/articles\/CBMitAFBVV95cUxOd29ZUWN6UEt2ZzJ2ZXQya2Q5c1d3MlVRVW5LTDczRlVZNHA5WEt5c1pOOVlkNXZUQmpjSzJncEZZbFdrQVhGVFpVb3NqT2hkbXlGTmR5OXMtRUh6U09FSWliRGQxUXRfcEZnSWd1cVJESUJGcDZoWjVtajdYc3dSd2tQZExQQkliQTVnNjhaQW81cERSYXhjdTNCNjJKSmNkTGVmckx0ZDkyMWNYV3Myd2NKSlA?oc=5\" target=\"_blank\" rel=\"nofollow noopener\">Ekstraomganger i kampen om opprykk til Eliteserien: M\u00e5lkalas p\u00e5 Gjemselund<\/a>&nbsp;&nbsp;NRK<\/li>\n<li><a href=\"https:\/\/news.google.com\/rss\/articles\/CBMijgFBVV95cUxOTFZVY20tU3FFdmJISlRmYjRUcEtmWmNoemxWQ0FtS1VZWm00MnpUSWRTMVZZZkNSR2hOZ1BHV0ZfbU44aTlrY19mWEVQaVdUdW9yNTVUeFBPMlhMLWFlVW9PcnZhclJmRGhya3U4dTBZdjl0ZURIZk9heUJXdlZSQ25JNV9yTWp4djl6cnJ3?oc=5\" target=\"_blank\" rel=\"nofollow noopener\">Forrykende kvalikdrama: Aalesund vant nim\u00e5lsthriller<\/a>&nbsp;&nbsp;VG<\/li>\n<li><a href=\"https:\/\/news.google.com\/rss\/articles\/CBMilAFBVV95cUxOTE5JNEpKOHo1dnJBeWs1WGZTZ0Z4a016R3kxbW5nNUpIWVppckYwYWZvMmxCalpoZk9meVIzcGZqd1JxS1dhdXpIREtodWJYNThkeFU3dWdjVEs0T2Z1c09tcWxHR25BVE01UDVfcm5PaENvcDhwd2d0eFgxQWFWUUhpY1d5ZWhscXpDTUhvNG91eWtO?oc=5\" target=\"_blank\" rel=\"nofollow noopener\">Eliteserie-h\u00e5pet lever for AaFK etter spinnvill m\u00e5lfest<\/a>&nbsp;&nbsp;TV2.no<\/li>\n<\/ol>\n","protected":false},"excerpt":{"rendered":"\u00abAvstanden blir bare st\u00f8rre og st\u00f8rre. AaFK m\u00e5 rykke opp n\u00e5\u00bb&nbsp;&nbsp;smp.no Playoff-finalen: Billettinformasjon! \/ Aalesund&nbsp;&nbsp;Aalesund Ekstraomganger i kampen&hellip;\n","protected":false},"author":2,"featured_media":102699,"comment_status":"","ping_status":"","sticky":false,"template":"","format":"standard","meta":{"footnotes":""},"categories":[59],"tags":[1329,11022,302,11061,2951,266,12496,30,28,29,83,82],"class_list":{"0":"post-102698","1":"post","2":"type-post","3":"status-publish","4":"format-standard","5":"has-post-thumbnail","7":"category-sport","8":"tag-1-divisjon-menn","9":"tag-aafk","10":"tag-aalesunds-fk","11":"tag-geir-frigard","12":"tag-kjetil-rekdal","13":"tag-kommentar","14":"tag-kvalifisering-til-1-divisjon","15":"tag-no","16":"tag-norge","17":"tag-norway","18":"tag-sport","19":"tag-sports"},"share_on_mastodon":{"url":"https:\/\/pubeurope.com\/@no\/115652253672764946","error":""},"_links":{"self":[{"href":"https:\/\/www.europesays.com\/no\/wp-json\/wp\/v2\/posts\/102698","targetHints":{"allow":["GET"]}}],"collection":[{"href":"https:\/\/www.europesays.com\/no\/wp-json\/wp\/v2\/posts"}],"about":[{"href":"https:\/\/www.europesays.com\/no\/wp-json\/wp\/v2\/types\/post"}],"author":[{"embeddable":true,"href":"https:\/\/www.europesays.com\/no\/wp-json\/wp\/v2\/users\/2"}],"replies":[{"embeddable":true,"href":"https:\/\/www.europesays.com\/no\/wp-json\/wp\/v2\/comments?post=102698"}],"version-history":[{"count":0,"href":"https:\/\/www.europesays.com\/no\/wp-json\/wp\/v2\/posts\/102698\/revisions"}],"wp:featuredmedia":[{"embeddable":true,"href":"https:\/\/www.europesays.com\/no\/wp-json\/wp\/v2\/media\/102699"}],"wp:attachment":[{"href":"https:\/\/www.europesays.com\/no\/wp-json\/wp\/v2\/media?parent=102698"}],"wp:term":[{"taxonomy":"category","embeddable":true,"href":"https:\/\/www.europesays.com\/no\/wp-json\/wp\/v2\/categories?post=102698"},{"taxonomy":"post_tag","embeddable":true,"href":"https:\/\/www.europesays.com\/no\/wp-json\/wp\/v2\/tags?post=102698"}],"curies":[{"name":"wp","href":"https:\/\/api.w.org\/{rel}","templated":true}]}}