{"id":102745,"date":"2025-12-02T23:06:10","date_gmt":"2025-12-02T23:06:10","guid":{"rendered":"https:\/\/www.europesays.com\/no\/102745\/"},"modified":"2025-12-02T23:06:10","modified_gmt":"2025-12-02T23:06:10","slug":"programleder-laura-woods-kollapset-pa-direkten-under-england-kamp","status":"publish","type":"post","link":"https:\/\/www.europesays.com\/no\/102745\/","title":{"rendered":"Programleder Laura Woods kollapset p\u00e5 direkten under England-kamp"},"content":{"rendered":"<p>\nHun s\u00e5 ut til \u00e5 ha besvimt da ekspertduoen Ian Wright og Anita Asante kom raskt til for \u00e5 ta henne imot, skriver <a href=\"https:\/\/www.bbc.com\/sport\/football\/articles\/cd9zl5vxkxko\" target=\"_blank\" rel=\"nofollow noopener\">BBC.<\/a><\/p>\n<p>Hendelsen skjedde p\u00e5 indre bane i forkant av det engelske kvinnelandslagets testkamp mot Ghana p\u00e5 St. Mary&#8217;s. Sendingen ble raskt brutt.<\/p>\n<p>Da bildene var tilbake, hadde Katie Shanahan tatt over jobben som programleder.<\/p>\n<p>\u2013 Som dere sikkert har sett, har vi ikke fantastiske Laura Woods fordi hun nettopp er blitt syk. Hun er i veldig gode hender, s\u00e5 jeg griper inn p\u00e5 kort varsel, sa Shanahan.<\/p>\n<p>Woods er ofte anker n\u00e5r ITV og TNT sender fotball for b\u00e5de menn og kvinner. Hun jobber ogs\u00e5 for radiokanalen Talksport.<\/p>\n<p>    Har du f\u00e5tt med deg disse klippene?<\/p>\n","protected":false},"excerpt":{"rendered":"Hun s\u00e5 ut til \u00e5 ha besvimt da ekspertduoen Ian Wright og Anita Asante kom raskt til for&hellip;\n","protected":false},"author":2,"featured_media":102746,"comment_status":"","ping_status":"","sticky":false,"template":"","format":"standard","meta":{"footnotes":""},"categories":[12],"tags":[20,21,24,25,15,22,23,13,30,28,29,14,16,26,27,42,43,44,45],"class_list":{"0":"post-102745","1":"post","2":"type-post","3":"status-publish","4":"format-standard","5":"has-post-thumbnail","7":"category-verden","8":"tag-breaking-news","9":"tag-breakingnews","10":"tag-featured-news","11":"tag-featurednews","12":"tag-headlines","13":"tag-latest-news","14":"tag-latestnews","15":"tag-news","16":"tag-no","17":"tag-norge","18":"tag-norway","19":"tag-nyheter","20":"tag-overskrifter","21":"tag-top-stories","22":"tag-topstories","23":"tag-verden","24":"tag-world","25":"tag-world-news","26":"tag-worldnews"},"share_on_mastodon":{"url":"https:\/\/pubeurope.com\/@no\/115652485718518522","error":""},"_links":{"self":[{"href":"https:\/\/www.europesays.com\/no\/wp-json\/wp\/v2\/posts\/102745","targetHints":{"allow":["GET"]}}],"collection":[{"href":"https:\/\/www.europesays.com\/no\/wp-json\/wp\/v2\/posts"}],"about":[{"href":"https:\/\/www.europesays.com\/no\/wp-json\/wp\/v2\/types\/post"}],"author":[{"embeddable":true,"href":"https:\/\/www.europesays.com\/no\/wp-json\/wp\/v2\/users\/2"}],"replies":[{"embeddable":true,"href":"https:\/\/www.europesays.com\/no\/wp-json\/wp\/v2\/comments?post=102745"}],"version-history":[{"count":0,"href":"https:\/\/www.europesays.com\/no\/wp-json\/wp\/v2\/posts\/102745\/revisions"}],"wp:featuredmedia":[{"embeddable":true,"href":"https:\/\/www.europesays.com\/no\/wp-json\/wp\/v2\/media\/102746"}],"wp:attachment":[{"href":"https:\/\/www.europesays.com\/no\/wp-json\/wp\/v2\/media?parent=102745"}],"wp:term":[{"taxonomy":"category","embeddable":true,"href":"https:\/\/www.europesays.com\/no\/wp-json\/wp\/v2\/categories?post=102745"},{"taxonomy":"post_tag","embeddable":true,"href":"https:\/\/www.europesays.com\/no\/wp-json\/wp\/v2\/tags?post=102745"}],"curies":[{"name":"wp","href":"https:\/\/api.w.org\/{rel}","templated":true}]}}