{"id":102751,"date":"2025-12-02T23:13:09","date_gmt":"2025-12-02T23:13:09","guid":{"rendered":"https:\/\/www.europesays.com\/no\/102751\/"},"modified":"2025-12-02T23:13:09","modified_gmt":"2025-12-02T23:13:09","slug":"global-oversikt-viser-okende-dodelighet-blant-unge","status":"publish","type":"post","link":"https:\/\/www.europesays.com\/no\/102751\/","title":{"rendered":"Global oversikt viser \u00f8kende d\u00f8delighet blant unge"},"content":{"rendered":"<p>Levealderen for unge g\u00e5r ned, viser nye globale tall. Sj\u00f8lvmord, overdoser og rusmidler er blant \u00e5rsakene, if\u00f8lge forskning.no. Det melder <a href=\"https:\/\/www.dagen.no\/nyheter\/unge-doyr-tidlegare-enn-for-ein-vekkjar\/1516914\" rel=\"nofollow noopener\" target=\"_blank\">Dagen<\/a>.<\/p>\n<p>Kvinner lever n\u00e5 i gjennomsnitt til de er 76,3 \u00e5r, mens menn har en gjennomsnittlig levealder p\u00e5 71,5 \u00e5r. Dette er 20 \u00e5r lengre enn i 1950, men utviklingen for unge g\u00e5r i motsatt retning.<\/p>\n<p>Tallene bygger p\u00e5 data fra 16.500 forskere som har analysert 300.000 kilder fra 204 land. I Nord- og Latin-Amerika er det narkotika, alkohol og selvmord som trekker ned levealderen, mens tapte leve\u00e5r p\u00e5 grunn av angst og depresjon har \u00f8kt med henholdsvis 63 og 26 prosent fra 2000 til 2023.<\/p>\n<p>I Afrika skyldes \u00f8kningen i unge d\u00f8dsfall oftest smittsomme sykdommer og skader. I \u00d8st-Europa har unge d\u00f8dsfall \u00f8kt kraftig i samme periode, delvis som f\u00f8lge av krigen i Ukraina.<\/p>\n<p>\u2013 Selv om den generelle levealderen i verden stiger, er forskerne bak gjennomgangen bekymret for unge, sier de.<\/p>\n<p>Tallene beskrives som en vekker for helsesystemer og beslutningstakere, og viser at globale helseutfordringer rammer ulikt i ulike regioner.<\/p>\n","protected":false},"excerpt":{"rendered":"Levealderen for unge g\u00e5r ned, viser nye globale tall. Sj\u00f8lvmord, overdoser og rusmidler er blant \u00e5rsakene, if\u00f8lge forskning.no.&hellip;\n","protected":false},"author":2,"featured_media":102752,"comment_status":"","ping_status":"","sticky":false,"template":"","format":"standard","meta":{"footnotes":""},"categories":[12],"tags":[20,21,24,25,15,736,22,23,5109,13,30,28,29,14,16,26,27,3985,6289,42,43,44,45],"class_list":{"0":"post-102751","1":"post","2":"type-post","3":"status-publish","4":"format-standard","5":"has-post-thumbnail","7":"category-verden","8":"tag-breaking-news","9":"tag-breakingnews","10":"tag-featured-news","11":"tag-featurednews","12":"tag-headlines","13":"tag-helse","14":"tag-latest-news","15":"tag-latestnews","16":"tag-mental-helse","17":"tag-news","18":"tag-no","19":"tag-norge","20":"tag-norway","21":"tag-nyheter","22":"tag-overskrifter","23":"tag-top-stories","24":"tag-topstories","25":"tag-ungdom","26":"tag-unge-voksne","27":"tag-verden","28":"tag-world","29":"tag-world-news","30":"tag-worldnews"},"share_on_mastodon":{"url":"https:\/\/pubeurope.com\/@no\/115652513284749241","error":""},"_links":{"self":[{"href":"https:\/\/www.europesays.com\/no\/wp-json\/wp\/v2\/posts\/102751","targetHints":{"allow":["GET"]}}],"collection":[{"href":"https:\/\/www.europesays.com\/no\/wp-json\/wp\/v2\/posts"}],"about":[{"href":"https:\/\/www.europesays.com\/no\/wp-json\/wp\/v2\/types\/post"}],"author":[{"embeddable":true,"href":"https:\/\/www.europesays.com\/no\/wp-json\/wp\/v2\/users\/2"}],"replies":[{"embeddable":true,"href":"https:\/\/www.europesays.com\/no\/wp-json\/wp\/v2\/comments?post=102751"}],"version-history":[{"count":0,"href":"https:\/\/www.europesays.com\/no\/wp-json\/wp\/v2\/posts\/102751\/revisions"}],"wp:featuredmedia":[{"embeddable":true,"href":"https:\/\/www.europesays.com\/no\/wp-json\/wp\/v2\/media\/102752"}],"wp:attachment":[{"href":"https:\/\/www.europesays.com\/no\/wp-json\/wp\/v2\/media?parent=102751"}],"wp:term":[{"taxonomy":"category","embeddable":true,"href":"https:\/\/www.europesays.com\/no\/wp-json\/wp\/v2\/categories?post=102751"},{"taxonomy":"post_tag","embeddable":true,"href":"https:\/\/www.europesays.com\/no\/wp-json\/wp\/v2\/tags?post=102751"}],"curies":[{"name":"wp","href":"https:\/\/api.w.org\/{rel}","templated":true}]}}