{"id":102757,"date":"2025-12-02T23:21:18","date_gmt":"2025-12-02T23:21:18","guid":{"rendered":"https:\/\/www.europesays.com\/no\/102757\/"},"modified":"2025-12-02T23:21:18","modified_gmt":"2025-12-02T23:21:18","slug":"hallgrim-berg-sprer-intellektuell-forurensing","status":"publish","type":"post","link":"https:\/\/www.europesays.com\/no\/102757\/","title":{"rendered":"Hallgrim Berg sprer intellektuell forurensing"},"content":{"rendered":"<p class=\"kicker font-weight-bold m-font-weight-bold\" style=\"\">|\u00a0Debatt<\/p>\n<p>\n        IDEOLOGI: Shoaib Sultan (th) mener Hallgrim Bergs analyser ikke er kunnskapsbaserte, men del av en ideologisk kamp.<br \/>\n        Dagen-arkiv\n    <\/p>\n<p>Hallgrim Berg fors\u00f8ker i sitt frispark-innlegg, <a href=\"https:\/\/www.dagen.no\/meninger\/religion-og-mannedrap\/1511073\" rel=\"nofollow noopener\" target=\"_blank\">religion og mannedrap<\/a>, \u00e5 diskutere religion og vold, men ender i kjent terreng. I stedet for historie f\u00e5r vi moralisme, i stedet for analyse f\u00e5r vi regnestykker, og i stedet for kilder f\u00e5r vi materiale fra et milj\u00f8 som i internasjonal forskning beskrives som en del av en organisert anti-muslimsk kampanjeindustri.\u00a0<\/p>\n<p>Dette er ikke en glipp eller et uhell. Det er et m\u00f8nster. Berg har opptr\u00e5dt som del av dette i mange \u00e5r, og hans siste innlegg er bare enda en brikke i det samme prosjektet.<\/p>\n<p>Som vanlig handler det ikke om hva som faktisk har skjedd i historien. Det handler om \u00e5 skape en p\u00e5 forh\u00e5nd bestemt moralfortelling, nemlig at islam gjennom 1400 \u00e5r har v\u00e6rt verdens st\u00f8rste maskin for vold. N\u00e5r m\u00e5let er gitt p\u00e5 forh\u00e5nd, blir metoden enkel. Man finner tall som bekrefter budskapet, s\u00e5 avrunder man oppover. Samtidig velger man de lavest mulige tallene for alt kristne stater har gjort, og s\u00e5 legger man de to summe mot hverandre.\u00a0<\/p>\n","protected":false},"excerpt":{"rendered":"|\u00a0Debatt IDEOLOGI: Shoaib Sultan (th) mener Hallgrim Bergs analyser ikke er kunnskapsbaserte, men del av en ideologisk kamp.&hellip;\n","protected":false},"author":2,"featured_media":102758,"comment_status":"","ping_status":"","sticky":false,"template":"","format":"standard","meta":{"footnotes":""},"categories":[12],"tags":[20,21,24,25,15,22,23,13,30,28,29,14,16,26,27,42,43,44,45],"class_list":{"0":"post-102757","1":"post","2":"type-post","3":"status-publish","4":"format-standard","5":"has-post-thumbnail","7":"category-verden","8":"tag-breaking-news","9":"tag-breakingnews","10":"tag-featured-news","11":"tag-featurednews","12":"tag-headlines","13":"tag-latest-news","14":"tag-latestnews","15":"tag-news","16":"tag-no","17":"tag-norge","18":"tag-norway","19":"tag-nyheter","20":"tag-overskrifter","21":"tag-top-stories","22":"tag-topstories","23":"tag-verden","24":"tag-world","25":"tag-world-news","26":"tag-worldnews"},"share_on_mastodon":{"url":"https:\/\/pubeurope.com\/@no\/115652544783769561","error":""},"_links":{"self":[{"href":"https:\/\/www.europesays.com\/no\/wp-json\/wp\/v2\/posts\/102757","targetHints":{"allow":["GET"]}}],"collection":[{"href":"https:\/\/www.europesays.com\/no\/wp-json\/wp\/v2\/posts"}],"about":[{"href":"https:\/\/www.europesays.com\/no\/wp-json\/wp\/v2\/types\/post"}],"author":[{"embeddable":true,"href":"https:\/\/www.europesays.com\/no\/wp-json\/wp\/v2\/users\/2"}],"replies":[{"embeddable":true,"href":"https:\/\/www.europesays.com\/no\/wp-json\/wp\/v2\/comments?post=102757"}],"version-history":[{"count":0,"href":"https:\/\/www.europesays.com\/no\/wp-json\/wp\/v2\/posts\/102757\/revisions"}],"wp:featuredmedia":[{"embeddable":true,"href":"https:\/\/www.europesays.com\/no\/wp-json\/wp\/v2\/media\/102758"}],"wp:attachment":[{"href":"https:\/\/www.europesays.com\/no\/wp-json\/wp\/v2\/media?parent=102757"}],"wp:term":[{"taxonomy":"category","embeddable":true,"href":"https:\/\/www.europesays.com\/no\/wp-json\/wp\/v2\/categories?post=102757"},{"taxonomy":"post_tag","embeddable":true,"href":"https:\/\/www.europesays.com\/no\/wp-json\/wp\/v2\/tags?post=102757"}],"curies":[{"name":"wp","href":"https:\/\/api.w.org\/{rel}","templated":true}]}}