{"id":102761,"date":"2025-12-02T23:28:42","date_gmt":"2025-12-02T23:28:42","guid":{"rendered":"https:\/\/www.europesays.com\/no\/102761\/"},"modified":"2025-12-02T23:28:42","modified_gmt":"2025-12-02T23:28:42","slug":"mystisk-dodsfall-for-langturseilere-i-mosambikkanalen","status":"publish","type":"post","link":"https:\/\/www.europesays.com\/no\/102761\/","title":{"rendered":"Mystisk d\u00f8dsfall for langturseilere i Mosambikkanalen"},"content":{"rendered":"<p>\n        ERFAREN: Familien omtaler omkomne Deirdre Sibly som en erfaren seiler.<br \/>\n        Skjermbilde, Deirdre Sibly, Facebook\n    <\/p>\n<p>    En australsk og en fransk seiler ble sist fredag funnet omkommet p\u00e5 langturseilas. Familie frykter de ble utsatt for pirater.<\/p>\n<p>Familien til australske Deirdre Sibly (67) frykter at seilerne ble utsatt for et piratangrep p\u00e5 vei s\u00f8rover gjennom Mosambikkanalen. Det er et omr\u00e5de som regnes som risikofylt for sm\u00e5 fart\u00f8y.<\/p>\n<p>                <img decoding=\"async\" src=\"https:\/\/www.europesays.com\/no\/wp-content\/uploads\/2025\/12\/948301.webp\" width=\"480\" height=\"408\" title=\"ISLAND PACKET 44: B\u00e5ten Deirdre seilte, \u00abIsland Pearl\u00bb, er en Island Packet 44. Foto: MarineTraffic\" alt=\"ISLAND PACKET 44: B\u00e5ten Deirdre seilte, \u00abIsland Pearl\u00bb, er en Island Packet 44. Foto: MarineTraffic\" loading=\"lazy\" style=\"\"\/><\/p>\n<p>\n            ISLAND PACKET 44: B\u00e5ten Deirdre seilte, \u00abIsland Pearl\u00bb, er en Island Packet 44. Foto: MarineTraffic<br \/>\n            Foto: MarineTraffic\n        <\/p>\n<p>Sitt livs eventyr<\/p>\n<p>67 \u00e5r gamle Deirdre Sibly, en erfaren langturseiler fra Australia, la i juni ut p\u00e5 en lengre seilas sammen med sin franske venn Pascal med seilb\u00e5ten\u00a0 \u00a0sin \u00abIsland Pearl\u00bb. Planen var \u00e5 seile fra \u00f8ya R\u00e9union i Indiahavet og s\u00f8rover mot Durban i S\u00f8r-Afrika, hvor hun deretter skulle avslutte turen og fly hjem.<\/p>\n<p>\u2013 Hun var eventyrlysten og elsket havet. Hele livet hennes kretset rundt seiling, sier s\u00f8steren Sue Good til australske 9News.<\/p>\n<p>Torsdag sendte b\u00e5ten ut et n\u00f8dsignal nord\u00f8st i Mosambikkanalen. Da lokale myndigheter lokaliserte fart\u00f8yet dagen etter, fant de to livl\u00f8se personer om bord. Formell identifisering er enn\u00e5 ikke gjennomf\u00f8rt, men familien sier de er sikre p\u00e5 at det dreier seg om Sibly og Pascal.<\/p>\n<p>                <img decoding=\"async\" src=\"https:\/\/www.europesays.com\/no\/wp-content\/uploads\/2025\/12\/948302.webp\" width=\"480\" height=\"312\" title=\"Langturseilere funnet d\u00f8de utenfor Madagaskar\" alt=\"\" loading=\"lazy\" style=\"\"\/><\/p>\n<p>Mistanke om piratangrep<\/p>\n<p>Australske medier omtaler hendelsen som mystisk, og familien uttrykker bekymring for at seilerne kan ha blitt utsatt for et angrep.<\/p>\n<p>Mosambikkanalen har historisk v\u00e6rt mindre utsatt for pirater enn for eksempel Guineabukta og Singaporestredet, men flere organisasjoner rapporterer om \u00f8kende aktivitet i piratutsatte omr\u00e5der globalt.<\/p>\n<p>IMB registrerte 116 hendelser med piratvirksomhet og v\u00e6pnet ran i l\u00f8pet av \u00e5rets ni f\u00f8rste m\u00e5neder. Selv om de fleste angrepene skjer i S\u00f8r\u00f8st-Asia, 84 hittil i \u00e5r, har ogs\u00e5 farvann rundt \u00d8st-Afrika flere tilfeller av v\u00e6pnede ombordstigninger hvert \u00e5r.<\/p>\n<p>If\u00f8le IMB (International Maritime Bureau) har det v\u00e6rt en \u00f8kning i piratangrep i \u00e5r.\u00a0<\/p>\n<p>IMB viser i en rapport hvor piratangrep har funnet sted fra januar til september i \u00e5r:<\/p>\n<ul>\n<li>S\u00f8r\u00f8st-Asia: 84\u00a0<\/li>\n<li>Guineabukta, Afrika: 15<\/li>\n<li>Det indiske subkontinent: 8<\/li>\n<li>Somalias kyst: 5<\/li>\n<li>Amerika: 4<\/li>\n<\/ul>\n<p>De fleste piratangrepene skal ha funnet sted i Singaporestredet, mellom Malaysia og Singapore.<\/p>\n<p>Fortsatt til havs<\/p>\n<p>Seilb\u00e5ten, \u00abIsland Pearl\u00bb, skal fortsatt v\u00e6re p\u00e5 havet. Myndighetene planlegger et bergingsoppdrag f\u00f8r de to avd\u00f8de kan fraktes til land for identifikasjon.<\/p>\n<p>Australske myndigheter etterforsker saken i samarbeid med s\u00f8rafrikanske og franske etterforskere. Familien h\u00e5per p\u00e5 klare svar.<\/p>\n<p>\u2013 Vi vet ingenting om hva som har skjedd. Vi \u00f8nsker bare \u00e5 f\u00e5 henne hjem, sier s\u00f8steren til australske 9News.<\/p>\n","protected":false},"excerpt":{"rendered":"ERFAREN: Familien omtaler omkomne Deirdre Sibly som en erfaren seiler. Skjermbilde, Deirdre Sibly, Facebook En australsk og en&hellip;\n","protected":false},"author":2,"featured_media":102762,"comment_status":"","ping_status":"","sticky":false,"template":"","format":"standard","meta":{"footnotes":""},"categories":[12],"tags":[20,21,24,25,15,22,23,13,30,28,29,14,16,26,27,42,43,44,45],"class_list":{"0":"post-102761","1":"post","2":"type-post","3":"status-publish","4":"format-standard","5":"has-post-thumbnail","7":"category-verden","8":"tag-breaking-news","9":"tag-breakingnews","10":"tag-featured-news","11":"tag-featurednews","12":"tag-headlines","13":"tag-latest-news","14":"tag-latestnews","15":"tag-news","16":"tag-no","17":"tag-norge","18":"tag-norway","19":"tag-nyheter","20":"tag-overskrifter","21":"tag-top-stories","22":"tag-topstories","23":"tag-verden","24":"tag-world","25":"tag-world-news","26":"tag-worldnews"},"share_on_mastodon":{"url":"https:\/\/pubeurope.com\/@no\/115652572430392148","error":""},"_links":{"self":[{"href":"https:\/\/www.europesays.com\/no\/wp-json\/wp\/v2\/posts\/102761","targetHints":{"allow":["GET"]}}],"collection":[{"href":"https:\/\/www.europesays.com\/no\/wp-json\/wp\/v2\/posts"}],"about":[{"href":"https:\/\/www.europesays.com\/no\/wp-json\/wp\/v2\/types\/post"}],"author":[{"embeddable":true,"href":"https:\/\/www.europesays.com\/no\/wp-json\/wp\/v2\/users\/2"}],"replies":[{"embeddable":true,"href":"https:\/\/www.europesays.com\/no\/wp-json\/wp\/v2\/comments?post=102761"}],"version-history":[{"count":0,"href":"https:\/\/www.europesays.com\/no\/wp-json\/wp\/v2\/posts\/102761\/revisions"}],"wp:featuredmedia":[{"embeddable":true,"href":"https:\/\/www.europesays.com\/no\/wp-json\/wp\/v2\/media\/102762"}],"wp:attachment":[{"href":"https:\/\/www.europesays.com\/no\/wp-json\/wp\/v2\/media?parent=102761"}],"wp:term":[{"taxonomy":"category","embeddable":true,"href":"https:\/\/www.europesays.com\/no\/wp-json\/wp\/v2\/categories?post=102761"},{"taxonomy":"post_tag","embeddable":true,"href":"https:\/\/www.europesays.com\/no\/wp-json\/wp\/v2\/tags?post=102761"}],"curies":[{"name":"wp","href":"https:\/\/api.w.org\/{rel}","templated":true}]}}