{"id":102800,"date":"2025-12-03T01:14:38","date_gmt":"2025-12-03T01:14:38","guid":{"rendered":"https:\/\/www.europesays.com\/no\/102800\/"},"modified":"2025-12-03T01:14:38","modified_gmt":"2025-12-03T01:14:38","slug":"eus-sentralbank-sier-nei-til-ukraina-lan","status":"publish","type":"post","link":"https:\/\/www.europesays.com\/no\/102800\/","title":{"rendered":"EUs sentralbank sier nei til Ukraina-l\u00e5n"},"content":{"rendered":"<p class=\"extendedContent hyperion-css-eyn926\" data-test-tag=\"lead-text\">Den europeiske sentralbanken avviser \u00e5 stille garanti for utbetaling til Ukraina, og sier det ville v\u00e6re ulovlig, skriver Financial Times.<\/p>\n<p><img decoding=\"async\" class=\"image-asset hyperion-css-u06ts1\" data-test-tag=\"image-asset\" src=\"https:\/\/www.europesays.com\/no\/wp-content\/uploads\/2025\/12\/f0d0e7d0-0cd3-410b-b595-2ea28acd19c1\"  alt=\"Den europeiske sentralbanken avviser \u00e5 stille garanti for et l\u00e5n p\u00e5 140 milliarder euro til Ukraina, og sier det ville bryte med EU-traktatlovgivningen som forbyr monet\u00e6r finansiering. \"  loading=\"eager\" fetchpriority=\"high\" style=\"aspect-ratio:2048 \/ 1366\"\/>Den europeiske sentralbanken avviser \u00e5 stille garanti for et l\u00e5n p\u00e5 140 milliarder euro til Ukraina, og sier det ville bryte med EU-traktatlovgivningen som forbyr monet\u00e6r finansiering. Foto: Michael Probst \/ AP \/ NTB<\/p>\n<p>Publisert: 02.12.2025 18:24<\/p>\n<p class=\"paywall hyperion-css-1j42uic\"> Et slikt forslag er ikke under vurdering, da det sannsynligvis ville bryte med EU-traktatlovgivningen som forbyr monet\u00e6r finansiering, opplyser ESB if\u00f8lge <a aria-label=\"Financial Times\" class=\"default hyperion-css-1raymq9\" href=\"https:\/\/www.ft.com\/content\/616c79ee-34de-425a-865e-e94ba10be788?utm_source=Filter+Nyheter&amp;utm_campaign=2e9a38aabe-EMAIL_CAMPAIGN_2025_12_02_01_58&amp;utm_medium=email&amp;utm_term=0_-2e9a38aabe-282606780&amp;mc_cid=2e9a38aabe&amp;mc_eid=97909b1f71\" target=\"_blank\" rel=\"noopener nofollow noreferrer\" data-test-tag=\"external-link\">Financial Times<\/a>.<\/p>\n<p class=\"paywall hyperion-css-1j42uic\">ESB avviser \u00e5 stille garanti for en utbetaling p\u00e5 140 milliarder euro til Ukraina, noe som er et slag mot EU-planen om \u00e5 skaffe et \u00aberstatningsl\u00e5n\u00bb med sikkerhet i fryste russiske eiendeler.<\/p>\n<p class=\"paywall hyperion-css-1j42uic\">Finansminister Jens Stoltenberg (Ap) har tidligere sagt at det ikke er aktuelt for Norge \u00e5 stille som garantist for EUs mulige l\u00e5n til Ukraina.<\/p>\n<p class=\"paywall hyperion-css-1j42uic\">EU er under press for \u00e5 f\u00e5 p\u00e5 plass finansiering for Ukraina de neste to \u00e5rene. Kyiv st\u00e5r overfor pengemangel samtidig som det russiske milit\u00e6rt angrepet p\u00e5g\u00e5r og det amerikansk fredsinitiativ trekker ut.<\/p>\n<p class=\"paywall hyperion-css-1j42uic\">Under EU-kommisjonens plan skulle EU-landene stille statsgarantier for \u00e5 dele tilbakebetalingsrisikoen p\u00e5 l\u00e5net til Ukraina.<\/p>\n<p class=\"paywall hyperion-css-1j42uic\">Som svar p\u00e5 Den europeiske sentralbankens holdning har kommisjonen begynt \u00e5 arbeide med alternative forslag som ville gi midlertidig likviditet for \u00e5 garantere l\u00e5net, if\u00f8lge EU-tjenestemenn.<\/p>\n","protected":false},"excerpt":{"rendered":"Den europeiske sentralbanken avviser \u00e5 stille garanti for utbetaling til Ukraina, og sier det ville v\u00e6re ulovlig, skriver&hellip;\n","protected":false},"author":2,"featured_media":102801,"comment_status":"","ping_status":"","sticky":false,"template":"","format":"standard","meta":{"footnotes":""},"categories":[12],"tags":[20,21,24,25,15,22,23,13,30,28,29,14,16,26,27,42,43,44,45],"class_list":{"0":"post-102800","1":"post","2":"type-post","3":"status-publish","4":"format-standard","5":"has-post-thumbnail","7":"category-verden","8":"tag-breaking-news","9":"tag-breakingnews","10":"tag-featured-news","11":"tag-featurednews","12":"tag-headlines","13":"tag-latest-news","14":"tag-latestnews","15":"tag-news","16":"tag-no","17":"tag-norge","18":"tag-norway","19":"tag-nyheter","20":"tag-overskrifter","21":"tag-top-stories","22":"tag-topstories","23":"tag-verden","24":"tag-world","25":"tag-world-news","26":"tag-worldnews"},"share_on_mastodon":{"url":"https:\/\/pubeurope.com\/@no\/115652989062379749","error":""},"_links":{"self":[{"href":"https:\/\/www.europesays.com\/no\/wp-json\/wp\/v2\/posts\/102800","targetHints":{"allow":["GET"]}}],"collection":[{"href":"https:\/\/www.europesays.com\/no\/wp-json\/wp\/v2\/posts"}],"about":[{"href":"https:\/\/www.europesays.com\/no\/wp-json\/wp\/v2\/types\/post"}],"author":[{"embeddable":true,"href":"https:\/\/www.europesays.com\/no\/wp-json\/wp\/v2\/users\/2"}],"replies":[{"embeddable":true,"href":"https:\/\/www.europesays.com\/no\/wp-json\/wp\/v2\/comments?post=102800"}],"version-history":[{"count":0,"href":"https:\/\/www.europesays.com\/no\/wp-json\/wp\/v2\/posts\/102800\/revisions"}],"wp:featuredmedia":[{"embeddable":true,"href":"https:\/\/www.europesays.com\/no\/wp-json\/wp\/v2\/media\/102801"}],"wp:attachment":[{"href":"https:\/\/www.europesays.com\/no\/wp-json\/wp\/v2\/media?parent=102800"}],"wp:term":[{"taxonomy":"category","embeddable":true,"href":"https:\/\/www.europesays.com\/no\/wp-json\/wp\/v2\/categories?post=102800"},{"taxonomy":"post_tag","embeddable":true,"href":"https:\/\/www.europesays.com\/no\/wp-json\/wp\/v2\/tags?post=102800"}],"curies":[{"name":"wp","href":"https:\/\/api.w.org\/{rel}","templated":true}]}}