{"id":102810,"date":"2025-12-03T03:54:10","date_gmt":"2025-12-03T03:54:10","guid":{"rendered":"https:\/\/www.europesays.com\/no\/102810\/"},"modified":"2025-12-03T03:54:10","modified_gmt":"2025-12-03T03:54:10","slug":"lonn-utbetaling-tonje-33-fikk-lonna-stanset-av-elkjop-ma-velge-mellom-husleie-eller-mat-til-barna","status":"publish","type":"post","link":"https:\/\/www.europesays.com\/no\/102810\/","title":{"rendered":"L\u00f8nn, Utbetaling | Tonje (33) fikk l\u00f8nna stanset av Elkj\u00f8p: \u2013 M\u00e5 velge mellom husleie eller mat til barna"},"content":{"rendered":"\n<p>(<a href=\"https:\/\/www.sa.no\/tonje-33-fikk-lonna-stanset-av-elkjop-ma-velge-mellom-husleie-eller-mat-til-barna\/s\/5-46-1920427\" rel=\"Follow nofollow noopener\" target=\"_blank\">Sarpsborg Arbeiderblad<\/a>) Vi m\u00f8ter alenemor Tonje Nielsen (33) hjemme i huset p\u00e5 Navestad, hvor hun nylig har flyttet inn sammen med sine to sm\u00e5 barn.<\/p>\n<p>Den fem m\u00e5neder gamle datteren sover i sengen ved siden av, mens moren blar gjennom bankkontoen p\u00e5 mobilen.<\/p>\n<p>Novemberl\u00f8nna skulle v\u00e6rt der, men bel\u00f8pet som m\u00f8ter Tonje, er nesten ingenting.<\/p>\n<p>For noen dager siden fikk hun en melding fra sjefen sin p\u00e5 Elkj\u00f8p Dikeveien.<\/p>\n<p><b>Hun f\u00e5r ikke l\u00f8nn, verken i november eller desember.<\/b><\/p>\n<p>\u2013 Jeg har aldri f\u00f8r st\u00e5tt i en situasjon hvor jeg m\u00e5 velge mellom \u00e5 betale husleie eller kj\u00f8pe mat til barna mine, sier hun stille.<\/p>\n<p>(Les Elkj\u00f8p sitt svar lengre ned i saken)<\/p>\n<p>Valget om permisjon<\/p>\n<p>Hvordan situasjonen kunne ende slik, er fortsatt vanskelig for henne \u00e5 forst\u00e5.<\/p>\n<p>Da Tonje ble gravid med sitt andre barn, hadde hun bare jobbet noen m\u00e5neder ved Elkj\u00f8p Dikeveien. Hun satte seg inn i reglene og bestemte seg tidlig for \u00e5 ta ut tolv m\u00e5neder med foreldrepermisjon.<\/p>\n<p>\u2013 Jeg kunne velge mellom ti m\u00e5neder med full l\u00f8nn eller tolv m\u00e5neder med \u00e5tti prosent utbetalt l\u00f8nn. Som alenemor uten barnehageplass trengte jeg de ekstra m\u00e5nedene, s\u00e5 jeg valgte sistnevnte, sier hun.<\/p>\n<p>N\u00e5r pengene aldri kom<\/p>\n<p>Sommeren ble alt annet enn rolig.<\/p>\n<p>Datteren ble f\u00f8dt for tidlig, og Tonje har siden v\u00e6rt mye inn og ut av sykehuset. Hun la ikke merke til at l\u00f8nna som kom inn p\u00e5 konto var h\u00f8yere enn avtalt.<\/p>\n<p>Tonje oppdaget feilen f\u00f8rst i november, da l\u00f8nna aldri kom.<\/p>\n<p>\u2013 F\u00f8rst trodde jeg det var en teknisk feil da jeg s\u00e5 at kontoen var tom. Derfor sendte jeg en melding til sjefen, forteller hun.<\/p>\n<p>M\u00e5 betale prisen selv<\/p>\n<p>Svaret kom raskt.<\/p>\n<p><b>Tonje hadde mottatt hundre prosent l\u00f8nn i stedet for \u00e5tti prosent de siste m\u00e5nedene. For \u00e5 rette opp dette \u00f8nsket Elkj\u00f8p \u00e5 holde tilbake hele l\u00f8nnen hennes for november og desember.<\/b><\/p>\n<p>\u2013 Jeg sa med \u00e9n gang at dette ikke g\u00e5r. \u00c5 st\u00e5 uten inntekt i to m\u00e5neder med barn \u00e5 fors\u00f8rge, er helt umulig, sier hun.<\/p>\n<p>   <img decoding=\"async\" width=\"5760\" height=\"3646\" fetchpriority=\"low\"  loading=\"lazy\"  src=\"https:\/\/www.europesays.com\/no\/wp-content\/uploads\/2025\/12\/IMGL8853.jpg\" alt=\"\" class=\"brick-c-cFOWSL\" style=\"--brick-image-ratio: 5760 \/ 3646;\"\/><\/p>\n<p>      Tobarnsmoren vet godt at det skaper reaksjoner \u00e5 st\u00e5 fram, og at det neppe gj\u00f8r henne popul\u00e6r \u00e5 melde egen arbeidsplass til avisa. Men for henne var dette siste dr\u00e5pen. \u2013 \u00c5 tie n\u00e5 er umulig.<br \/>\n      Foto: Anie Olsen\n    <\/p>\n<p>  \u2013 Umenneskelig<\/p>\n<p>Sjefen skal ha forklart at Tonje \u00abi prinsippet allerede har f\u00e5tt utbetalt\u00bb l\u00f8nna for november og desember, bare for tidlig.<\/p>\n<p>Tonje mener h\u00e5ndteringen er urimelig.<\/p>\n<p>\u2013 Jeg forst\u00e5r at pengene selvf\u00f8lgelig m\u00e5 tilbakebetales, men det burde g\u00e5 an \u00e5 gj\u00f8re det over tid, i stedet for \u00e5 trekke to fulle l\u00f8nninger p\u00e5 \u00e9n gang. Det er umenneskelig, sier hun stille.<\/p>\n<p>Press fra media satte fart p\u00e5 saken<\/p>\n<p>F\u00f8r Tonje kontaktet Sarpsborg Arbeiderblad, sto arbeidsgiver fast p\u00e5 at det var riktig \u00e5 holde tilbake l\u00f8nna i to m\u00e5neder.<\/p>\n<p>SA intervjuet Tonje fredag forrige uke, og samme dag tok vi kontakt med sentralledelsen i Elkj\u00f8p. F\u00f8rst da ble saken tatt p\u00e5 alvor, og de anerkjente at det hadde skjedd en feil.<\/p>\n<p>   <img decoding=\"async\" width=\"5760\" height=\"3585\" fetchpriority=\"low\"  loading=\"lazy\"  src=\"https:\/\/www.europesays.com\/no\/wp-content\/uploads\/2025\/12\/IMGL8874.jpg\" alt=\"\" class=\"brick-c-cFOWSL\" style=\"--brick-image-ratio: 5760 \/ 3585;\"\/><\/p>\n<p>      Elkj\u00f8p Dikeveien har ikke besvart noen av Sarpsborg Arbeiderblads gjentatte henvendelser.<br \/>\n      Foto: Anie Olsen\n    <\/p>\n<p>\u2013 Det er sv\u00e6rt beklagelig at dette har skjedd og vi forst\u00e5r fortvilelsen til v\u00e5r medarbeider. Det er p\u00e5 ingen m\u00e5te v\u00e5r praksis \u00e5 holde tilbake l\u00f8nn ved feilutbetaling, men her har det dessverre skjedd en svikt i kommunikasjonen internt hos oss. Dette retter vi opp s\u00e5 fort som mulig og vi er allerede i gang med \u00e5 kj\u00f8re en utbetaling, skrev kommunikasjonssjef Kristian Willanger i en mail til SA, forrige uke.<\/p>\n<p>Mandag denne uken bekrefter Tonje at november-l\u00f8nna n\u00e5 er p\u00e5 konto. Hun tror presset fra media var utslagsgivende for at Elkj\u00f8p til slutt la seg flat og gjennomf\u00f8rte utbetalingen.<\/p>\n<p><b>Les ogs\u00e5: <a class=\"simple-relation related-teaser article--c-eRUmMG article--c-eRUmMG-fZoQSp-design-nettavisen article--c-eRUmMG-gwthdJ-cv\" href=\"https:\/\/www.nettavisen.no\/600-000-nordmenn-fikk-redusert-skatt\/s\/5-95-2757601\" rel=\"nofollow noopener\" target=\"_blank\">600.000 nordmenn fikk redusert skatt<\/a><\/b><\/p>\n<p>Urolig f\u00f8rjulstid<\/p>\n<p>Som alenemor med to barn og nylig flyttet inn i nytt hus med store utgifter, har Tonje levd i en urolig og usikker ventetid.<\/p>\n<p>\u2013 Det er vanskelig \u00e5 forst\u00e5 hvordan noen kan gj\u00f8re slikt mot et menneske, og rett f\u00f8r jul, sier hun stille.<\/p>\n<p>Heldigvis har hun f\u00e5tt hjelp fra familie og venner med det mest n\u00f8dvendige, og Tonje gj\u00f8r alt hun kan for at barna ikke skal merke den \u00f8konomiske usikkerheten.<\/p>\n<p>\u2013 Heldigvis kj\u00f8pte jeg julegave til s\u00f8nnen min tidlig i \u00e5r. Ellers hadde jeg ikke hatt r\u00e5d til \u00e5 gi ham noe n\u00e5, sier hun, med et snev av lettelse i stemmen.<\/p>\n<p><b>Les ogs\u00e5: <a class=\"simple-relation related-teaser article--c-eRUmMG article--c-eRUmMG-fZoQSp-design-nettavisen article--c-eRUmMG-gwthdJ-cv\" href=\"https:\/\/www.nettavisen.no\/trondheim-ordforer-med-klar-tale-russiske-utovere-er-ikke-velkomne-til-trondheim\/s\/5-95-2758470\" rel=\"nofollow noopener\" target=\"_blank\">Trondheim-ordf\u00f8rer med klar tale: \u2013 Russiske ut\u00f8vere er ikke velkomne til Trondheim<\/a><\/b><\/p>\n<p>   <img decoding=\"async\" width=\"5533\" height=\"3600\" fetchpriority=\"low\"  loading=\"lazy\"  src=\"https:\/\/www.europesays.com\/no\/wp-content\/uploads\/2025\/12\/IMGL8850+%281%29.jpg\" alt=\"\" class=\"brick-c-cFOWSL\" style=\"--brick-image-ratio: 5533 \/ 3600;\"\/><\/p>\n<p>      Under intervjuet v\u00e5kner datteren og lager sm\u00e5 lyder mens moren forteller. For Tonje er nettopp barna grunnen til at hun orker \u00e5 st\u00e5 i stormen og fortelle historien sin offentlig.<br \/>\n      Foto: Anie Olsen\n    <\/p>\n<p>  Fagforbund reagerer<\/p>\n<p> er tydelige p\u00e5 at Elkj\u00f8ps h\u00e5ndtering av saken bryter med regelverket.<\/p>\n<p>\u2013 En arbeidsgiver kan kreve tilbakebetaling ved feilutbetaling, men det skal skje gjennom en avtale eller et gradvis trekk som sikrer at arbeidstaker fortsatt har penger til livsopphold, sier Renate Klopp, regionkontorleder i HK Norge.<\/p>\n<p>Hun understreker at selv om arbeidsavtalen inneholder bestemmelser om korrigering av l\u00f8nn, gjelder \u00e9n regel uansett:<\/p>\n<p>\u2013 Trekk i l\u00f8nn skal alltid avtales skriftlig med arbeidstakeren. Hvis arbeidsgiver ensidig stanser hele l\u00f8nna, vil vi normalt anse det som ulovlig, sier Klopp.<\/p>\n","protected":false},"excerpt":{"rendered":"(Sarpsborg Arbeiderblad) Vi m\u00f8ter alenemor Tonje Nielsen (33) hjemme i huset p\u00e5 Navestad, hvor hun nylig har flyttet&hellip;\n","protected":false},"author":2,"featured_media":102811,"comment_status":"","ping_status":"","sticky":false,"template":"","format":"standard","meta":{"footnotes":""},"categories":[10],"tags":[20,21,24,25,15,22,23,13,30,28,29,14,16,26,27],"class_list":{"0":"post-102810","1":"post","2":"type-post","3":"status-publish","4":"format-standard","5":"has-post-thumbnail","7":"category-norge","8":"tag-breaking-news","9":"tag-breakingnews","10":"tag-featured-news","11":"tag-featurednews","12":"tag-headlines","13":"tag-latest-news","14":"tag-latestnews","15":"tag-news","16":"tag-no","17":"tag-norge","18":"tag-norway","19":"tag-nyheter","20":"tag-overskrifter","21":"tag-top-stories","22":"tag-topstories"},"share_on_mastodon":{"url":"https:\/\/pubeurope.com\/@no\/115653618294946073","error":""},"_links":{"self":[{"href":"https:\/\/www.europesays.com\/no\/wp-json\/wp\/v2\/posts\/102810","targetHints":{"allow":["GET"]}}],"collection":[{"href":"https:\/\/www.europesays.com\/no\/wp-json\/wp\/v2\/posts"}],"about":[{"href":"https:\/\/www.europesays.com\/no\/wp-json\/wp\/v2\/types\/post"}],"author":[{"embeddable":true,"href":"https:\/\/www.europesays.com\/no\/wp-json\/wp\/v2\/users\/2"}],"replies":[{"embeddable":true,"href":"https:\/\/www.europesays.com\/no\/wp-json\/wp\/v2\/comments?post=102810"}],"version-history":[{"count":0,"href":"https:\/\/www.europesays.com\/no\/wp-json\/wp\/v2\/posts\/102810\/revisions"}],"wp:featuredmedia":[{"embeddable":true,"href":"https:\/\/www.europesays.com\/no\/wp-json\/wp\/v2\/media\/102811"}],"wp:attachment":[{"href":"https:\/\/www.europesays.com\/no\/wp-json\/wp\/v2\/media?parent=102810"}],"wp:term":[{"taxonomy":"category","embeddable":true,"href":"https:\/\/www.europesays.com\/no\/wp-json\/wp\/v2\/categories?post=102810"},{"taxonomy":"post_tag","embeddable":true,"href":"https:\/\/www.europesays.com\/no\/wp-json\/wp\/v2\/tags?post=102810"}],"curies":[{"name":"wp","href":"https:\/\/api.w.org\/{rel}","templated":true}]}}