{"id":102814,"date":"2025-12-03T04:03:15","date_gmt":"2025-12-03T04:03:15","guid":{"rendered":"https:\/\/www.europesays.com\/no\/102814\/"},"modified":"2025-12-03T04:03:15","modified_gmt":"2025-12-03T04:03:15","slug":"pave-leo-advarer-trump-mot-militaer-aksjon-i-venezuela","status":"publish","type":"post","link":"https:\/\/www.europesays.com\/no\/102814\/","title":{"rendered":"Pave Leo advarer Trump mot milit\u00e6r aksjon i Venezuela"},"content":{"rendered":"\n<p class=\"_lead_o9xde_2 _lead_xtcu6_50 layout-component text-serif-m layout-normal text-serif-l layout-component layout-wide layout-padded _wide_17hqh_1 layout-padded\">Katolikkenes overhode oppfordrer til dialog i stedet for invasjon.<\/p>\n<p><img alt=\" Foto: foto: Julia Demaree Nikhinson \/ AP \/ NTB\" class=\"_image_qp4xg_65 layout-component layout-wide\" data-fullscreen- data-track-element-type=\"Article image fullscreen\" data-track-name=\"ImageFullscreen\" fetchpriority=\"high\" decoding=\"sync\" loading=\"eager\" height=\"1668\" itemprop=\"image\"  src=\"https:\/\/www.europesays.com\/no\/wp-content\/uploads\/2025\/12\/482c772e-45e3-4539-850f-57c895e3cd2d\"  style=\"object-position:0% 0%\" width=\"2500\"\/> Foto: foto: Julia Demaree Nikhinson \/ AP \/ NTB<\/p>\n<ul aria-hidden=\"true\" class=\"_images_1uft6_111\">\n<li><a class=\"_link_1uft6_116\" href=\"https:\/\/www.vg.no\/forfatter\/isak-loeve-pilskog-loe\" style=\"z-index:2\" title=\"Isak L\u00f8ve Pilskog Loe\" rel=\"nofollow noopener\" target=\"_blank\"><img alt=\"Bilde av Isak L\u00f8ve Pilskog Loe\" class=\"_image_1uft6_93\" fetchpriority=\"low\" loading=\"lazy\" decoding=\"async\" itemprop=\"image\"  src=\"https:\/\/www.europesays.com\/no\/wp-content\/uploads\/2025\/12\/1764734590_562_8b0354e3-bf53-460c-9c1c-790321a0c923\"  width=\"480\"\/><\/a><\/li>\n<li><a class=\"_link_1uft6_116\" href=\"https:\/\/www.vg.no\/forfatter\/ntb\" style=\"z-index:1\" title=\"NTB\" rel=\"nofollow noopener\" target=\"_blank\"><img alt=\"Bilde av NTB\" class=\"_image_1uft6_93\" fetchpriority=\"low\" loading=\"lazy\" decoding=\"async\" itemprop=\"image\"  src=\"https:\/\/www.europesays.com\/no\/wp-content\/uploads\/2025\/12\/1764734591_82_c33980b0-5d07-4027-84a1-813f90a7c8d6\"  width=\"480\"\/><\/a><\/li>\n<\/ul>\n<p> Oppdatert onsdag 3. desember kl. 02:58     <\/p>\n<p class=\"_paragraph_o9xde_4 _paragraph_xtcu6_10 layout-component text-serif-m layout-normal text-serif-m layout-padded\"><a href=\"https:\/\/www.vg.no\/tag\/pave-leo?utm_source=vg-article&amp;utm_medium=auto-tagger&amp;utm_campaign=2pnEp4\" class=\"_link_o9xde_39\" rel=\"nofollow noopener\" target=\"_blank\">Pave Leo<\/a> XIV advarte tirsdag USA mot \u00e5 gjennomf\u00f8re en milit\u00e6r operasjon i Venezuela. <\/p>\n<p class=\"_paragraph_o9xde_4 _paragraph_xtcu6_10 layout-component text-serif-m layout-normal text-serif-m layout-padded\">I stedet oppfordret han Trump-administrasjonen til \u00e5 \u00abs\u00f8ke dialog\u00bb for \u00e5 unng\u00e5 eskalering.<\/p>\n<p class=\"_paragraph_o9xde_4 _paragraph_xtcu6_10 layout-component text-serif-m layout-normal text-serif-m layout-padded\">\u2013 Det er denne faren, denne muligheten, at det kan bli en aksjon, en operasjon, inkludert en invasjon av venezuelansk territorium, sa paven til journalister p\u00e5 spansk under hjemreisen fra Beirut.<\/p>\n<p><img decoding=\"async\" alt=\"Bilde av Pave Leo\" class=\"_image_ygndg_42\" height=\"27\" itemprop=\"image\" loading=\"lazy\"  src=\"https:\/\/www.europesays.com\/no\/wp-content\/uploads\/2025\/12\/10410456-09e8-4b7f-a77a-f5d4191dab4b\"  width=\"40\"\/><strong class=\"_name_ygndg_51 title-serif-xs\">Pave Leo<\/strong><\/p>\n<p class=\"_paragraph_o9xde_4 _paragraph_xtcu6_10 layout-component text-serif-m layout-normal text-serif-m layout-padded\">\u2013 Jeg tror igjen det er bedre \u00e5 s\u00f8ke dialog innenfor dette presset, inkludert \u00f8konomisk press, men se etter en annen m\u00e5te \u00e5 f\u00e5 til endring p\u00e5, hvis det er det USA bestemmer seg for \u00e5 gj\u00f8re, fortsatte han.<\/p>\n<p><img alt=\"Pave Leo bes\u00f8kte nylig Libanon.  Foto: VATICAN MEDIA HANDOUT \/ EPA \/ NTB\" class=\"_image_qp4xg_65 layout-component layout-normal\" data-fullscreen- data-track-element-type=\"Article image fullscreen\" data-track-name=\"ImageFullscreen\" decoding=\"async\" loading=\"lazy\" height=\"2048\" itemprop=\"image\"  src=\"https:\/\/www.europesays.com\/no\/wp-content\/uploads\/2025\/12\/8384b643-d394-414f-b6b6-5e0f7613c225\"  style=\"object-position:0% 0%\" width=\"3072\"\/>Pave Leo bes\u00f8kte nylig Libanon.  Foto: VATICAN MEDIA HANDOUT \/ EPA \/ NTB<\/p>\n<p class=\"_paragraph_o9xde_4 _paragraph_xtcu6_10 layout-component text-serif-m layout-normal text-serif-m layout-padded\"><a href=\"https:\/\/www.vaticannews.va\/en\/pope\/news\/2025-12\/pope-leo-xiv-inflight-press-conference-turkiye-lebanon.html\" class=\"_link_o9xde_39\" rel=\"nofollow noopener\" target=\"_blank\">Uttalelsene<\/a> kommer etter at president Donald Trump har trappet opp retorikken mot Venezuelas president Nicol\u00e1s Maduro. L\u00f8rdag beordret Trump at luftrommet over det s\u00f8ramerikanske landet skulle stenges.<\/p>\n<p class=\"_paragraph_o9xde_4 _paragraph_xtcu6_10 layout-component text-serif-m layout-normal text-serif-m layout-padded\">Trump-administrasjonen st\u00e5r ogs\u00e5 overfor gransking etter en serie luftangrep som har drept dusinvis av mennesker p\u00e5 fart\u00f8y som angivelig fraktet narkotika, noen av dem fra Venezuela.<\/p>\n<p class=\"_paragraph_o9xde_4 _paragraph_xtcu6_10 layout-component text-serif-m layout-normal text-serif-m layout-padded\">Pave Leo, som er den f\u00f8rste amerikanske paven i historien, har tidligere v\u00e6rt forsiktig med \u00e5 kritisere Trump-administrasjonen. <\/p>\n<p class=\"_paragraph_o9xde_4 _paragraph_xtcu6_10 layout-component text-serif-m layout-normal text-serif-m layout-padded\">Kritikken hans kommer samtidig som Trump-administrasjonen anklages for angrep og drap som omtales som brudd p\u00e5 folkeretten \u2013 og som mulig krigsforbrytelse.<\/p>\n<p>Hegseth forsvarer angrepene<\/p>\n<p class=\"_paragraph_o9xde_4 _paragraph_xtcu6_10 layout-component text-serif-m layout-normal text-serif-m layout-padded\">I Det hvite hus forsvarer USAs forsvarsminister Pete Hegseth oppf\u00f8lgingsangrepet mot en p\u00e5st\u00e5tt narkob\u00e5t i Karibia, og viser til \u00abkrigens t\u00e5ke\u00bb<\/p>\n<p class=\"_paragraph_o9xde_4 _paragraph_xtcu6_10 layout-component text-serif-m layout-normal text-serif-m layout-padded\">\u2013 B\u00e5ten sto i brann, sa forsvarsminister Pete Hegseth under et regjeringsm\u00f8te med pressen til stede i Det hvite hus tirsdag.<\/p>\n<p><img alt=\"Foto: Julia Demaree Nikhinson \/ AP \/ NTB\" class=\"_image_qp4xg_65 layout-component layout-normal\" data-fullscreen- data-track-element-type=\"Article image fullscreen\" data-track-name=\"ImageFullscreen\" decoding=\"async\" loading=\"lazy\" height=\"5447\" itemprop=\"image\"  src=\"https:\/\/www.europesays.com\/no\/wp-content\/uploads\/2025\/12\/c90a43f1-6a95-43b3-9fc3-484f6f620eb0\"  style=\"object-position:0% 0%\" width=\"8171\"\/>Foto: Julia Demaree Nikhinson \/ AP \/ NTB<\/p>\n<p class=\"_paragraph_o9xde_4 _paragraph_xtcu6_10 layout-component text-serif-m layout-normal text-serif-m layout-padded\">Han viser til \u00abkrigens t\u00e5ke\u00bb i forsvar av angrepet mot en narkob\u00e5t utenfor Venezuela.<\/p>\n<p class=\"_paragraph_o9xde_4 _paragraph_xtcu6_10 layout-component text-serif-m layout-normal text-serif-m layout-padded\">Hegseth sa han ikke s\u00e5 noen overlevende i vannet da det andre angrepet ble gjennomf\u00f8rt tidlig i september. Det var 11 personer om bord i b\u00e5ten. De to siste ble drept i det andre angrepet.<\/p>\n<p class=\"_paragraph_o9xde_4 _paragraph_xtcu6_10 layout-component text-serif-m layout-normal text-serif-m layout-padded\">Hegseth forklarte videre at han \u00abikke ble v\u00e6rende\u00bb under resten av oppdraget, og at admiralen som hadde ansvaret hadde \u00abtatt den riktige avgj\u00f8relsen\u00bb med \u00e5 beordre det andre angrepet, noe han \u00abhadde full myndighet til \u00e5 gj\u00f8re\u00bb.<\/p>\n<p class=\"_paragraph_o9xde_4 _paragraph_xtcu6_10 layout-component text-serif-m layout-normal text-serif-m layout-padded\">Hegseth er i hardt v\u00e6r etter at <a href=\"https:\/\/www.washingtonpost.com\/national-security\/2025\/11\/28\/hegseth-kill-them-all-survivors-boat-strike\/\" class=\"_link_o9xde_39\" rel=\"nofollow noopener\" target=\"_blank\">The Washington Post<\/a> rapporterte at han skal ha gitt en muntlig ordre om \u00e5 \u00abdrepe alle\u00bb p\u00e5 en b\u00e5t i september.<\/p>\n<p class=\"_paragraph_o9xde_4 _paragraph_xtcu6_10 layout-component text-serif-m layout-normal text-serif-m layout-padded\">Mandag sa Det hvite hus at viseadmiral Frank \u00abMitch\u00bb Bradley handlet \u00abinnenfor sin myndighet og loven\u00bb da han beordret det andre angrepet. Hegseth kaller avisrapportene \u00abfalske nyheter\u00bb.<\/p>\n<p>Vil fortsette angrepene<\/p>\n<p class=\"_paragraph_o9xde_4 _paragraph_xtcu6_10 layout-component text-serif-m layout-normal text-serif-m layout-padded\">USA har de siste m\u00e5nedene gjennomf\u00f8rt 21 angrep mot en rekke sm\u00e5b\u00e5ter som de mener smugler narkotika fra Venezuela til USA, if\u00f8lge Pentagon. Minst 83 mennesker er drept i disse luftangrepene, som har funnet sted i internasjonalt farvann.<\/p>\n<p class=\"_paragraph_o9xde_4 _paragraph_xtcu6_10 layout-component text-serif-m layout-normal text-serif-m layout-padded\">Til tross for omfattende kritikk har USAs forsvarsminister ingen planer om \u00e5 stanse angrepene p\u00e5 det han mener er b\u00e5ter med narkosmuglere.<\/p>\n<p class=\"_paragraph_o9xde_4 _paragraph_xtcu6_10 layout-component text-serif-m layout-normal text-serif-m layout-padded\">\u2013 Vi har bare s\u00e5 vidt begynt \u00e5 angripe narkotikab\u00e5ter og sende narkoterrorister ned p\u00e5 havets bunn, for de har forgiftet det amerikanske folket, sa Hegseth under et kabinettsm\u00f8te tirsdag, if\u00f8lge Reuters.<\/p>\n<p class=\"_paragraph_o9xde_4 _paragraph_xtcu6_10 layout-component text-serif-m layout-normal text-serif-m layout-padded\">Hegseth sier det har v\u00e6rt en pause i angrepene fordi det er vanskelig \u00e5 finne b\u00e5ter n\u00e5.<\/p>\n<p class=\"_paragraph_o9xde_4 _paragraph_xtcu6_10 layout-component text-serif-m layout-normal text-serif-m layout-padded\">\u2013 Pete gj\u00f8r en str\u00e5lende jobb. Jeg stoler p\u00e5 ham, sa Trump under regjeringsm\u00f8tet med Hegseth ved sin side.<\/p>\n<p class=\"_paragraph_o9xde_4 _paragraph_xtcu6_10 layout-component text-serif-m layout-normal text-serif-m layout-padded\">Demokratenes representant Ted Lieu krever at justisdepartementet gjennomf\u00f8rer en etterforskning av angrepene. Ogs\u00e5 i Kongressen er det varslet en gransking.<\/p>\n<p class=\"_paragraph_o9xde_4 _paragraph_xtcu6_10 layout-component text-serif-m layout-normal text-serif-m layout-padded\">\u2013 \u00c5 drepe overlevende fra skipbrudd er en krigsforbrytelse, sier Lieu.<\/p>\n<p>    <img decoding=\"async\" alt=\"Tips oss illustrasjon\" src=\"https:\/\/www.europesays.com\/no\/wp-content\/uploads\/2025\/10\/pssst-small.webp.webp\"\/>    <\/p>\n<p class=\"title-serif-s\">Har du tips?<\/p>\n<p class=\"text-sans-m\">Send oss informasjon, bilder eller video.<\/p>\n<p>  <a href=\"https:\/\/www.vg.no\/tips-oss\" rel=\"nofollow noopener\" target=\"_blank\"> Tips oss <\/a>      <\/p>\n","protected":false},"excerpt":{"rendered":"Katolikkenes overhode oppfordrer til dialog i stedet for invasjon. Foto: foto: Julia Demaree Nikhinson \/ AP \/ NTB&hellip;\n","protected":false},"author":2,"featured_media":102815,"comment_status":"","ping_status":"","sticky":false,"template":"","format":"standard","meta":{"footnotes":""},"categories":[5],"tags":[31,20,21,24,25,15,19,22,23,17,18,13,30,28,29,14,16,1367,26,27,50,95],"class_list":{"0":"post-102814","1":"post","2":"type-post","3":"status-publish","4":"format-standard","5":"has-post-thumbnail","7":"category-overskrifter","8":"tag-breaking","9":"tag-breaking-news","10":"tag-breakingnews","11":"tag-featured-news","12":"tag-featurednews","13":"tag-headlines","14":"tag-hovedoppslag","15":"tag-latest-news","16":"tag-latestnews","17":"tag-main-news","18":"tag-mainnews","19":"tag-news","20":"tag-no","21":"tag-norge","22":"tag-norway","23":"tag-nyheter","24":"tag-overskrifter","25":"tag-pave-leo","26":"tag-top-stories","27":"tag-topstories","28":"tag-usa","29":"tag-venezuela"},"share_on_mastodon":{"url":"https:\/\/pubeurope.com\/@no\/115653653637675811","error":""},"_links":{"self":[{"href":"https:\/\/www.europesays.com\/no\/wp-json\/wp\/v2\/posts\/102814","targetHints":{"allow":["GET"]}}],"collection":[{"href":"https:\/\/www.europesays.com\/no\/wp-json\/wp\/v2\/posts"}],"about":[{"href":"https:\/\/www.europesays.com\/no\/wp-json\/wp\/v2\/types\/post"}],"author":[{"embeddable":true,"href":"https:\/\/www.europesays.com\/no\/wp-json\/wp\/v2\/users\/2"}],"replies":[{"embeddable":true,"href":"https:\/\/www.europesays.com\/no\/wp-json\/wp\/v2\/comments?post=102814"}],"version-history":[{"count":0,"href":"https:\/\/www.europesays.com\/no\/wp-json\/wp\/v2\/posts\/102814\/revisions"}],"wp:featuredmedia":[{"embeddable":true,"href":"https:\/\/www.europesays.com\/no\/wp-json\/wp\/v2\/media\/102815"}],"wp:attachment":[{"href":"https:\/\/www.europesays.com\/no\/wp-json\/wp\/v2\/media?parent=102814"}],"wp:term":[{"taxonomy":"category","embeddable":true,"href":"https:\/\/www.europesays.com\/no\/wp-json\/wp\/v2\/categories?post=102814"},{"taxonomy":"post_tag","embeddable":true,"href":"https:\/\/www.europesays.com\/no\/wp-json\/wp\/v2\/tags?post=102814"}],"curies":[{"name":"wp","href":"https:\/\/api.w.org\/{rel}","templated":true}]}}