{"id":102816,"date":"2025-12-03T04:09:12","date_gmt":"2025-12-03T04:09:12","guid":{"rendered":"https:\/\/www.europesays.com\/no\/102816\/"},"modified":"2025-12-03T04:09:12","modified_gmt":"2025-12-03T04:09:12","slug":"det-meste-kan-tilpasses-i-dag-sier-remi-39-men-det-er-fortsatt-mange-viktige-saker-a-kjempe-for-bladet-vesteralen","status":"publish","type":"post","link":"https:\/\/www.europesays.com\/no\/102816\/","title":{"rendered":"\u2013 Det meste kan tilpasses i dag, sier Remi (39) \u2013 men det er fortsatt mange viktige saker \u00e5 kjempe for &#8211; Bladet Vester\u00e5len"},"content":{"rendered":"<ol>\n<li><a href=\"https:\/\/news.google.com\/rss\/articles\/CBMixgFBVV95cUxQZF9UQkpnam5yWGVIM2hnTUpISExtb1hkTzU0WFFoS2FVRmM3LTc5clNWRXJwNEV5UnBHRG02TjMzMThSNnlLb2xodkpwWF9Qa05WVGpfSXMxcU1taGhBdGxSTlZZZU1Od0d5eDZiMTJ4NnlPV2xDMXljLWlyUEFFNzRWa1lUMy1tUE1NdDdWaDUwZGUxOFRuYms3YUpXdHpHeUJ2cjlVN2lES0w4MDdITkdVbDRMeHoyR01Eb09zREM0UjhDc2c?oc=5\" target=\"_blank\" rel=\"nofollow noopener\">\u2013 Det meste kan tilpasses i dag, sier Remi (39) \u2013 men det er fortsatt mange viktige saker \u00e5 kjempe for<\/a>&nbsp;&nbsp;Bladet Vester\u00e5len<\/li>\n<li><a href=\"https:\/\/news.google.com\/rss\/articles\/CBMixAFBVV95cUxQVXNNbUZPV1dmQjhtS0ZTRl9uVUJpU0VsdDFoQ1Rhc1g0ekNES0ljSGVhZnRmU2RJbnViSEYwaHd4WmJ6VjRYNEQxOTVvZENYcUhUcFB2UEQtM3FNMk9GVXhSTUNmNUhoNElsRGpQU0xndHVZQ0hsTURGRFp4dm5QbG1TMklxTmRvTkhETktqVk05LWhESDJuSHQtcnh5Ym9TMHNPQkRReGNzUXhGNTNfcE8yc21wZmtXTXJ1MENaSmh0RVAy?oc=5\" target=\"_blank\" rel=\"nofollow noopener\">Kronikk: \u00abHvorfor st\u00e5r inkludering av funksjonshemmede stille?\u00bb<\/a>&nbsp;&nbsp;Aftenposten<\/li>\n<li><a href=\"https:\/\/news.google.com\/rss\/articles\/CBMiiAFBVV95cUxNWXljOFh0UU83OVRyajNvanBWMVBwZHdBYzBrRkVkUy00WXNLX29fbUwtZFFxSHEzUnpmOUNVNDItOWZGcUxjeldqdXZBZWo2RFFhZGdOMmw2RWo0TE13QzZweVlqSjNISkZQZlRza0lEVWNncC1oYWlsaVA4TjRWNEpteDUxQW14?oc=5\" target=\"_blank\" rel=\"nofollow noopener\">Dette er holdninger som ikke h\u00f8rer noe sted hjemme<\/a>&nbsp;&nbsp;fvn.no<\/li>\n<li><a href=\"https:\/\/news.google.com\/rss\/articles\/CBMif0FVX3lxTE1RankxRjRmR0VIb2xkU24xRjlnUGQzNkhxekl0eW1Wc2dSTWgybzdvQW84QmxLRUZVbjBfQXFqY0NwOEJYNUZSLUJWMFZwUkJRRlowU0puUC15Y3I1V09pZE1yYWZZdUY0TjQ1YVVMbThuYjhFQUJObUhWV3FYLTQ?oc=5\" target=\"_blank\" rel=\"nofollow noopener\">Unge meninger: Spare og kutte i menneskers rettigheter?<\/a>&nbsp;&nbsp;VG<\/li>\n<li><a href=\"https:\/\/news.google.com\/rss\/articles\/CBMiiwFBVV95cUxQQTdNZUF4Ql9VQmtISjZpSnhIdDN6dGpYQzR2WUdESmdfZks1QnV4eWlFRzlyb1o0ckxjQXNMZzJUaUNCdVp1aV9XazFYajVCbkY5R1U1Q0xBdDJmamcydk9aS0ZTYkVYWXJDdWU1MzI2eml6N3ZmcTJxb3pHZDRlYTRtbVF1NEctN3BJ?oc=5\" target=\"_blank\" rel=\"nofollow noopener\">Debatt, Ine Vedeld | Stortinget m\u00e5 tr\u00e5 til, for de som ikke kan tr\u00e5 selv<\/a>&nbsp;&nbsp;\u00d8stlands-Posten<\/li>\n<\/ol>\n","protected":false},"excerpt":{"rendered":"\u2013 Det meste kan tilpasses i dag, sier Remi (39) \u2013 men det er fortsatt mange viktige saker&hellip;\n","protected":false},"author":2,"featured_media":102817,"comment_status":"","ping_status":"","sticky":false,"template":"","format":"standard","meta":{"footnotes":""},"categories":[10],"tags":[20,21,24,25,15,22,23,13,30,28,29,14,16,26,27],"class_list":{"0":"post-102816","1":"post","2":"type-post","3":"status-publish","4":"format-standard","5":"has-post-thumbnail","7":"category-norge","8":"tag-breaking-news","9":"tag-breakingnews","10":"tag-featured-news","11":"tag-featurednews","12":"tag-headlines","13":"tag-latest-news","14":"tag-latestnews","15":"tag-news","16":"tag-no","17":"tag-norge","18":"tag-norway","19":"tag-nyheter","20":"tag-overskrifter","21":"tag-top-stories","22":"tag-topstories"},"share_on_mastodon":{"url":"https:\/\/pubeurope.com\/@no\/115653677098938030","error":""},"_links":{"self":[{"href":"https:\/\/www.europesays.com\/no\/wp-json\/wp\/v2\/posts\/102816","targetHints":{"allow":["GET"]}}],"collection":[{"href":"https:\/\/www.europesays.com\/no\/wp-json\/wp\/v2\/posts"}],"about":[{"href":"https:\/\/www.europesays.com\/no\/wp-json\/wp\/v2\/types\/post"}],"author":[{"embeddable":true,"href":"https:\/\/www.europesays.com\/no\/wp-json\/wp\/v2\/users\/2"}],"replies":[{"embeddable":true,"href":"https:\/\/www.europesays.com\/no\/wp-json\/wp\/v2\/comments?post=102816"}],"version-history":[{"count":0,"href":"https:\/\/www.europesays.com\/no\/wp-json\/wp\/v2\/posts\/102816\/revisions"}],"wp:featuredmedia":[{"embeddable":true,"href":"https:\/\/www.europesays.com\/no\/wp-json\/wp\/v2\/media\/102817"}],"wp:attachment":[{"href":"https:\/\/www.europesays.com\/no\/wp-json\/wp\/v2\/media?parent=102816"}],"wp:term":[{"taxonomy":"category","embeddable":true,"href":"https:\/\/www.europesays.com\/no\/wp-json\/wp\/v2\/categories?post=102816"},{"taxonomy":"post_tag","embeddable":true,"href":"https:\/\/www.europesays.com\/no\/wp-json\/wp\/v2\/tags?post=102816"}],"curies":[{"name":"wp","href":"https:\/\/api.w.org\/{rel}","templated":true}]}}