{"id":102818,"date":"2025-12-03T04:15:14","date_gmt":"2025-12-03T04:15:14","guid":{"rendered":"https:\/\/www.europesays.com\/no\/102818\/"},"modified":"2025-12-03T04:15:14","modified_gmt":"2025-12-03T04:15:14","slug":"ikke-noe-mer-utpressing","status":"publish","type":"post","link":"https:\/\/www.europesays.com\/no\/102818\/","title":{"rendered":"&#8211; Ikke noe mer utpressing"},"content":{"rendered":"<p class=\"kicker \" style=\"\">Opphever presidentordrer:<\/p>\n<p>  Alle dokumenter som Joe Biden signerte med underskriftsmaskin, er n\u00e5 annullert, sier president Donald Trump.<\/p>\n<p>\n    NY MELDING: Donald Trump sier han har opphevet en rekke presidentordrer fra forgjengeren Joe Biden. Foto: AP Photo\/Alex Brandon\n  <\/p>\n<p>&#8211; Alle dokumenter, kunngj\u00f8ringer, presidentordrer, notater eller kontrakter, signert med autopenn under Joe Biden-administrasjonen, er herved ugyldige, virkningsl\u00f8se og ikke lenger i kraft.<\/p>\n<p>Det skriver president Trump i et innlegg p\u00e5\u00a0<a href=\"https:\/\/truthsocial.com\/@realDonaldTrump\/posts\/115652422974373513\" target=\"_blank\" rel=\"nofollow noopener\">Truth Social<\/a>\u00a0natt til onsdag.<\/p>\n<p>    <a itemprop=\"url\" href=\"https:\/\/www.dagbladet.no\/nyheter\/bekrefter-maduro-samtale-forlat-landet-na\/83920816\" rel=\"nofollow noopener\" target=\"_blank\"><\/p>\n<p>      <img loading=\"lazy\" decoding=\"async\" src=\"https:\/\/www.europesays.com\/no\/wp-content\/uploads\/2025\/12\/1764735311_741_83920829.webp\" width=\"980\" height=\"441\" title=\"Bekrefter Maduro-samtale: - Forlat landet n\u00e5\" alt=\"\" class=\"lazyload\" style=\"--aspect-ratio-image: 2.22; \"\/><\/p>\n<p>        Bekrefter Maduro-samtale: &#8211; Forlat landet n\u00e5<\/p>\n<p>    <\/a><\/p>\n<p>&#8211; Alle som mottar ben\u00e5dninger, straffenedsettelse eller andre juridiske dokumenter signert p\u00e5 denne m\u00e5ten, b\u00f8r v\u00e6re oppmerksom p\u00e5 at dokumentene er fullt ut avsluttet og ikke har juridisk virkning, skriver han videre.<\/p>\n<p>Underskriftsmaskin, eller autopenn, er en maskin som reproduserer en signatur ved hjelp av en ekte penn og en mal av signaturen.\u00a0<\/p>\n<p>Den brukes til \u00e5 signere store mengder dokumenter, brev, og til og med lovforslag, uten at personen selv trenger \u00e5 v\u00e6re til stede eller signere manuelt for hvert enkelt dokument.<\/p>\n<p>          <img loading=\"lazy\" decoding=\"async\" src=\"https:\/\/www.europesays.com\/no\/wp-content\/uploads\/2025\/12\/83930158.webp\" width=\"686\" height=\"392\" title=\"VANLIG PROSEDYRE: Underskriftsmaskin, eller autopenn, er en maskin som reproduserer en signatur ved hjelp av en ekte penn og en mal av signaturen. Bildet viser selskapet Damilics president Bob Olding demonstrere bruken av en slik maskin i 2011. Foto: Manuel Balce Ceneta \/ AP \/ NTB\" alt=\"\" class=\"\" style=\"--aspect-ratio-image: 1.75; \"\/><\/p>\n<p>\n          VANLIG PROSEDYRE: Underskriftsmaskin, eller autopenn, er en maskin som reproduserer en signatur ved hjelp av en ekte penn og en mal av signaturen. Bildet viser selskapet Damilics president Bob Olding demonstrere bruken av en slik maskin i 2011. Foto: Manuel Balce Ceneta \/ AP \/ NTB\n      <\/p>\n<p>Denne teknologien har blitt brukt av amerikanske presidenter i flere ti\u00e5r.\u00a0<a href=\"https:\/\/www.politico.com\/story\/2013\/01\/autopen-barack-obama-10-facts-085720\" target=\"_blank\" rel=\"nofollow noopener\">Politico<\/a>\u00a0skrev i 2013 at Harry Truman, som var president fra 1945 til 1953, var den f\u00f8rste som tok innretningen i bruk.<\/p>\n<p>    <a itemprop=\"url\" href=\"https:\/\/www.dagbladet.no\/nyheter\/et-skremmende-signal\/83924947\" rel=\"nofollow noopener\" target=\"_blank\"><\/p>\n<p>      <img loading=\"lazy\" decoding=\"async\" src=\"https:\/\/www.europesays.com\/no\/wp-content\/uploads\/2025\/12\/1764735314_795_83820917.webp\" width=\"980\" height=\"441\" title=\"- Et skremmende signal\" alt=\"\" class=\"lazyload\" style=\"--aspect-ratio-image: 2.22; \"\/><\/p>\n<p>        &#8211; Et skremmende signal<\/p>\n<p>    <\/a><\/p>\n<p>If\u00f8lge nettstedet fikk president George W. Bush i sin periode gjennomf\u00f8rt en vurdering av om praksisen var lovlig, og juristene konkluderte da med at den var det. Mange presidenter har imidlertid unng\u00e5tt underskriftsmaskiner, av bekymring for at bruken kan vekke reaksjoner.<\/p>\n","protected":false},"excerpt":{"rendered":"Opphever presidentordrer: Alle dokumenter som Joe Biden signerte med underskriftsmaskin, er n\u00e5 annullert, sier president Donald Trump. NY&hellip;\n","protected":false},"author":2,"featured_media":102819,"comment_status":"","ping_status":"","sticky":false,"template":"","format":"standard","meta":{"footnotes":""},"categories":[12],"tags":[20,21,279,24,25,15,22,23,13,30,28,29,14,16,188,26,27,412,42,186,43,44,45],"class_list":{"0":"post-102818","1":"post","2":"type-post","3":"status-publish","4":"format-standard","5":"has-post-thumbnail","7":"category-verden","8":"tag-breaking-news","9":"tag-breakingnews","10":"tag-eu","11":"tag-featured-news","12":"tag-featurednews","13":"tag-headlines","14":"tag-latest-news","15":"tag-latestnews","16":"tag-news","17":"tag-no","18":"tag-norge","19":"tag-norway","20":"tag-nyheter","21":"tag-overskrifter","22":"tag-russland","23":"tag-top-stories","24":"tag-topstories","25":"tag-utenriks","26":"tag-verden","27":"tag-vladimir-putin","28":"tag-world","29":"tag-world-news","30":"tag-worldnews"},"share_on_mastodon":{"url":"https:\/\/pubeurope.com\/@no\/115653700893881868","error":""},"_links":{"self":[{"href":"https:\/\/www.europesays.com\/no\/wp-json\/wp\/v2\/posts\/102818","targetHints":{"allow":["GET"]}}],"collection":[{"href":"https:\/\/www.europesays.com\/no\/wp-json\/wp\/v2\/posts"}],"about":[{"href":"https:\/\/www.europesays.com\/no\/wp-json\/wp\/v2\/types\/post"}],"author":[{"embeddable":true,"href":"https:\/\/www.europesays.com\/no\/wp-json\/wp\/v2\/users\/2"}],"replies":[{"embeddable":true,"href":"https:\/\/www.europesays.com\/no\/wp-json\/wp\/v2\/comments?post=102818"}],"version-history":[{"count":0,"href":"https:\/\/www.europesays.com\/no\/wp-json\/wp\/v2\/posts\/102818\/revisions"}],"wp:featuredmedia":[{"embeddable":true,"href":"https:\/\/www.europesays.com\/no\/wp-json\/wp\/v2\/media\/102819"}],"wp:attachment":[{"href":"https:\/\/www.europesays.com\/no\/wp-json\/wp\/v2\/media?parent=102818"}],"wp:term":[{"taxonomy":"category","embeddable":true,"href":"https:\/\/www.europesays.com\/no\/wp-json\/wp\/v2\/categories?post=102818"},{"taxonomy":"post_tag","embeddable":true,"href":"https:\/\/www.europesays.com\/no\/wp-json\/wp\/v2\/tags?post=102818"}],"curies":[{"name":"wp","href":"https:\/\/api.w.org\/{rel}","templated":true}]}}