{"id":102820,"date":"2025-12-03T04:16:36","date_gmt":"2025-12-03T04:16:36","guid":{"rendered":"https:\/\/www.europesays.com\/no\/102820\/"},"modified":"2025-12-03T04:16:36","modified_gmt":"2025-12-03T04:16:36","slug":"a-sta-i-dette-med-en-av-mine-naermeste-er-ingen-hyggelig-dag-pa-jobb-agderposten-no","status":"publish","type":"post","link":"https:\/\/www.europesays.com\/no\/102820\/","title":{"rendered":"\u2013 \u00c5 st\u00e5 i dette med en av mine n\u00e6rmeste er ingen hyggelig dag p\u00e5 jobb &#8211; agderposten.no"},"content":{"rendered":"<ol>\n<li><a href=\"https:\/\/news.google.com\/rss\/articles\/CBMiowFBVV95cUxPSDZrREMyaGFJenh4RTZkbnBDdHNFUWFoT2k1R3FEcVlSamZwMS1VQU4ycUI4VWNxaV9uc1FMMmtoQktZa3lmZHlULU8tNVBxdHYxMWUtWWRjajZIOHpSTExfc3B6RUJXTGJyMWdPakJBd1ZzWFA4TDJqbFlRZjJ4Vm9WLWJFX1c3a0JpU1N5d0dGZk01SkoyandBRTFoT2g5Qjdj?oc=5\" target=\"_blank\" rel=\"nofollow noopener\">\u2013 \u00c5 st\u00e5 i dette med en av mine n\u00e6rmeste er ingen hyggelig dag p\u00e5 jobb<\/a>&nbsp;&nbsp;agderposten.no<\/li>\n<li><a href=\"https:\/\/news.google.com\/rss\/articles\/CBMihAFBVV95cUxOS1JCQmdYWUpQbEdQWXdhWWhJVGJoRHhOaGUxTWZxNlMzV3N1eWVXMGhJSjl0SXdwWG9DZXpub051N1c1VWJmdC1LRmFTRWFKaC1XT04tNlVENEtGWkRBck5IaWJPcXN2S1l3d1RfSWo3OU1pR2QzaGhpZ2dYM3VmY011V0k?oc=5\" target=\"_blank\" rel=\"nofollow noopener\">Inhabil veisjef ble mangemillion\u00e6r \u2013 S\u00f8rlandet<\/a>&nbsp;&nbsp;NRK<\/li>\n<li><a href=\"https:\/\/news.google.com\/rss\/articles\/CBMikgFBVV95cUxNaVdLajFaVEFjei1jWjNBVmhmQzFDV0ZiWFR5X2VOY0VheGEtdUt0Zk54T1ZEVU8tbDhXYldsQmlOYTN0U0FTaG9fckVFQkZsc1lOTGdEVkZVNWtEZUNfcWI4N0JfQXdLNkpLRUtWUldLYWZmZDFGYUF4RWZEajVUWnJodGVNVF9GMVU3QnlZUkM4dw?oc=5\" target=\"_blank\" rel=\"nofollow noopener\">(+) Tar selvkritikk: \u2013 Reflekterte ikke noe over det<\/a>&nbsp;&nbsp;fvn.no<\/li>\n<li><a href=\"https:\/\/news.google.com\/rss\/articles\/CBMigAFBVV95cUxOWFZyRkNHc0VERDR1NE54Rm5ib2VaMkoxNjA3eTBhRFU3eXphU0Nzemdzc3RrODNWMlZiRXZ0TWxVZmJzQTNfeUlUbTFqbEprbDF4b0lNdnlOVFZ0TkJjT0FrWVAzQng5dVZYZTF3blhabUpNM0lMUXhSQ2lxWkVWdw?oc=5\" target=\"_blank\" rel=\"nofollow noopener\">Habilitetsrot rundt vei: \u2013 Utrolig uheldig<\/a>&nbsp;&nbsp;l-a.no<\/li>\n<li><a href=\"https:\/\/news.google.com\/rss\/articles\/CBMiywFBVV95cUxQRGtIWjJLZ2lpV29kS3ZKSk5pbkFWVTMzczNPdXoySFdZZ1lwYmZ0Q003Y0picDRsOUJJaWxZY1dtWEZ4cWc3QkJhbkxuUEZwbEdMZGRwbGsxQjRTVUpXYzljWDhjZnV2czdaX2N6N00zQnJ0MHZYZGF4NWM4UkhfelBVcXZUWWwweVN6SzA3dS1jb0lEM0xmWkRjVUxwRUc4VlV0LXR1aU4xWWFsZ2xJc2tYVDFIc3FuN0o2OGhkQlo4a04wS2x3MWlhVQ?oc=5\" target=\"_blank\" rel=\"nofollow noopener\">(+) NRK: Veisjef jobbet for ny vei mens han forhandlet om salg av tomt i samme omr\u00e5de<\/a>&nbsp;&nbsp;folkebladet.no<\/li>\n<\/ol>\n","protected":false},"excerpt":{"rendered":"\u2013 \u00c5 st\u00e5 i dette med en av mine n\u00e6rmeste er ingen hyggelig dag p\u00e5 jobb&nbsp;&nbsp;agderposten.no Inhabil veisjef&hellip;\n","protected":false},"author":2,"featured_media":102821,"comment_status":"","ping_status":"","sticky":false,"template":"","format":"standard","meta":{"footnotes":""},"categories":[10],"tags":[20,21,24,25,15,22,23,13,30,28,29,14,16,26,27],"class_list":{"0":"post-102820","1":"post","2":"type-post","3":"status-publish","4":"format-standard","5":"has-post-thumbnail","7":"category-norge","8":"tag-breaking-news","9":"tag-breakingnews","10":"tag-featured-news","11":"tag-featurednews","12":"tag-headlines","13":"tag-latest-news","14":"tag-latestnews","15":"tag-news","16":"tag-no","17":"tag-norge","18":"tag-norway","19":"tag-nyheter","20":"tag-overskrifter","21":"tag-top-stories","22":"tag-topstories"},"share_on_mastodon":{"url":"https:\/\/pubeurope.com\/@no\/115653704611128988","error":""},"_links":{"self":[{"href":"https:\/\/www.europesays.com\/no\/wp-json\/wp\/v2\/posts\/102820","targetHints":{"allow":["GET"]}}],"collection":[{"href":"https:\/\/www.europesays.com\/no\/wp-json\/wp\/v2\/posts"}],"about":[{"href":"https:\/\/www.europesays.com\/no\/wp-json\/wp\/v2\/types\/post"}],"author":[{"embeddable":true,"href":"https:\/\/www.europesays.com\/no\/wp-json\/wp\/v2\/users\/2"}],"replies":[{"embeddable":true,"href":"https:\/\/www.europesays.com\/no\/wp-json\/wp\/v2\/comments?post=102820"}],"version-history":[{"count":0,"href":"https:\/\/www.europesays.com\/no\/wp-json\/wp\/v2\/posts\/102820\/revisions"}],"wp:featuredmedia":[{"embeddable":true,"href":"https:\/\/www.europesays.com\/no\/wp-json\/wp\/v2\/media\/102821"}],"wp:attachment":[{"href":"https:\/\/www.europesays.com\/no\/wp-json\/wp\/v2\/media?parent=102820"}],"wp:term":[{"taxonomy":"category","embeddable":true,"href":"https:\/\/www.europesays.com\/no\/wp-json\/wp\/v2\/categories?post=102820"},{"taxonomy":"post_tag","embeddable":true,"href":"https:\/\/www.europesays.com\/no\/wp-json\/wp\/v2\/tags?post=102820"}],"curies":[{"name":"wp","href":"https:\/\/api.w.org\/{rel}","templated":true}]}}