{"id":102837,"date":"2025-12-03T05:25:14","date_gmt":"2025-12-03T05:25:14","guid":{"rendered":"https:\/\/www.europesays.com\/no\/102837\/"},"modified":"2025-12-03T05:25:14","modified_gmt":"2025-12-03T05:25:14","slug":"inviterer-supporterne-til-evaluering-rbnett-no-2","status":"publish","type":"post","link":"https:\/\/www.europesays.com\/no\/102837\/","title":{"rendered":"Inviterer supporterne til evaluering &#8211; rbnett.no"},"content":{"rendered":"<p data-testid=\"textWithMarkup-text\" data-v-ca17de6b=\"\" data-v-62d58f52=\"\">Det er onsdag 10. desember klokka 19 at fotballklubben inviterer til et \u00e5pent m\u00f8te i restauranten p\u00e5 Aker stadion. <\/p>\n<p data-testid=\"textWithMarkup-text\" data-v-ca17de6b=\"\" data-v-62d58f52=\"\">\u2013 Vi oppsummerer \u00e5ret som har g\u00e5tt, og letter p\u00e5 sl\u00f8ret for planene som skal l\u00f8fte oss i 2026. Det er gratis inngang, men begrenset antall plasser, skriver klubben p\u00e5 sine sider.<\/p>\n<p data-testid=\"textWithMarkup-text\" data-v-ca17de6b=\"\" data-v-62d58f52=\"\">Og MFK \u00f8nsker en hyggelig og uformell ramme rundt m\u00f8tet. De lover p\u00f8lser til de fremm\u00f8tte, og i baren er det veteranklubben som serverer. Dog ikke alkohol, da arrangementet er alkoholfritt og uten aldersgrense, opplyses det. Det er plass til 150 stykker, s\u00e5 man trenger billett. <\/p>\n<p data-testid=\"textWithMarkup-text\" data-v-ca17de6b=\"\" data-v-62d58f52=\"\">Om kveldens program skisserer klubben f\u00f8lgende:<br \/>\nVelkommen og introduksjon v\/ Thor Olav Delgado.<\/p>\n<p data-testid=\"textWithMarkup-text\" data-v-ca17de6b=\"\" data-v-62d58f52=\"\">Administrerende direkt\u00f8r\u00a0Vegard Storvik skal evaluere 2025 og presentere overordnede punkter om strategien og planene for 2026.<\/p>\n<p data-testid=\"textWithMarkup-text\" data-v-ca17de6b=\"\" data-v-62d58f52=\"\">Sportssjef\u00a0Ole Jakob Strandhagen\u00a0g\u00e5r i dybden p\u00e5 det sportslige, samt vegen videre for herrelaget i 2026.<\/p>\n<p data-testid=\"textWithMarkup-text\" data-v-ca17de6b=\"\" data-v-62d58f52=\"\">Leder for kvinnefotball\u00a0Erlend Holmlund\u00a0om status p\u00e5\u00a0kvinnesatsingen og hvordan man  forbereder seg for \u00e5 ta niv\u00e5et i Toppserien 2026.<\/p>\n<p data-testid=\"textWithMarkup-text\" data-v-ca17de6b=\"\" data-v-62d58f52=\"\">Etter det offisielle programmet \u00e5pnes det for sp\u00f8rsm\u00e5l.<\/p>\n<p data-testid=\"textWithMarkup-text\" data-v-ca17de6b=\"\" data-v-62d58f52=\"\">\u2013 Vi \u00e5pner for dialog \u2013 vi vil gjerne h\u00f8re hva dere lurer p\u00e5, skriver MFK i invitasjonen til m\u00f8tet.<\/p>\n","protected":false},"excerpt":{"rendered":"Det er onsdag 10. desember klokka 19 at fotballklubben inviterer til et \u00e5pent m\u00f8te i restauranten p\u00e5 Aker&hellip;\n","protected":false},"author":2,"featured_media":102662,"comment_status":"","ping_status":"","sticky":false,"template":"","format":"standard","meta":{"footnotes":""},"categories":[59],"tags":[30,28,29,83,82],"class_list":{"0":"post-102837","1":"post","2":"type-post","3":"status-publish","4":"format-standard","5":"has-post-thumbnail","7":"category-sport","8":"tag-no","9":"tag-norge","10":"tag-norway","11":"tag-sport","12":"tag-sports"},"share_on_mastodon":{"url":"https:\/\/pubeurope.com\/@no\/115653975949869882","error":""},"_links":{"self":[{"href":"https:\/\/www.europesays.com\/no\/wp-json\/wp\/v2\/posts\/102837","targetHints":{"allow":["GET"]}}],"collection":[{"href":"https:\/\/www.europesays.com\/no\/wp-json\/wp\/v2\/posts"}],"about":[{"href":"https:\/\/www.europesays.com\/no\/wp-json\/wp\/v2\/types\/post"}],"author":[{"embeddable":true,"href":"https:\/\/www.europesays.com\/no\/wp-json\/wp\/v2\/users\/2"}],"replies":[{"embeddable":true,"href":"https:\/\/www.europesays.com\/no\/wp-json\/wp\/v2\/comments?post=102837"}],"version-history":[{"count":0,"href":"https:\/\/www.europesays.com\/no\/wp-json\/wp\/v2\/posts\/102837\/revisions"}],"wp:featuredmedia":[{"embeddable":true,"href":"https:\/\/www.europesays.com\/no\/wp-json\/wp\/v2\/media\/102662"}],"wp:attachment":[{"href":"https:\/\/www.europesays.com\/no\/wp-json\/wp\/v2\/media?parent=102837"}],"wp:term":[{"taxonomy":"category","embeddable":true,"href":"https:\/\/www.europesays.com\/no\/wp-json\/wp\/v2\/categories?post=102837"},{"taxonomy":"post_tag","embeddable":true,"href":"https:\/\/www.europesays.com\/no\/wp-json\/wp\/v2\/tags?post=102837"}],"curies":[{"name":"wp","href":"https:\/\/api.w.org\/{rel}","templated":true}]}}