{"id":102850,"date":"2025-12-03T05:47:20","date_gmt":"2025-12-03T05:47:20","guid":{"rendered":"https:\/\/www.europesays.com\/no\/102850\/"},"modified":"2025-12-03T05:47:20","modified_gmt":"2025-12-03T05:47:20","slug":"avslutter-soket-etter-savnet-kvinne","status":"publish","type":"post","link":"https:\/\/www.europesays.com\/no\/102850\/","title":{"rendered":"Avslutter s\u00f8ket etter savnet kvinne"},"content":{"rendered":"\n<p class=\"_paragraph_o9xde_4 _paragraph_xtcu6_10 layout-component text-serif-m layout-normal text-serif-m layout-padded\">Beslutningen ble kjent natt til onsdag.<\/p>\n<p class=\"_paragraph_o9xde_4 _paragraph_xtcu6_10 layout-component text-serif-m layout-normal text-serif-m layout-padded\">\u2013 Samtlige ressurser har n\u00e5 avsluttet p\u00e5 stedet. Videre s\u00f8k etter savnet person vil n\u00e5 g\u00e5 i etterforskningssporet. Politiet \u00f8nsker \u00e5 rette en takk til alle frivillige som har bidratt i s\u00f8ket, skriver operasjonsleder Tom Richard Skuggedal i politiloggen.<\/p>\n<p class=\"_paragraph_o9xde_4 _paragraph_xtcu6_10 layout-component text-serif-m layout-normal text-serif-m layout-padded\">Kvinnen kom ikke tilbake fra treningstur, men <a href=\"https:\/\/www.vg.no\/nyheter\/i\/d453PB\/fant-bilen-her-hvis-noen-skal-klare-seg-ute-er-det-henne\" data-track-element-type=\"Link\" data-track-id=\"link:d453PB\" class=\"_link_o9xde_39\" rel=\"nofollow noopener\" target=\"_blank\">bilen hennes ble lokalisert p\u00e5 en parkeringsplass<\/a> i n\u00e6rheten av Ravnejuv. <\/p>\n<p class=\"_paragraph_o9xde_4 _paragraph_xtcu6_10 layout-component text-serif-m layout-normal text-serif-m layout-padded\">Til VG utdyper Skuggedal hvorfor den operative delen av s\u00f8ket n\u00e5 er avsluttet. <\/p>\n<p class=\"_paragraph_o9xde_4 _paragraph_xtcu6_10 layout-component text-serif-m layout-normal text-serif-m layout-padded\">\u2013 Det er en avgj\u00f8relse innsatsleder, operasjonsleder og HRS har tatt p\u00e5 bakgrunn av tid som har g\u00e5tt, hvilket terreng vedkommende er savnet i og muligheten for overlevelse i det tidsrommet, sier operasjonslederen.\u00a0<\/p>\n<p class=\"_paragraph_o9xde_4 _paragraph_xtcu6_10 layout-component text-serif-m layout-normal text-serif-m layout-padded\">Skuggedal opplyser at de p\u00e5r\u00f8rende er varslet om at s\u00f8ket n\u00e5 har g\u00e5tt over i en ny fase. <\/p>\n<p class=\"_paragraph_o9xde_4 _paragraph_xtcu6_10 layout-component text-serif-m layout-normal text-serif-m layout-padded\">\u2013 Det som skjer n\u00e5 er at alle opplysninger og data som har kommet inn vil bli gjennomg\u00e5tt fra A til \u00c5, og ut fra dette vil man kunne peke ut det mest sannsynlige stedet for \u00e5 begynne nytt s\u00f8k, men da i et nytt s\u00f8ksspor, sier han. <\/p>\n<p class=\"_paragraph_o9xde_4 _paragraph_xtcu6_10 layout-component text-serif-m layout-normal text-serif-m layout-padded\">If\u00f8lge Skuggedal var det tidlig i natt opp til 50 personer med i s\u00f8ket etter kvinnen i f\u00f8rti\u00e5rene, et s\u00f8k som har p\u00e5g\u00e5tt siden hun <a href=\"https:\/\/www.vg.no\/i\/d453PB\" data-track-element-type=\"Link\" data-track-id=\"link:d453PB\" class=\"_link_o9xde_39\" rel=\"nofollow noopener\" target=\"_blank\">ble meldt savnet s\u00f8ndag<\/a>. <\/p>\n<p class=\"_paragraph_o9xde_4 _paragraph_xtcu6_10 layout-component text-serif-m layout-normal text-serif-m layout-padded\">\u2013 Det er veldig glatt, bratt og slitsomt i t\u00f8ft v\u00e6r, skrev <a href=\"https:\/\/www.vg.no\/tag\/telemark?utm_source=vg-article&amp;utm_medium=auto-tagger&amp;utm_campaign=rrpoVA\" class=\"_link_o9xde_39\" rel=\"nofollow noopener\" target=\"_blank\">Telemark<\/a> R\u00f8de Kors Hjelpekorps p\u00e5 X om s\u00f8keforholdene tirsdag kveld.<\/p>\n<p class=\"_paragraph_o9xde_4 _paragraph_xtcu6_10 layout-component text-serif-m layout-normal text-serif-m layout-padded\"><strong class=\"_strong_o9xde_25\">\u2013 Vi leter s\u00e5 godt vi kan og lyser under tr\u00e6r og ser etter tegn i sn\u00f8en. Vi h\u00e5per vi finner henne i live, meldte de videre. <\/strong><\/p>\n<ul class=\"_gallery_1qa3s_23\" tabindex=\"0\">\n<li class=\"_item_1qa3s_37\" data-index=\"0\"><img decoding=\"async\" class=\"_image_foru8_23 _articleGallery_foru8_39\" data-fullscreen- width=\"1091\" height=\"1595\" itemprop=\"image\" loading=\"lazy\"  src=\"https:\/\/www.europesays.com\/no\/wp-content\/uploads\/2025\/12\/1764740837_401_865b8c5b-f051-4ba4-83cb-a46ea3f8bea6\"  style=\"object-position:50% 50%;aspect-ratio:var(--gallery-aspect-ratio, 16 \/ 9)\"\/>Foto: Telemark R\u00f8de Kors Hjelpekorps <\/li>\n<li class=\"_item_1qa3s_37\" data-index=\"1\"><img decoding=\"async\" class=\"_image_foru8_23 _articleGallery_foru8_39\" data-fullscreen- width=\"1153\" height=\"1409\" itemprop=\"image\" loading=\"lazy\"  src=\"https:\/\/www.europesays.com\/no\/wp-content\/uploads\/2025\/12\/a8110d4f-67ca-49e4-a60c-12a63da81545\"  style=\"object-position:50% 50%;aspect-ratio:var(--gallery-aspect-ratio, 16 \/ 9)\"\/>Foto: Telemark R\u00f8de Kors Hjelpekorps <\/li>\n<\/ul>\n<p>Foto: Telemark R\u00f8de Kors Hjelpekorps <\/p>\n<p class=\"_paragraph_o9xde_4 _paragraph_xtcu6_10 layout-component text-serif-m layout-normal text-serif-m layout-padded\">Forsvinningen har preget mange, og flere personer har meldt seg til innsats utover s\u00f8kemannskapene. <\/p>\n<p class=\"_paragraph_o9xde_4 _paragraph_xtcu6_10 layout-component text-serif-m layout-normal text-serif-m layout-padded\">Tirsdag kveld opplyste innsatsleder Karl Martin Rugstad at totalt 75 personer fremdeles deltok i s\u00f8ket. <\/p>\n<p class=\"_paragraph_o9xde_4 _paragraph_xtcu6_10 layout-component text-serif-m layout-normal text-serif-m layout-padded\">\u2013 S\u00f8ksomr\u00e5det bil fortsatt v\u00e6re p\u00e5 og rundt L\u00e5rdalstien, hovedsaklig p\u00e5 nordsiden. P\u00e5 s\u00f8rsiden er det stedvis veldig bratt og ilendt terreng, men det gjennomf\u00f8res s\u00f8k der ogs\u00e5, sa Rugstad til <a href=\"https:\/\/www.varden.no\/nyheter\/hendelser\/n\/XMlKJr\/hva-har-skjedd-med-den-savnede-kvinnen-dette-tror-politiet\" class=\"_link_o9xde_39\" rel=\"nofollow noopener\" target=\"_blank\">Varden<\/a>, og la til:<\/p>\n<p class=\"_paragraph_o9xde_4 _paragraph_xtcu6_10 layout-component text-serif-m layout-normal text-serif-m layout-padded\">\u2013 Vi jobber ut fra hypotesen om at det har oppst\u00e5tt et uhell eller en ulykke for henne mens hun har v\u00e6rt p\u00e5 tur.<\/p>\n<p>Vanskelige forhold <\/p>\n<p class=\"_paragraph_o9xde_4 _paragraph_xtcu6_10 layout-component text-serif-m layout-normal text-serif-m layout-padded\">\u2013 P\u00e5 det meste har det v\u00e6rt omkring hundre personer involvert i arbeidet, samt noen uorganiserte frivillige som har \u00f8nsket \u00e5 bidra, sa innsatsleder Tor Einar Bekken ved S\u00f8r-\u00d8st politidistrikt til VG tidligere samme dag.<\/p>\n<ul class=\"_gallery_1qa3s_23\" tabindex=\"0\">\n<li class=\"_item_1qa3s_37\" data-index=\"0\"><img decoding=\"async\" class=\"_image_foru8_23 _articleGallery_foru8_39\" data-fullscreen- width=\"5884\" height=\"4413\" itemprop=\"image\" loading=\"lazy\"  src=\"https:\/\/www.europesays.com\/no\/wp-content\/uploads\/2025\/12\/1764740838_16_9afa95a4-ef0b-4641-a90d-8e9f1c781aff\"  style=\"object-position:50% 50%;aspect-ratio:var(--gallery-aspect-ratio, 16 \/ 9)\"\/>S\u00f8ket fortsetter etter den savnede tirsdag kveld.  Foto: Naina Hel\u00e9n J\u00e5ma \/ VG<\/li>\n<li class=\"_item_1qa3s_37\" data-index=\"1\"><img decoding=\"async\" class=\"_image_foru8_23 _articleGallery_foru8_39\" data-fullscreen- width=\"5326\" height=\"4294\" itemprop=\"image\" loading=\"lazy\"  src=\"https:\/\/www.europesays.com\/no\/wp-content\/uploads\/2025\/12\/1764740838_412_d4f1c111-f165-44a1-b0ce-d6cdac201914\"  style=\"object-position:50% 50%;aspect-ratio:var(--gallery-aspect-ratio, 16 \/ 9)\"\/>Foto: Naina Hel\u00e9n J\u00e5ma \/ VG<\/li>\n<\/ul>\n<p>S\u00f8ket fortsetter etter den savnede tirsdag kveld.  Foto: Naina Hel\u00e9n J\u00e5ma \/ VG<\/p>\n<p class=\"_paragraph_o9xde_4 _paragraph_xtcu6_10 layout-component text-serif-m layout-normal text-serif-m layout-padded\">Leteaksjonen har foreg\u00e5tt i et farlig terreng, derfor har politiet \u00f8nsket \u00e5 ha kontroll p\u00e5 alle som deltar i s\u00f8ket.<\/p>\n<p class=\"_paragraph_o9xde_4 _paragraph_xtcu6_10 layout-component text-serif-m layout-normal text-serif-m layout-padded\"><strong class=\"_strong_o9xde_25\">Ogs\u00e5 redningshelikopteret har v\u00e6rt med, men v\u00e6ret har gjort det vanskelig. <\/strong><\/p>\n<p class=\"_paragraph_o9xde_4 _paragraph_xtcu6_10 layout-component text-serif-m layout-normal text-serif-m layout-padded\">\u2013 Vi har f\u00e5tt litt bedre v\u00e6r n\u00e5r det gjelder nedb\u00f8r, men skyer og t\u00e5ke gj\u00f8r fortsatt s\u00f8ket vanskelig.  V\u00e6ret har v\u00e6rt en utfordrende faktor store deler av tiden vi har jobbet. <\/p>\n<p><img decoding=\"async\" alt=\"Bilde av Tor Einar Bekken \" class=\"_image_ygndg_42\" height=\"27\" itemprop=\"image\" loading=\"lazy\"  src=\"https:\/\/www.europesays.com\/no\/wp-content\/uploads\/2025\/12\/1764740839_767_1784d551-ee91-45b3-8f9c-5e37e1340371\"  width=\"40\"\/><strong class=\"_name_ygndg_51 title-serif-xs\">Tor Einar Bekken <\/strong><\/p>\n<p class=\"_paragraph_o9xde_4 text-sans-m _description_ygndg_56\">Innsatsleder ved S\u00f8r-\u00d8st politidistrikt<\/p>\n<p class=\"_paragraph_o9xde_4 _paragraph_xtcu6_10 layout-component text-serif-m layout-normal text-serif-m layout-padded\">\u2013 N\u00e5 som nedb\u00f8ren har stoppet, har temperaturen falt. Forholdene er fortsatt ikke stabile nok til at vi kan fly, s\u00e5 vi f\u00e5r ikke jobbet fra luften, sa Bekken.<\/p>\n<ul class=\"_gallery_1qa3s_23\" tabindex=\"0\">\n<li class=\"_item_1qa3s_37\" data-index=\"0\"><img decoding=\"async\" class=\"_image_foru8_23 _articleGallery_foru8_39\" data-fullscreen- width=\"8256\" height=\"5504\" itemprop=\"image\" loading=\"lazy\"  src=\"https:\/\/www.europesays.com\/no\/wp-content\/uploads\/2025\/12\/1764740839_185_f7e531ad-fff7-4dbc-98ee-02418f6eb3f4\"  style=\"object-position:50% 50%;aspect-ratio:var(--gallery-aspect-ratio, 16 \/ 9)\"\/>Foto: Naina Hel\u00e9n J\u00e5ma \/ VG<\/li>\n<li class=\"_item_1qa3s_37\" data-index=\"1\"><img decoding=\"async\" class=\"_image_foru8_23 _articleGallery_foru8_39\" data-fullscreen- width=\"2128\" height=\"1595\" itemprop=\"image\" loading=\"lazy\"  src=\"https:\/\/www.europesays.com\/no\/wp-content\/uploads\/2025\/12\/1764740840_960_b7cbbf8d-66ea-4143-b1da-ffcd5478f4fc\"  style=\"object-position:50% 50%;aspect-ratio:var(--gallery-aspect-ratio, 16 \/ 9)\"\/>Foto: Naina Hel\u00e9n J\u00e5ma \/ VG<\/li>\n<\/ul>\n<p>Foto: Naina Hel\u00e9n J\u00e5ma \/ VG<\/p>\n<p class=\"_paragraph_o9xde_4 _paragraph_xtcu6_10 layout-component text-serif-m layout-normal text-serif-m layout-padded\">Redningsmannskaper fra Norsk Alpin Redningsgruppe har ogs\u00e5 bidratt gjennom dagen.<\/p>\n<p class=\"_paragraph_o9xde_4 _paragraph_xtcu6_10 layout-component text-serif-m layout-normal layout-padded\"><strong class=\"_strong_o9xde_25\">Les ogs\u00e5:<\/strong> <a href=\"https:\/\/www.vg.no\/i\/e7Wn6R\" data-track-element-type=\"Link\" data-track-id=\"link:e7Wn6R\" class=\"_link_o9xde_39\" rel=\"nofollow noopener\" target=\"_blank\">Leteaksjon etter kvinne i 40-\u00e5rene: \u2013 Skal ikke v\u00e6re tvil f\u00f8r vi slutter \u00e5 lete<\/a><\/p>\n<p class=\"_paragraph_o9xde_4 _paragraph_xtcu6_10 layout-component text-serif-m layout-normal text-serif-m layout-padded\"><strong class=\"_strong_o9xde_25\">\u2013 Vi har bratte fjellomr\u00e5der det m\u00e5 brukes tau for \u00e5 komme til. Det er det som gj\u00f8r at s\u00f8ket tar tid.<\/strong><\/p>\n<p>Dette vet vi:<\/p>\n<ul class=\"_list_o9xde_3 _list_xtcu6_9 _list_16v91_9 _unordered_o9xde_106 layout-component text-serif-m layout-normal text-sans-m layout-padded\">\n<li class=\"_item_o9xde_30\">Kvinnen i 40-\u00e5rene ble sist observert utenfor sin bolig i Skien klokken 10.20 l\u00f8rdag. Da skulle hun dra p\u00e5 en treningstur.<\/li>\n<li class=\"_item_o9xde_30\">Hun ble meldt savnet da hun ikke dukket opp til en avtale s\u00f8ndag.<\/li>\n<li class=\"_item_o9xde_30\">Bilen hennes ble senere funnet p\u00e5 en parkeringsplass i omr\u00e5det.<\/li>\n<li class=\"_item_o9xde_30\">Funnet av bilen er det siste sporet politiet har g\u00e5tt ut med.<\/li>\n<\/ul>\n<p>Vis mer<\/p>\n<p class=\"_paragraph_o9xde_4 _paragraph_xtcu6_10 layout-component text-serif-m layout-normal text-serif-m layout-padded\">\u2013 Det er et stort omr\u00e5de som gjennoms\u00f8kes. Hvordan har dere avgrenset det? <\/p>\n<p class=\"_paragraph_o9xde_4 _paragraph_xtcu6_10 layout-component text-serif-m layout-normal text-serif-m layout-padded\">\u2013 Vi har avgrenset det ut fra elektroniske spor, telefondata og annet &#8211; s\u00e5 har vi sett det opp mot savnedes tidligere aktiviteter i omr\u00e5det.<\/p>\n<p><img alt=\"Foto: Naina Hel\u00e9n J\u00e5ma \/ VG\" class=\"_image_qp4xg_65 layout-component layout-normal\" data-fullscreen- data-track-element-type=\"Article image fullscreen\" data-track-name=\"ImageFullscreen\" decoding=\"async\" loading=\"lazy\" height=\"5504\" itemprop=\"image\"  src=\"https:\/\/www.europesays.com\/no\/wp-content\/uploads\/2025\/12\/1764740840_489_bd1c7a9a-a20d-4259-b7ec-ffb7b62069cc\"  style=\"object-position:0% 0%\" width=\"8256\"\/>Foto: Naina Hel\u00e9n J\u00e5ma \/ VG<\/p>\n<p class=\"_paragraph_o9xde_4 _paragraph_xtcu6_10 layout-component text-serif-m layout-normal text-serif-m layout-padded\">Politiet har holdt mulighetene \u00e5pne for at den savnede kvinnen kan ha tatt seg inn i hytter i omr\u00e5det. <\/p>\n<p class=\"_paragraph_o9xde_4 _paragraph_xtcu6_10 layout-component text-serif-m layout-normal text-serif-m layout-padded\">\u2013 Det er en del hytter, men ikke det tetteste hyttefeltet her. Noen av fritidseiendommene kan det v\u00e6re naturlig \u00e5 s\u00f8ke ly i, sa Bekken.<\/p>\n","protected":false},"excerpt":{"rendered":"Beslutningen ble kjent natt til onsdag. \u2013 Samtlige ressurser har n\u00e5 avsluttet p\u00e5 stedet. Videre s\u00f8k etter savnet&hellip;\n","protected":false},"author":2,"featured_media":102437,"comment_status":"","ping_status":"","sticky":false,"template":"","format":"standard","meta":{"footnotes":""},"categories":[10],"tags":[20,21,24,25,15,22,23,13,30,28,29,14,16,48,992,26,27],"class_list":{"0":"post-102850","1":"post","2":"type-post","3":"status-publish","4":"format-standard","5":"has-post-thumbnail","7":"category-norge","8":"tag-breaking-news","9":"tag-breakingnews","10":"tag-featured-news","11":"tag-featurednews","12":"tag-headlines","13":"tag-latest-news","14":"tag-latestnews","15":"tag-news","16":"tag-no","17":"tag-norge","18":"tag-norway","19":"tag-nyheter","20":"tag-overskrifter","21":"tag-savnet","22":"tag-telemark","23":"tag-top-stories","24":"tag-topstories"},"share_on_mastodon":{"url":"https:\/\/pubeurope.com\/@no\/115654062856366296","error":""},"_links":{"self":[{"href":"https:\/\/www.europesays.com\/no\/wp-json\/wp\/v2\/posts\/102850","targetHints":{"allow":["GET"]}}],"collection":[{"href":"https:\/\/www.europesays.com\/no\/wp-json\/wp\/v2\/posts"}],"about":[{"href":"https:\/\/www.europesays.com\/no\/wp-json\/wp\/v2\/types\/post"}],"author":[{"embeddable":true,"href":"https:\/\/www.europesays.com\/no\/wp-json\/wp\/v2\/users\/2"}],"replies":[{"embeddable":true,"href":"https:\/\/www.europesays.com\/no\/wp-json\/wp\/v2\/comments?post=102850"}],"version-history":[{"count":0,"href":"https:\/\/www.europesays.com\/no\/wp-json\/wp\/v2\/posts\/102850\/revisions"}],"wp:featuredmedia":[{"embeddable":true,"href":"https:\/\/www.europesays.com\/no\/wp-json\/wp\/v2\/media\/102437"}],"wp:attachment":[{"href":"https:\/\/www.europesays.com\/no\/wp-json\/wp\/v2\/media?parent=102850"}],"wp:term":[{"taxonomy":"category","embeddable":true,"href":"https:\/\/www.europesays.com\/no\/wp-json\/wp\/v2\/categories?post=102850"},{"taxonomy":"post_tag","embeddable":true,"href":"https:\/\/www.europesays.com\/no\/wp-json\/wp\/v2\/tags?post=102850"}],"curies":[{"name":"wp","href":"https:\/\/api.w.org\/{rel}","templated":true}]}}