{"id":102851,"date":"2025-12-03T05:53:12","date_gmt":"2025-12-03T05:53:12","guid":{"rendered":"https:\/\/www.europesays.com\/no\/102851\/"},"modified":"2025-12-03T05:53:12","modified_gmt":"2025-12-03T05:53:12","slug":"prinsesse-martha-louise-mister-millioner-i-formue-og-inntekt","status":"publish","type":"post","link":"https:\/\/www.europesays.com\/no\/102851\/","title":{"rendered":"Prinsesse M\u00e4rtha Louise mister millioner i formue og inntekt"},"content":{"rendered":"<p class=\"kicker \" style=\"\">Skattelister 2024:<\/p>\n<p>  Prinsesse M\u00e4rtha Louise hadde et t\u00f8ft \u00f8konomisk \u00e5r i fjor. P\u00e5 bare ett \u00e5r mistet hun ni millioner kroner i formue.\u00a0<\/p>\n<p>\n    SLIK GIKK DET: N\u00e5 er likningstallene for fjor\u00e5ret offentliggjort. Foto: Andreas Fadum \/ Se og H\u00f8r\n  <\/p>\n<p>Onsdag morgen ble likningstallene for 2024 offentliggjort, og med det er store deler av det norske folks inntekt, skatt og formue tilgjengelig.<\/p>\n<p>    <a itemprop=\"url\" href=\"https:\/\/www.dagbladet.no\/kjendis\/avslorer-dukker-opp\/83928248\" rel=\"nofollow noopener\" target=\"_blank\"><\/p>\n<p>      <img loading=\"lazy\" decoding=\"async\" src=\"https:\/\/www.europesays.com\/no\/wp-content\/uploads\/2025\/12\/83927794.webp\" width=\"147\" height=\"98\" title=\"Avsl\u00f8rer: Dukker opp\" alt=\"\" class=\"lazyload\" style=\"--aspect-ratio-image: 1.50; \"\/><\/p>\n<p>        Avsl\u00f8rer: Dukker opp<\/p>\n<p>    <\/a><\/p>\n<p> Det er imidlertid noen som er utelatt fra disse offentlige listene, blant annet kongefamilien. Kong Harald (88), dronning Sonja (88), kronprins Haakon (52) og kronprinsesse Mette-Marit (52) er ikke skattepliktige, og er dermed fritatt.<\/p>\n<p>Prinsesse M\u00e4rtha Louise (54) og prinsesse Astrid, fru Ferner (93), er heller ikke oppf\u00f8rt p\u00e5 de ordin\u00e6re listene.<\/p>\n<p>    Om skattelistene:<\/p>\n<ul>\n<li>Selv om skattelistene gir en god pekepinn, er de ikke n\u00f8dvendigvis presise p\u00e5 faktisk inntekt.<\/li>\n<li>Tallene som framkommer i skattelistene er nettotall for inntekt og formue &#8211; etter alle fradrag som man skattemessig har krav p\u00e5.<\/li>\n<li>P\u00e5 grunn av disse fradragene er ofte den egentlige l\u00f8nnsinntekten og andre inntekter vesentlig h\u00f8yere enn det som kommer fram i skattelistene.<\/li>\n<\/ul>\n<p>      Vis mer<br \/>\n      Vis mindre<\/p>\n<p>Begge har likevel gitt Skatteetaten samtykke til \u00e5 offentliggj\u00f8re tallene &#8211; og dermed f\u00e5r offentligheten et sjeldent innblikk i kongefamiliens private \u00f8konomi. <\/p>\n<p>Verken M\u00e4rtha Louise eller Astrid mottar apanasje.\u00a0<\/p>\n<p>Mistet over ni millioner\t<\/p>\n<p> Likningstallene for 2023 viste at M\u00e4rthas inntekt var 1 960 635 kroner, mens formuen l\u00e5 p\u00e5 svimlende 29 208 434 millioner kroner.<\/p>\n<p>    <a itemprop=\"url\" href=\"https:\/\/www.dagbladet.no\/kjendis\/tar-presse-grep\/83864672\" rel=\"nofollow noopener\" target=\"_blank\"><\/p>\n<p>      <img loading=\"lazy\" decoding=\"async\" src=\"https:\/\/www.europesays.com\/no\/wp-content\/uploads\/2025\/12\/83864818.webp\" width=\"147\" height=\"100\" title=\"Tar presse-grep\" alt=\"\" class=\"lazyload\" style=\"--aspect-ratio-image: 1.47; \"\/><\/p>\n<p>        Tar presse-grep<\/p>\n<p>    <\/a><\/p>\n<p>N\u00e5 viser tallene for 2024 at prinsesse M\u00e4rtha Louise mistet over ni millioner kroner i formue p\u00e5 bare tolv m\u00e5neder &#8211; i fjor l\u00e5 den p\u00e5 20 057 691.<\/p>\n<p>Inntekten har ogs\u00e5 falt markant, og if\u00f8lge tallene hadde hun en inntekt p\u00e5 1 408 224 i 2024, alts\u00e5 over en halv million lavere enn \u00e5ret f\u00f8r.\u00a0<\/p>\n<p>          <img loading=\"lazy\" decoding=\"async\" src=\"https:\/\/www.europesays.com\/no\/wp-content\/uploads\/2025\/12\/83928704.webp\" width=\"686\" height=\"556\" title=\"SAMMEN: Prinsesse M\u00e4rtha Louise og prinsesse Astrid, fru Ferner her i 2018. Foto: Lise \u00c5serud \/ NTB\" alt=\"\" class=\"\" style=\"--aspect-ratio-image: 1.23; \"\/><\/p>\n<p>\n          SAMMEN: Prinsesse M\u00e4rtha Louise og prinsesse Astrid, fru Ferner her i 2018. Foto: Lise \u00c5serud \/ NTB\n      <\/p>\n<p> Offentligheten f\u00e5r ogs\u00e5 innblikk i prinsesse Astrids inntekt. If\u00f8lge tallene for 2023 hadde hun en inntekt p\u00e5 5 millioner, og en formue p\u00e5 38,8 millioner.<\/p>\n<p>Fjor\u00e5rets tall viser at prinsesse Astrid gikk ned til 1 464 412 i inntekt, noe som var en drastisk nedgang p\u00e5 hele 3 535 588. Formuen holdt seg relativt stabil og l\u00e5 p\u00e5 37 170 372.\u00a0<\/p>\n<p>        NEKTER: Prinsesse M\u00e4rtha Louise svarer p\u00e5 noen bisarre rykter som har spredt seg den siste tiden. Reporter: Nora Skavhaug \/ R\u00f8d L\u00f8per. Video: Danny Son Ngoc To \/ Dagbladet TV. <\/p>\n<p>\u00d8konomisk tr\u00f8bbel\u00a0\t<\/p>\n<p>En stor del av underskuddet skyldes M\u00e4rthas kommersielle prosjekter, som ikke har g\u00e5tt s\u00e6rlig bra de siste \u00e5rene.<\/p>\n<p>Tidligere denne m\u00e5neden ble det nemlig kjent at prinsessen var n\u00f8dt til \u00e5\u00a0<a href=\"https:\/\/www.seher.no\/kongelig\/ma-legge-ned\/83802930\" rel=\"nofollow noopener\" target=\"_blank\">avvikle nok et selskap<\/a>, etter at fors\u00f8ket p\u00e5 \u00e5 finne nye samarbeidspartnere ble for vanskelig.\u00a0<\/p>\n<p>    <a itemprop=\"url\" href=\"https:\/\/www.dagbladet.no\/kjendis\/avvikles\/83764658\" rel=\"nofollow noopener\" target=\"_blank\"><\/p>\n<p>      <img loading=\"lazy\" decoding=\"async\" src=\"https:\/\/www.europesays.com\/no\/wp-content\/uploads\/2025\/12\/83764666.webp\" width=\"147\" height=\"98\" title=\"Avvikles\" alt=\"\" class=\"lazyload\" style=\"--aspect-ratio-image: 1.50; \"\/><\/p>\n<p>        Avvikles<\/p>\n<p>    <\/a><\/p>\n<p class=\"font-weight-bold m-font-weight-bold\" data-lab-font_weight=\"font-weight-bold\">Etter at H360 Norway AS ble avviklet i slutten av oktober p\u00e5 grunn av \u00f8konomisk tr\u00f8bbel, ble ogs\u00e5 Hest360 AS kort tid etter meldt oppl\u00f8st i Br\u00f8nn\u00f8ysundregistrene. Det meldte\u00a0<a href=\"https:\/\/www.tv2.no\/underholdning\/nytt-selskap-avvikles\/18249490\/\" rel=\"nofollow noopener\" target=\"_blank\">TV 2<\/a>.<\/p>\n<p> Selskapet hadde hun sammen med Geir Kamsv\u00e5g. <\/p>\n<p>\u00abStyret er oppmerksom p\u00e5 at selskapet st\u00e5r overfor enkelte utfordringer knyttet til l\u00f8nnsomhet og drift p\u00e5 dagens forretningsgrunnlag. Det p\u00e5g\u00e5r imidlertid ett aktivt arbeid med \u00e5 identifisere og utvikle nye satsingsomr\u00e5der med m\u00e5l om \u00e5 sikre videre vekst og b\u00e6rekraftig drift\u00bb, sto det i regnskapet.<\/p>\n","protected":false},"excerpt":{"rendered":"Skattelister 2024: Prinsesse M\u00e4rtha Louise hadde et t\u00f8ft \u00f8konomisk \u00e5r i fjor. P\u00e5 bare ett \u00e5r mistet hun&hellip;\n","protected":false},"author":2,"featured_media":102852,"comment_status":"","ping_status":"","sticky":false,"template":"","format":"standard","meta":{"footnotes":""},"categories":[12],"tags":[20,21,24,25,15,479,76,22,23,13,30,28,29,14,16,1221,12944,26,27,42,43,44,45],"class_list":{"0":"post-102851","1":"post","2":"type-post","3":"status-publish","4":"format-standard","5":"has-post-thumbnail","7":"category-verden","8":"tag-breaking-news","9":"tag-breakingnews","10":"tag-featured-news","11":"tag-featurednews","12":"tag-headlines","13":"tag-kjendis","14":"tag-kongelig","15":"tag-latest-news","16":"tag-latestnews","17":"tag-news","18":"tag-no","19":"tag-norge","20":"tag-norway","21":"tag-nyheter","22":"tag-overskrifter","23":"tag-prinsesse-martha-louise","24":"tag-skattelister","25":"tag-top-stories","26":"tag-topstories","27":"tag-verden","28":"tag-world","29":"tag-world-news","30":"tag-worldnews"},"share_on_mastodon":{"url":"https:\/\/pubeurope.com\/@no\/115654086213389967","error":""},"_links":{"self":[{"href":"https:\/\/www.europesays.com\/no\/wp-json\/wp\/v2\/posts\/102851","targetHints":{"allow":["GET"]}}],"collection":[{"href":"https:\/\/www.europesays.com\/no\/wp-json\/wp\/v2\/posts"}],"about":[{"href":"https:\/\/www.europesays.com\/no\/wp-json\/wp\/v2\/types\/post"}],"author":[{"embeddable":true,"href":"https:\/\/www.europesays.com\/no\/wp-json\/wp\/v2\/users\/2"}],"replies":[{"embeddable":true,"href":"https:\/\/www.europesays.com\/no\/wp-json\/wp\/v2\/comments?post=102851"}],"version-history":[{"count":0,"href":"https:\/\/www.europesays.com\/no\/wp-json\/wp\/v2\/posts\/102851\/revisions"}],"wp:featuredmedia":[{"embeddable":true,"href":"https:\/\/www.europesays.com\/no\/wp-json\/wp\/v2\/media\/102852"}],"wp:attachment":[{"href":"https:\/\/www.europesays.com\/no\/wp-json\/wp\/v2\/media?parent=102851"}],"wp:term":[{"taxonomy":"category","embeddable":true,"href":"https:\/\/www.europesays.com\/no\/wp-json\/wp\/v2\/categories?post=102851"},{"taxonomy":"post_tag","embeddable":true,"href":"https:\/\/www.europesays.com\/no\/wp-json\/wp\/v2\/tags?post=102851"}],"curies":[{"name":"wp","href":"https:\/\/api.w.org\/{rel}","templated":true}]}}