{"id":102856,"date":"2025-12-03T06:02:10","date_gmt":"2025-12-03T06:02:10","guid":{"rendered":"https:\/\/www.europesays.com\/no\/102856\/"},"modified":"2025-12-03T06:02:10","modified_gmt":"2025-12-03T06:02:10","slug":"kjell-inge-rokke-gustav-magnar-witzoe","status":"publish","type":"post","link":"https:\/\/www.europesays.com\/no\/102856\/","title":{"rendered":"Kjell Inge R\u00f8kke, Gustav Magnar Witz\u00f8e"},"content":{"rendered":"\n<p>Witz\u00f8e hadde i 2024 en formue p\u00e5 formue p\u00e5 n\u00e6rmere 30 milliarder kroner, oversiktene til <a href=\"https:\/\/e24.no\/norsk-oekonomi\/i\/9pl0gr\/gustav-magnar-witzoee-32-er-fremdeles-norges-rikeste-med-en-formue-paa-299-milliarder\" rel=\"noopener nofollow\" target=\"_blank\">E24<\/a> og <a href=\"https:\/\/www.dn.no\/marked\/skattelistene\/na-er-skattelistene-klare-disse-tjente-mest-i-fjor\/2-1-1910015\" rel=\"noopener nofollow\" target=\"_blank\">DN<\/a>.<\/p>\n<p>\u00c5ret f\u00f8r l\u00e5 den noe h\u00f8yere, rett over 30 milliarder. Laksearvingen hadde i 2024 en inntekt p\u00e5 nesten 59 millioner kroner.<\/p>\n<p><b>Les ogs\u00e5: <a class=\"simple-relation related-teaser article--c-eRUmMG article--c-eRUmMG-fZoQSp-design-nettavisen article--c-eRUmMG-gwthdJ-cv\" href=\"https:\/\/www.nettavisen.no\/lotto-vinner-en-milliard-kroner-er-borte\/s\/5-95-2759544\" rel=\"nofollow noopener\" target=\"_blank\">Lotto-vinner: En milliard kroner er borte<\/a><\/b><\/p>\n<p>Den lista topper i \u00e5r Carl Ove Utkilen, som er eier av rederiet Utkilen AS, med en inntekt p\u00e5 over 1,8 milliarder kroner.<\/p>\n<p>   <img decoding=\"async\" width=\"738\" height=\"503\" fetchpriority=\"low\"  loading=\"lazy\"  src=\"https:\/\/www.europesays.com\/no\/wp-content\/uploads\/2025\/12\/Utkilen.jpg\" alt=\"\" class=\"brick-c-cFOWSL\" style=\"--brick-image-ratio: 738 \/ 503;\"\/><\/p>\n<p>      BERGENSER: Carl Ove Utkilen troner \u00f8verst p\u00e5 inntektstoppen<br \/>\n      Foto: Maritime Cleantech\n    <\/p>\n<p>I 2022 og 2023 toppet Kjell Inge R\u00f8kke. som har meldt flytting til Sveits, inntektslista, men i \u00e5r er han p\u00e5 fjerdeplass med en inntekt p\u00e5 dr\u00f8yt en halv milliard.<\/p>\n<p><b>Les ogs\u00e5: <a class=\"simple-relation related-teaser article--c-eRUmMG article--c-eRUmMG-fZoQSp-design-nettavisen article--c-eRUmMG-gwthdJ-cv\" href=\"https:\/\/www.nettavisen.no\/dette-er-den-best-betalte-influenseren\/s\/5-95-2756939\" rel=\"nofollow noopener\" target=\"_blank\">Dette er den best betalte influenseren<\/a><\/b><\/p>\n<p>Den med nest h\u00f8yest formue i fjor er Nicolai Tangen, sjefen for oljefondet og grunnlegger av investeringsfondet AKO Capital, med dr\u00f8yt 8 milliarder kroner. Han er oppf\u00f8rt med en inntekt p\u00e5 dr\u00f8yt 219 millioner kroner.<\/p>\n<p>Lista over dem som betalte inn mest skatt, toppes av Utkilen, nesten 695 millioner kroner, foran Witz\u00f8e med nesten 359 millioner kroner.<\/p>\n","protected":false},"excerpt":{"rendered":"Witz\u00f8e hadde i 2024 en formue p\u00e5 formue p\u00e5 n\u00e6rmere 30 milliarder kroner, oversiktene til E24 og DN.&hellip;\n","protected":false},"author":2,"featured_media":102857,"comment_status":"","ping_status":"","sticky":false,"template":"","format":"standard","meta":{"footnotes":""},"categories":[10],"tags":[20,21,24,25,15,22,23,13,30,28,29,14,16,26,27],"class_list":{"0":"post-102856","1":"post","2":"type-post","3":"status-publish","4":"format-standard","5":"has-post-thumbnail","7":"category-norge","8":"tag-breaking-news","9":"tag-breakingnews","10":"tag-featured-news","11":"tag-featurednews","12":"tag-headlines","13":"tag-latest-news","14":"tag-latestnews","15":"tag-news","16":"tag-no","17":"tag-norge","18":"tag-norway","19":"tag-nyheter","20":"tag-overskrifter","21":"tag-top-stories","22":"tag-topstories"},"share_on_mastodon":{"url":"https:\/\/pubeurope.com\/@no\/115654121595548936","error":""},"_links":{"self":[{"href":"https:\/\/www.europesays.com\/no\/wp-json\/wp\/v2\/posts\/102856","targetHints":{"allow":["GET"]}}],"collection":[{"href":"https:\/\/www.europesays.com\/no\/wp-json\/wp\/v2\/posts"}],"about":[{"href":"https:\/\/www.europesays.com\/no\/wp-json\/wp\/v2\/types\/post"}],"author":[{"embeddable":true,"href":"https:\/\/www.europesays.com\/no\/wp-json\/wp\/v2\/users\/2"}],"replies":[{"embeddable":true,"href":"https:\/\/www.europesays.com\/no\/wp-json\/wp\/v2\/comments?post=102856"}],"version-history":[{"count":0,"href":"https:\/\/www.europesays.com\/no\/wp-json\/wp\/v2\/posts\/102856\/revisions"}],"wp:featuredmedia":[{"embeddable":true,"href":"https:\/\/www.europesays.com\/no\/wp-json\/wp\/v2\/media\/102857"}],"wp:attachment":[{"href":"https:\/\/www.europesays.com\/no\/wp-json\/wp\/v2\/media?parent=102856"}],"wp:term":[{"taxonomy":"category","embeddable":true,"href":"https:\/\/www.europesays.com\/no\/wp-json\/wp\/v2\/categories?post=102856"},{"taxonomy":"post_tag","embeddable":true,"href":"https:\/\/www.europesays.com\/no\/wp-json\/wp\/v2\/tags?post=102856"}],"curies":[{"name":"wp","href":"https:\/\/api.w.org\/{rel}","templated":true}]}}