{"id":102862,"date":"2025-12-03T06:14:13","date_gmt":"2025-12-03T06:14:13","guid":{"rendered":"https:\/\/www.europesays.com\/no\/102862\/"},"modified":"2025-12-03T06:14:13","modified_gmt":"2025-12-03T06:14:13","slug":"naeringsliv-handel-butikken-tok-uvanlig-grep-alle-matte-vise-kvittering","status":"publish","type":"post","link":"https:\/\/www.europesays.com\/no\/102862\/","title":{"rendered":"N\u00e6ringsliv, Handel | Butikken tok uvanlig grep: \u2013 Alle m\u00e5tte vise kvittering"},"content":{"rendered":"\n<p>Elkj\u00f8p har m\u00e5ttet v\u00e6re ekstra \u00e5rv\u00e5ken i det siste.<\/p>\n<p>\u2013 Vi som sentrumsbutikk opplever at vi kanskje m\u00e5 v\u00e6re ekstra obs, og i alle fall n\u00e5 i det siste, n\u00e5r det har v\u00e6rt Black Week hvor det er veldig mye folk inn og ut, sier selger Eirik Karlsen.<\/p>\n<p><b>Utformingen av butikken gj\u00f8r at de m\u00e5 v\u00e6re p\u00e5 vakt for \u00e5 f\u00e5 med seg alt, forteller han.<\/b><\/p>\n<p>\u2013 Vi har lagt merke til tilfeller hvor noen har brukt god tid i butikken og tatt Airpods, g\u00e5tt forskjellige steder, ogs\u00e5 begynner de \u00e5 ta av alarmen.<\/p>\n<p>\u2013 En taktikk er at de gjemmer dette i butikken, og at noen andre kommer inn senere og plukker opp dette etterp\u00e5.<\/p>\n<p>S\u00e6rlig peker \u00e9n varegruppe seg ut:<\/p>\n<p>\u2013 Det virker som om det er mye lett, men dyr elektronikk som for eksempel hodetelefoner som de pr\u00f8ver \u00e5 ta, sier han.<\/p>\n<p>   <img decoding=\"async\" width=\"4032\" height=\"3024\" fetchpriority=\"low\"  loading=\"lazy\"  src=\"https:\/\/www.europesays.com\/no\/wp-content\/uploads\/2025\/12\/IMG_5683.jpeg\" alt=\"\" class=\"brick-c-cFOWSL\" style=\"--brick-image-ratio: 4032 \/ 3024;\"\/><\/p>\n<p>      Eirik Karlsen roser vekterne, som skal hjelpe selgerne \u00e5 ta tyver p\u00e5 fersk gjerning.<br \/>\n      Foto: Erlend Falk\n    <\/p>\n<p>  Satt inn vektere<\/p>\n<p>Sentrumsbutikken har den siste tiden sjekket om kunder har kvittering p\u00e5 vei ut av butikken.<\/p>\n<p>Kundene ble informert om at bakgrunnen var tyveri i butikken.<\/p>\n<p>\u2013 Vi har et veldig godt samarbeid med vektere her i byen, sier Karlsen.<\/p>\n<p>   <img decoding=\"async\" width=\"4032\" height=\"3024\" fetchpriority=\"low\"  loading=\"lazy\"  src=\"https:\/\/www.europesays.com\/no\/wp-content\/uploads\/2025\/12\/IMG_5693.jpeg\" alt=\"\" class=\"brick-c-cFOWSL\" style=\"--brick-image-ratio: 4032 \/ 3024;\"\/><\/p>\n<p>      Dette synet m\u00f8ter deg ved inngangspartiet hos Elkj\u00f8p i sentrum.<br \/>\n      Foto: Erlend Falk\n    <\/p>\n<p><b>Han bekrefter at tiltaket var p\u00e5 plass under Black Week:<\/b><\/p>\n<p>\u2013 De gjorde en kjempegod jobb. Vi forventet mye trafikk, og hadde vektere som sto og sjekket alle. Da m\u00e5tte alle ha kvittering.<\/p>\n<p>Karlsen avkrefter at man ikke kunne g\u00e5 inn og ut av butikken uten \u00e5 kj\u00f8pe noe. Det viktigste var at alle viste fram posen eller sekken dersom kundene hadde det.<\/p>\n<p>Flere tiltak<\/p>\n<p>Butikken har ogs\u00e5 en praksis der kunder oppfordres til \u00e5 legge fra seg sekker og bager ved kassen f\u00f8r de g\u00e5r inn i butikken.<\/p>\n<p>\u2013 Det er ikke alle som gj\u00f8r det, og det er litt vanskelig n\u00e5r det er mye ting som skjer. Men det er oppfordret til \u00e5 legge fra seg sekker f\u00f8r de g\u00e5r inn.<\/p>\n<p>\u2013 Hva har du \u00e5 si til de som har med seg verdisaker og synes det er utrygt?<\/p>\n<p><b>\u2013 Hvis det ligger bak kassa, har vi kontroll p\u00e5 det.<\/b><\/p>\n<p>Han erkjenner:<\/p>\n<p>\u2013 Men det er vanskelig \u00e5 f\u00e5 folk til \u00e5 gj\u00f8re det. Du kan ikke tvinge folk til \u00e5 gj\u00f8re det heller, men vi pr\u00f8ver \u00e5 gj\u00f8re alt for \u00e5 begrense svinn.<\/p>\n<p>   <img decoding=\"async\" width=\"4032\" height=\"3024\" fetchpriority=\"low\"  loading=\"lazy\"  src=\"https:\/\/www.europesays.com\/no\/wp-content\/uploads\/2025\/12\/IMG_5692.jpeg\" alt=\"\" class=\"brick-c-cFOWSL\" style=\"--brick-image-ratio: 4032 \/ 3024;\"\/><\/p>\n<p>      Elkj\u00f8p i Stavanger sentrum har satt inn tiltak.<br \/>\n      Foto: Erlend Falk\n    <\/p>\n","protected":false},"excerpt":{"rendered":"Elkj\u00f8p har m\u00e5ttet v\u00e6re ekstra \u00e5rv\u00e5ken i det siste. \u2013 Vi som sentrumsbutikk opplever at vi kanskje m\u00e5&hellip;\n","protected":false},"author":2,"featured_media":102863,"comment_status":"","ping_status":"","sticky":false,"template":"","format":"standard","meta":{"footnotes":""},"categories":[56],"tags":[36,60,61,7861,3523,62,30,28,29,1510],"class_list":{"0":"post-102862","1":"post","2":"type-post","3":"status-publish","4":"format-standard","5":"has-post-thumbnail","7":"category-naeringsliv","8":"tag-art","9":"tag-business","10":"tag-economy","11":"tag-elkjop","12":"tag-handel","13":"tag-naeringsliv","14":"tag-no","15":"tag-norge","16":"tag-norway","17":"tag-story"},"share_on_mastodon":{"url":"https:\/\/pubeurope.com\/@no\/115654168816064895","error":""},"_links":{"self":[{"href":"https:\/\/www.europesays.com\/no\/wp-json\/wp\/v2\/posts\/102862","targetHints":{"allow":["GET"]}}],"collection":[{"href":"https:\/\/www.europesays.com\/no\/wp-json\/wp\/v2\/posts"}],"about":[{"href":"https:\/\/www.europesays.com\/no\/wp-json\/wp\/v2\/types\/post"}],"author":[{"embeddable":true,"href":"https:\/\/www.europesays.com\/no\/wp-json\/wp\/v2\/users\/2"}],"replies":[{"embeddable":true,"href":"https:\/\/www.europesays.com\/no\/wp-json\/wp\/v2\/comments?post=102862"}],"version-history":[{"count":0,"href":"https:\/\/www.europesays.com\/no\/wp-json\/wp\/v2\/posts\/102862\/revisions"}],"wp:featuredmedia":[{"embeddable":true,"href":"https:\/\/www.europesays.com\/no\/wp-json\/wp\/v2\/media\/102863"}],"wp:attachment":[{"href":"https:\/\/www.europesays.com\/no\/wp-json\/wp\/v2\/media?parent=102862"}],"wp:term":[{"taxonomy":"category","embeddable":true,"href":"https:\/\/www.europesays.com\/no\/wp-json\/wp\/v2\/categories?post=102862"},{"taxonomy":"post_tag","embeddable":true,"href":"https:\/\/www.europesays.com\/no\/wp-json\/wp\/v2\/tags?post=102862"}],"curies":[{"name":"wp","href":"https:\/\/api.w.org\/{rel}","templated":true}]}}