{"id":102870,"date":"2025-12-03T06:24:06","date_gmt":"2025-12-03T06:24:06","guid":{"rendered":"https:\/\/www.europesays.com\/no\/102870\/"},"modified":"2025-12-03T06:24:06","modified_gmt":"2025-12-03T06:24:06","slug":"skatt-2024-vefsn-arets-skattelister-er-klare-og-i-vefsn-er-det-en-ny-person-som-topper-inntektslista-helgelendingen","status":"publish","type":"post","link":"https:\/\/www.europesays.com\/no\/102870\/","title":{"rendered":"Skatt 2024, Vefsn | \u00c5rets skattelister er klare og i Vefsn er det en ny person som topper inntektslista &#8211; Helgelendingen"},"content":{"rendered":"<ol>\n<li><a href=\"https:\/\/news.google.com\/rss\/articles\/CBMiugFBVV95cUxPUkFlVDRsRGlRQjhCY0dhQmxCa3JveTFhbkhhRXFHX3Eyd2hOamNhRGtaVUNpQ2RuY3RCSGFLellUSk51dk9RQmJwc0I4OGgyaktpZ2ZrQlp5OW5Nc00zWGhLREVoYjE1TEFreEhSSEF2NUtHa3pDbjJvWUpfOEphaFYtTXgyQU1BRzNTaWVFSHRLNWdhWE13SGFwcDdCNG1jY2JnU2g5OEEwU1VhdUtnXzhocEJIbG1BOEE?oc=5\" target=\"_blank\" rel=\"nofollow noopener\">Skatt 2024, Vefsn | \u00c5rets skattelister er klare og i Vefsn er det en ny person som topper inntektslista<\/a>&nbsp;&nbsp;Helgelendingen<\/li>\n<li><a href=\"https:\/\/news.google.com\/rss\/articles\/CBMie0FVX3lxTE5lUnFKMmN1WTZwMHhObU9WMTFWa1hLMEpEbTNGcUw3Tnl1X3huZlZ4UE5pU1c0dDV5N28za1MyRmVlaEVDV1hubDY0VW1QU3lIX3pkQmVJVHFLY2s2UFZuQzBOZnNjZElZRGFBRjhKNDdWeThVdFhCT1BZUQ?oc=5\" target=\"_blank\" rel=\"nofollow noopener\">Forbig\u00e5tt av \u00abukjent\u00bb arving<\/a>&nbsp;&nbsp;Dagbladet<\/li>\n<li><a href=\"https:\/\/news.google.com\/rss\/articles\/CBMiiAFBVV95cUxPSFF2d0llaDJVSVp1c2ltMWgtMmR0aWcyaEdiOTFkdXVheWVvU3czRVdqSUdGMnZ1Y2poelY3ajZPVHkwZG4zQ1hJeTJFZXMzSE1BS3NEdWZVY3ZJYVBTa005S3FmNVozX1pOQ2pnQ3hqbEc2S1VjNzNkdU1KdG1COXVFZ2FaVlc5?oc=5\" target=\"_blank\" rel=\"nofollow noopener\">Skattelistene 2024: Aursnes topper inntektslisten<\/a>&nbsp;&nbsp;VG<\/li>\n<li><a href=\"https:\/\/news.google.com\/rss\/articles\/CBMickFVX3lxTE1KbWt3TjZwLVdzSzFXZkUyNnl2RUExR0JSZXNqTGs3R2ZSZkRfUFdXTDFrd1NxbURzMmlVbWlCVzhNYWRLWk9pVVRNbHUzV0tTX091Rk54NjdDMnI0YzREbWw0VzV2ZzlMd0poLW5DbXc1dw?oc=5\" target=\"_blank\" rel=\"nofollow noopener\">H\u00e5ver inn p\u00e5 de popul\u00e6re skoene<\/a>&nbsp;&nbsp;mn24.no<\/li>\n<li><a href=\"https:\/\/news.google.com\/rss\/articles\/CBMiswFBVV95cUxNRldMekNvTFBwNWljdTFuM0k3SnBqblphdlhrR0hHdFotRUl4VEotcTJuT0E3cUNWTUh3dUY5dDFROHpBVWhaLTVxUFhzNl9MWHZGWlQ3LVVoZjAtXy1tajh2cy1nS0dNd05yVXQ2R0NCN2tHZmJvbXQ1NUt2aFdSWkpDTVduZXp1SHZTcmxfSkE4WS1md1pQUGJMUXpSUnpvSnVmbHQ2cHd6M204STZzUm1Zbw?oc=5\" target=\"_blank\" rel=\"nofollow noopener\">Han er p\u00e5 inntekts\u00adtoppen i Norge. N\u00e5 har bergen\u00adseren flyttet til Milano.<\/a>&nbsp;&nbsp;Bergens Tidende<\/li>\n<\/ol>\n","protected":false},"excerpt":{"rendered":"Skatt 2024, Vefsn | \u00c5rets skattelister er klare og i Vefsn er det en ny person som topper&hellip;\n","protected":false},"author":2,"featured_media":4133,"comment_status":"","ping_status":"","sticky":false,"template":"","format":"standard","meta":{"footnotes":""},"categories":[10],"tags":[20,21,24,25,15,22,23,13,30,28,29,14,16,26,27],"class_list":{"0":"post-102870","1":"post","2":"type-post","3":"status-publish","4":"format-standard","5":"has-post-thumbnail","7":"category-norge","8":"tag-breaking-news","9":"tag-breakingnews","10":"tag-featured-news","11":"tag-featurednews","12":"tag-headlines","13":"tag-latest-news","14":"tag-latestnews","15":"tag-news","16":"tag-no","17":"tag-norge","18":"tag-norway","19":"tag-nyheter","20":"tag-overskrifter","21":"tag-top-stories","22":"tag-topstories"},"share_on_mastodon":{"url":"https:\/\/pubeurope.com\/@no\/115654207913311091","error":""},"_links":{"self":[{"href":"https:\/\/www.europesays.com\/no\/wp-json\/wp\/v2\/posts\/102870","targetHints":{"allow":["GET"]}}],"collection":[{"href":"https:\/\/www.europesays.com\/no\/wp-json\/wp\/v2\/posts"}],"about":[{"href":"https:\/\/www.europesays.com\/no\/wp-json\/wp\/v2\/types\/post"}],"author":[{"embeddable":true,"href":"https:\/\/www.europesays.com\/no\/wp-json\/wp\/v2\/users\/2"}],"replies":[{"embeddable":true,"href":"https:\/\/www.europesays.com\/no\/wp-json\/wp\/v2\/comments?post=102870"}],"version-history":[{"count":0,"href":"https:\/\/www.europesays.com\/no\/wp-json\/wp\/v2\/posts\/102870\/revisions"}],"wp:featuredmedia":[{"embeddable":true,"href":"https:\/\/www.europesays.com\/no\/wp-json\/wp\/v2\/media\/4133"}],"wp:attachment":[{"href":"https:\/\/www.europesays.com\/no\/wp-json\/wp\/v2\/media?parent=102870"}],"wp:term":[{"taxonomy":"category","embeddable":true,"href":"https:\/\/www.europesays.com\/no\/wp-json\/wp\/v2\/categories?post=102870"},{"taxonomy":"post_tag","embeddable":true,"href":"https:\/\/www.europesays.com\/no\/wp-json\/wp\/v2\/tags?post=102870"}],"curies":[{"name":"wp","href":"https:\/\/api.w.org\/{rel}","templated":true}]}}