{"id":102878,"date":"2025-12-03T06:33:18","date_gmt":"2025-12-03T06:33:18","guid":{"rendered":"https:\/\/www.europesays.com\/no\/102878\/"},"modified":"2025-12-03T06:33:18","modified_gmt":"2025-12-03T06:33:18","slug":"gjert-og-tone-ingebrigtsens-formue-halvert-etter-familiekonflikt","status":"publish","type":"post","link":"https:\/\/www.europesays.com\/no\/102878\/","title":{"rendered":"Gjert og Tone Ingebrigtsens formue halvert etter familiekonflikt"},"content":{"rendered":"<p class=\"kicker \" style=\"\">Skattelistene 2024<\/p>\n<p>  Etter bruddet med barna har b\u00e5de Gjert og Tone Ingebrigtsens formue og inntekt falt dramatisk.\u00a0<\/p>\n<p>\n    DRAMA I FLERE AKTER: For Tone og Gjert Ingebrigtsen har ogs\u00e5 familie\u00f8konomien g\u00e5tt gjennom store forandringer viser fjor\u00e5ret\u00e5rets skattetall. Foto: NTB\n  <\/p>\n<p>Se og H\u00f8r kan n\u00e5 avsl\u00f8re fjor\u00e5rets skatteopplysninger for Gjert Ingebrigtsen (59) og kona Tone (55).\u00a0<\/p>\n<p>Store endringer har skjedd det siste \u00e5ret!<\/p>\n<p>Rettssaken der Gjert sto tiltalt for mishandling i n\u00e6re relasjoner mot to av barna sine, fikk enorm oppmerksomhet det siste halv\u00e5ret.\u00a0<\/p>\n<p>        OVER: Se og H\u00f8r erfarer at forholdet mellom prins Sverre Magnus og Amalie Gi\u00e6ver Macleod er over. Foto: NTB \/ Andreas Fadum \/ Se og H\u00f8r \/\/ Reporter og klipp: Elise Violeta Ness Aksnes<\/p>\n<p>De forn\u00e6rmede i saken var hans egne barn, Jakob Asserson Ingebrigtsen (24) og datteren p\u00e5 19 \u00e5r.\u00a0<\/p>\n<p> Over nesten to m\u00e5neder fikk retten h\u00f8re b\u00e5de forn\u00e6rmedes og tiltaltes sider, samt en rekke vitner. Da dommen falt ble Gjert d\u00f8mt til 15 dagers betinget fengsel for kroppkrenkelse mot datteren. Men frikjent for \u00f8vrige tiltalepunkter.<\/p>\n<p>    <a itemprop=\"url\" href=\"https:\/\/www.seher.no\/kjendis\/vitner-i-retten\/83925532\" rel=\"nofollow noopener\" target=\"_blank\"><\/p>\n<p>      <img loading=\"lazy\" decoding=\"async\" src=\"https:\/\/www.europesays.com\/no\/wp-content\/uploads\/2025\/12\/83921576.webp\" width=\"980\" height=\"441\" title=\"Vitner i retten\" alt=\"\" class=\"lazyload\" style=\"--aspect-ratio-image: 2.22; \"\/><\/p>\n<p>        Vitner i retten<\/p>\n<p>    <\/a><\/p>\n<p>&#8211; Min tidligere mor\t<\/p>\n<p>31. oktober satte en av Ingebrigtsen-br\u00f8drene &#8211; Filip (32) &#8211;\u00a0ord p\u00e5 f\u00f8lelsene han satt med da mamma Tone vitnet i rettssaken mot pappa Gjert.\u00a0<\/p>\n<p>Dette skjedde i\u00a0\u00a0fjerde episode av Amazon Prime-serien \u00abBorn to run\u00bb, og var nok ikke hyggelig lesing for foreldrene.<\/p>\n<p>          <img loading=\"lazy\" decoding=\"async\" src=\"https:\/\/www.europesays.com\/no\/wp-content\/uploads\/2025\/12\/83927985.webp\" width=\"980\" height=\"559\" title=\"STERKE REAKSJONER: Elisabeth A. Ingebrigtsen (f.v.), Filip Ingebrigtsen og Kristoffer Ingebrigtsen p\u00e5 bakerste benk i S\u00f8r-Rogaland tingrett. Foto: Heiko Junge \/ NTB\" alt=\"\" class=\"\" style=\"--aspect-ratio-image: 1.75; \"\/><\/p>\n<p>\n          STERKE REAKSJONER: Elisabeth A. Ingebrigtsen (f.v.), Filip Ingebrigtsen og Kristoffer Ingebrigtsen p\u00e5 bakerste benk i S\u00f8r-Rogaland tingrett. Foto: Heiko Junge \/ NTB\n      <\/p>\n<p>\u2013 Jeg tror nok den t\u00f8ffeste dagen var da min tidligere mor vitnet. Man h\u00e5per jo alltid at en mor skal beskytte sine unger, sa Filip i serien.<\/p>\n<p>Blir aldri kvitt saken\t<\/p>\n<p>Filip forteller videre i \u00abBorn to run\u00bb-episoden hvor mye konflikten og den p\u00e5f\u00f8lgende rettssaken har kostet.<\/p>\n<p>\u2013 Det har v\u00e6rt en prosess over flere \u00e5r, der jeg har mistet, holdt p\u00e5 \u00e5 si, min mor og min far. Jeg skj\u00f8nner veldig godt at folk ikke gidder \u00e5 g\u00e5 gjennom de greiene her, for det har en h\u00f8y pris, sier han og fortsetter:<\/p>\n<p>        P3 GULL: Carina Dahl forteller om alkohol-vanene sine under \u00abSkal vi danse\u00bb p\u00e5 den gule l\u00f8peren. Reporter: Victoria L\u00f8vik Video: Danny Son To\/Trond Markus Gravdal<\/p>\n<p>\u2013 Vi blir aldri kvitt den saken, den vil jo alltid v\u00e6re en stor del av oss. Men jeg h\u00e5per vi kan g\u00e5 videre og fokusere p\u00e5 noe helt annet. Men den kommer nok til \u00e5 komme opp i tide og utide.<\/p>\n<p>          <img loading=\"lazy\" decoding=\"async\" src=\"https:\/\/www.europesays.com\/no\/wp-content\/uploads\/2025\/12\/83928041.webp\" width=\"686\" height=\"426\" title=\"ISFRONT I RETTEN: Mamma Tone Ingebrigtsen i vitneboksen. Til h\u00f8yre sitter Jakob og ser ned i bordet. N\u00e5 karakteriserer Filip Tone som \u00abMin tidligere mor\u00bb. Foto: NTB\" alt=\"\" class=\"\" style=\"--aspect-ratio-image: 1.61; \"\/><\/p>\n<p>\n          ISFRONT I RETTEN: Mamma Tone Ingebrigtsen i vitneboksen. Til h\u00f8yre sitter Jakob og ser ned i bordet. N\u00e5 karakteriserer Filip Tone som \u00abMin tidligere mor\u00bb. Foto: NTB\n      <\/p>\n<p>Hadde h\u00f8ye formuer og inntekter\u00a0\t<\/p>\n<p> Se og H\u00f8r kan n\u00e5 avsl\u00f8re de ferske skatteopplysningene for Gjert og Tone. F\u00f8r de tre br\u00f8drene\u00a0 Jakob, Henrik og Filip Ingebrigtsen i oktober 2023 gikk ut og fortalte sin historie i en kronikk i VG, var tallene helt andre enn i dag.<\/p>\n<p class=\"font-weight-bold m-font-weight-bold\" data-lab-font_weight=\"font-weight-bold\">Suksesstrener Gjert hadde if\u00f8lge offentlige registre en inntekt p\u00e5 hele 3,5 millioner kroner i 2023. Formuen var p\u00e5 hele 8,3 millioner.\u00a0<\/p>\n<p>          <img loading=\"lazy\" decoding=\"async\" src=\"https:\/\/www.europesays.com\/no\/wp-content\/uploads\/2025\/12\/83928056.webp\" width=\"686\" height=\"556\" title=\"ST\u00c5R SAMMEN: Tone og Gjert Ingebrigsten fotografert under NM i friidrett p\u00e5 Ravnanger Idrettspark. Foto: Paul S. Amundsen \/ NTB\" alt=\"\" class=\"\" style=\"--aspect-ratio-image: 1.23; \"\/><\/p>\n<p>\n          ST\u00c5R SAMMEN: Tone og Gjert Ingebrigsten fotografert under NM i friidrett p\u00e5 Ravnanger Idrettspark. Foto: Paul S. Amundsen \/ NTB\n      <\/p>\n<p>Dette sto i sterk kontrast fra \u00e5ret f\u00f8r da formuen &laquo;bare&raquo; var p\u00e5 dr\u00f8yt 780 000 kr &#8211; med en inntekt p\u00e5 682 000 kroner.\u00a0\u00a0<\/p>\n<p class=\"font-weight-bold m-font-weight-bold\" data-lab-font_weight=\"font-weight-bold\">Mamma Tone hadde ogs\u00e5 inntekt p\u00e5 hele 3,43 millioner og en formue p\u00e5 8,167 millioner i 2023.<\/p>\n<p>Men s\u00e5 slo familiekonflikten og bruddet ned som en bombe&#8230;<\/p>\n<p>    <a itemprop=\"url\" href=\"https:\/\/www.seher.no\/kjendis\/roper-sykdom\/83925158\" rel=\"nofollow noopener\" target=\"_blank\"><\/p>\n<p>      <img loading=\"lazy\" decoding=\"async\" src=\"https:\/\/www.europesays.com\/no\/wp-content\/uploads\/2025\/12\/1764743598_979_83925138.webp\" width=\"980\" height=\"441\" title=\"R\u00f8per sykdom\" alt=\"\" class=\"lazyload\" style=\"--aspect-ratio-image: 2.22; \"\/><\/p>\n<p>        R\u00f8per sykdom<\/p>\n<p>    <\/a><\/p>\n<p>Inntektene stupte med millioner\t<\/p>\n<p>For i inntekts\u00e5ret 2024 &#8211; helt ferske skattetall som Se og H\u00f8r har f\u00e5tt tilgang til &#8211; var ekteparets \u00f8konomi en helt annen.\u00a0<\/p>\n<p>Gjert st\u00e5r n\u00e5 oppf\u00f8rt med en alminnelig inntekt p\u00e5 &laquo;kun&raquo; 1,3 millioner &#8211; mens formuen er mer enn halvert &#8211;\u00a0 til 3,8 millioner kroner.<\/p>\n<p>Det samme har ogs\u00e5 skjedd med kona Tone . Hun st\u00e5r for 2024 oppf\u00f8rt med en inntekt p\u00e5\u00a0 626 000 kroner &#8211; mot alts\u00e5 3,43 millioner \u00e5ret f\u00f8r! Ogs\u00e5 formuen for 2024 var g\u00e5tt ned til 3,87 millioner &#8211; mot 8,16 i 2023.<\/p>\n<p>Ikke forsoning\t<\/p>\n<p>Det skulle ta sin tid f\u00f8r Gjert Ingebrigtsen selv br\u00f8t tausheten etter at dommen var avsagt, men i et st\u00f8rre intervju med VG i juli kunne han fortelle om veien videre.\u00a0<\/p>\n<p>        LUKSUS: Marius Borg H\u00f8iby skal n\u00e5 disponere en leilighet p\u00e5 beste Oslo vestkant. Men hvem tar regningen? Foto: Andreas Fadum \/ Tor Lindseth \/ @princerehan27 \/ Instagram \/ NTB \/\/ Reporter: Caroline Vagle \/\/ Klipp: Elise Violeta Ness Aksnes<\/p>\n<p>Forsoning med resten av familien var ikke det f\u00f8rste som sto p\u00e5 blokken.<\/p>\n<p>\u2013 N\u00e5 skal vi f\u00f8rst f\u00e5 v\u00e5re egne liv tilbake, sa han til avisen.\u00a0<\/p>\n<p>Selv om han var tydelig p\u00e5 at han \u00f8nsker \u00e5 finne en vei tilbake til resten av familien, s\u00e5 ser han p\u00e5 sin egen hverdag som det viktigste: \u00c5 kunne stable den p\u00e5 plass igjen etter \u00e5 ha levd i unntakstilstand i flere \u00e5r.<\/p>\n","protected":false},"excerpt":{"rendered":"Skattelistene 2024 Etter bruddet med barna har b\u00e5de Gjert og Tone Ingebrigtsens formue og inntekt falt dramatisk.\u00a0 DRAMA&hellip;\n","protected":false},"author":2,"featured_media":102879,"comment_status":"","ping_status":"","sticky":false,"template":"","format":"standard","meta":{"footnotes":""},"categories":[59],"tags":[4104,1620,479,30,28,29,83,82,13008],"class_list":{"0":"post-102878","1":"post","2":"type-post","3":"status-publish","4":"format-standard","5":"has-post-thumbnail","7":"category-sport","8":"tag-eksklusivt","9":"tag-gjert-ingebrigtsen","10":"tag-kjendis","11":"tag-no","12":"tag-norge","13":"tag-norway","14":"tag-sport","15":"tag-sports","16":"tag-tone-ingebrigtsen"},"share_on_mastodon":{"url":"https:\/\/pubeurope.com\/@no\/115654243621247764","error":""},"_links":{"self":[{"href":"https:\/\/www.europesays.com\/no\/wp-json\/wp\/v2\/posts\/102878","targetHints":{"allow":["GET"]}}],"collection":[{"href":"https:\/\/www.europesays.com\/no\/wp-json\/wp\/v2\/posts"}],"about":[{"href":"https:\/\/www.europesays.com\/no\/wp-json\/wp\/v2\/types\/post"}],"author":[{"embeddable":true,"href":"https:\/\/www.europesays.com\/no\/wp-json\/wp\/v2\/users\/2"}],"replies":[{"embeddable":true,"href":"https:\/\/www.europesays.com\/no\/wp-json\/wp\/v2\/comments?post=102878"}],"version-history":[{"count":0,"href":"https:\/\/www.europesays.com\/no\/wp-json\/wp\/v2\/posts\/102878\/revisions"}],"wp:featuredmedia":[{"embeddable":true,"href":"https:\/\/www.europesays.com\/no\/wp-json\/wp\/v2\/media\/102879"}],"wp:attachment":[{"href":"https:\/\/www.europesays.com\/no\/wp-json\/wp\/v2\/media?parent=102878"}],"wp:term":[{"taxonomy":"category","embeddable":true,"href":"https:\/\/www.europesays.com\/no\/wp-json\/wp\/v2\/categories?post=102878"},{"taxonomy":"post_tag","embeddable":true,"href":"https:\/\/www.europesays.com\/no\/wp-json\/wp\/v2\/tags?post=102878"}],"curies":[{"name":"wp","href":"https:\/\/api.w.org\/{rel}","templated":true}]}}