{"id":102882,"date":"2025-12-03T06:37:16","date_gmt":"2025-12-03T06:37:16","guid":{"rendered":"https:\/\/www.europesays.com\/no\/102882\/"},"modified":"2025-12-03T06:37:16","modified_gmt":"2025-12-03T06:37:16","slug":"de-norske-prinsessene-har-fatt-mye-mindre-penger","status":"publish","type":"post","link":"https:\/\/www.europesays.com\/no\/102882\/","title":{"rendered":"De norske prinsessene har f\u00e5tt mye mindre penger"},"content":{"rendered":"<p>Mot slutten av hvert \u00e5r offentliggj\u00f8res skattelistene.\u00a0<\/p>\n<p>I 2025 havnet den noe omdiskuterte tradisjonen p\u00e5 datoen 3. desember, som er samme dag som prins Sverre Magnus blir 20 \u00e5r.\u00a0<\/p>\n<p><a href=\"https:\/\/www.tv2.no\/a\/18339966\" rel=\"nofollow noopener\" target=\"_blank\">Siden det er et fritak for skatteplikt for kongelige innen det \u00e5ret de fyller 20, og disse tallene er fra i fjor, slipper prinsen \u00e5 dele disse tallene i \u00e5r.\u00a0<\/a><\/p>\n<p>Kongeparet, kronprinsparet og Ingrid Alexandra slipper \u00e5 betale skatt, og slipper derfor ogs\u00e5 \u00e5 ha inntekt og formue offentliggjort. <a href=\"https:\/\/www.tv2.no\/underholdning\/na-mister-prins-sverre-magnus-fordelen-et-tydelig-skille\/18339966\/\" rel=\"nofollow noopener\" target=\"_blank\">Les mer om \u00e5rsaken til dette her.<\/a><\/p>\n<p>Med det sagt, er ikke Prins Sverre Magnus den eneste kongelige som fremover m\u00e5 leve med \u00e5 v\u00e6re synlig i skattelister, for der har vi ogs\u00e5 prinsesser.\u00a0<\/p>\n<p>Prinsessens gigainntekt forsvant<\/p>\n<p>Prinsesse Astrid (93), s\u00f8steren til kong Harald, har hatt en ganske stabil inntekt og formue de siste \u00e5rene, men i \u00e5r viser tallene et fall i inntekter:\u00a0<\/p>\n<p>Nettoinntekt p\u00e5 1,46 millioner kroner, og en formue p\u00e5 rett i overkant av 37 millioner.\u00a0<\/p>\n<p>NB: Tallene i skattelistene kan v\u00e6re misvisende av forskjellige grunner,\u00a0<a href=\"https:\/\/www.tv2.no\/a\/18342757\" style=\"font-style: italic; font-weight: 600; letter-spacing: 0.01em;\" rel=\"nofollow noopener\" target=\"_blank\">les mer om dette her<\/a>.<\/p>\n<p class=\"no_italic m-no_italic\" data-lab-font_weight=\"\" data-lab-italic=\"\">Og pengene kommer ikke fra apanasje, da b\u00e5de titlene og apanasjen forsvant da prinsesse Astrid giftet seg med Johan Martin Ferner i 1961. Ekteskapet skapte en stor, offentlig debatt ettersom han var en fraskilt mann.<\/p>\n<p>Prinsesse Astrid, fru Ferner har en imponerende CV. Hun tok artium i 1950 og studerte deretter sosial\u00f8konomi og politisk historie i Oxford i to \u00e5r. Hun har ogs\u00e5 studert ved M\u00e4rthaskolen og Lolly R\u00e6stads husholdningsskole.<\/p>\n<p>Prinsessen har ogs\u00e5 representert kongehuset\u00a0<a href=\"https:\/\/www.tv2.no\/nyheter\/innenriks\/prinsesse-astrid-fyller-90-ar-lordag\/14567556\/\" rel=\"nofollow noopener\" target=\"_blank\">ved en rekke viktige anledninger<\/a>\u00a0\u2013 noe hun ogs\u00e5 fortsetter \u00e5 gj\u00f8re, selv i hennes godt voksne alder.\u00a0Hun er ogs\u00e5 styreleder i Kronprinsesse M\u00e4rthas Minnefond, og f\u00f8lger opp sine 12 beskytterskap.\u00a0<\/p>\n<p>Prinsesse Astrid er et skattepliktig medlem av kongefamilien, men mottar s\u00e5kalt \u00ab<a href=\"https:\/\/www.tv2.no\/nyheter\/innenriks\/prinsesse-astrid-fyller-90-ar-lordag\/14567556\/\" rel=\"nofollow noopener\" target=\"_blank\">\u00e6respensjon<\/a>\u00bb.<\/p>\n<p>        <img class=\"image__img lazyload\" itemprop=\"image\" title=\"Foto: Frode Sunde \/ TV 2\" alt=\"ELSKET AV FOLKET: De gangene prinsesse Astrid viser seg i offentligheten, er det til stor begeistring. TV 2s kongehusekspert sier hun er et \u00abkongelig gullkort\u00bb. Foto: Frode Sunde \/ TV 2\" width=\"675\" height=\"379\" bad-src=\"https:\/\/www.europesays.com\/no\/wp-content\/uploads\/2025\/12\/18342843.webp\" fetchpriority=\"auto\" \/><\/p>\n<p>      ELSKET AV FOLKET: De gangene prinsesse Astrid viser seg i offentligheten, er det til stor begeistring. TV 2s kongehusekspert sier hun er et \u00abkongelig gullkort\u00bb.<br \/>\n         Foto: Frode Sunde \/ TV 2<\/p>\n<p>Som nevnt har hun hatt en ganske stabil \u00f8konomi de siste \u00e5rene, frem til n\u00e5.\u00a0<\/p>\n<p>I\u00a0<a href=\"https:\/\/www.tv2.no\/underholdning\/to-kongelige-med-enorme-formueshopp\/16278751\/\" style=\"letter-spacing: 0.01em;\" rel=\"nofollow noopener\" target=\"_blank\">2022 hadde hun over 5,7 millioner kroner i inntekt<\/a>\u00a0og rundt 37,8 millioner kroner i formue.<\/p>\n<p>I 2023 hadde hun en nettoformue p\u00e5 38,8 millioner kroner og en\u00a0inntekt f\u00f8r s\u00e6rfradrag p\u00e5 over 5 millioner kroner.<\/p>\n<p>Da hun i 2024 hadde en inntekt p\u00e5 nevnte 1,4 millioner, er dette et betydelig fall etter flere \u00e5r med stabile inntekter. Til gjengjeld er det en formuen fortsatt stabil, selv om den ogs\u00e5 har hatt en liten nedgang.\u00a0<\/p>\n<p>Tr\u00f8blete \u00e5r<\/p>\n<p>Prinsesse M\u00e4rtha Louise (54) har for mange \u00e5r siden sagt fra seg kongelige oppdrag, og jobber som n\u00e6ringsdrivende b\u00e5de med selskapet H\u00e9st og andre selskaper.\u00a0<\/p>\n<p>        <img class=\"image__img lazyload\" itemprop=\"image\" title=\"Foto: Netflix\" alt=\"INTERNASJONALT KJENTE: I 2025 kom filmen Rebel Royals, en Netflix-dokumentar om M\u00e4rtha Louise og Durek Verrett. Et filmteam fulgte dem i hele 2024, som var \u00e5ret de giftet seg. Foto: Netflix\" width=\"978\" height=\"551\" bad-src=\"https:\/\/www.europesays.com\/no\/wp-content\/uploads\/2025\/12\/18100918.webp\" fetchpriority=\"auto\" \/><\/p>\n<p>      INTERNASJONALT KJENTE: I 2025 kom filmen Rebel Royals, en Netflix-dokumentar om M\u00e4rtha Louise og Durek Verrett. Et filmteam fulgte dem i hele 2024, som var \u00e5ret de giftet seg.<br \/>\n         Foto: Netflix<\/p>\n<p><a href=\"https:\/\/www.tv2.no\/nyheter\/nok-et-inkassokrav-trobbel-i-tre-av-marthas-selskaper\/18235867\/\" rel=\"nofollow noopener\" target=\"_blank\">Flere av selskapene hennes har hatt tr\u00f8bbel den siste tiden<\/a>.\u00a0<a href=\"https:\/\/www.tv2.no\/underholdning\/martha-selskap-avvikles-etter-okonomisk-trobbel-1\/18222702\/\" style=\"letter-spacing: 0.01em;\" rel=\"nofollow noopener\" target=\"_blank\">TV 2<\/a>\u00a0har avsl\u00f8rt at selskapet H360 Norway AS er under avvikling. Selskapet\u00a0Hest360 AS, som i likhet med H360 Norway AS driver med hestesport, har tapt mer enn halvparten av aksjekapitalen.<\/p>\n<p>Selskapet Heartsmart AS st\u00e5r blant annet bak podkasten til M\u00e4rtha Louise, Lilli Bendriss og Mari Manzetti. Dette selskapet har skapt <a href=\"https:\/\/www.tv2.no\/underholdning\/hest-as-dramatisk-fall-i-lonnsomhet\/17718101\/\" rel=\"nofollow noopener\" target=\"_blank\">overskrifter som omhandler b\u00e5de inkassokrav og et underskudd p\u00e5 \u00e5rsresultatet<\/a>.<\/p>\n<p>Selskapet H\u00e9st AS, som M\u00e4rtha Louise har v\u00e6rt en del av i flere \u00e5r, har hatt vekst i inntekter fra 2020 til 2024. <a href=\"https:\/\/www.tv2.no\/underholdning\/hest-as-dramatisk-fall-i-lonnsomhet\/17718101\/\" rel=\"nofollow noopener\" target=\"_blank\">I 2024 var likevel det f\u00f8rste \u00e5ret p\u00e5 lenge hvor det kom et dramatisk fall i l\u00f8nnsomheten<\/a>.\u00a0<\/p>\n<p>        <img class=\"image__img lazyload\" itemprop=\"image\" title=\"Foto: Ingvill Sunnby \/ TV 2\" alt=\"GIFT: I 2024 gifter prinsesse M\u00e4rtha Louise seg med Durek Verrett. Foto: Ingvill Sunnby \/ TV 2\" width=\"675\" height=\"453\" bad-src=\"https:\/\/www.europesays.com\/no\/wp-content\/uploads\/2025\/12\/18344027.webp\" fetchpriority=\"auto\" \/><\/p>\n<p>      GIFT: I 2024 gifter prinsesse M\u00e4rtha Louise seg med Durek Verrett.<br \/>\n         Foto: Ingvill Sunnby \/ TV 2<\/p>\n<p>Driftsresultatet og \u00e5rsresultatet redusert til en br\u00f8kdel av hva de var i 2023.\u00a0\u00c5rsresultat f\u00f8r skatt fulgte driftsresultatet og stupte, fra 8,3 millioner i 2023 til 423.950 kroner i 2024.<\/p>\n<p>\u00a0Til tross for de nevnte utfordringene i ulike selskaper, har kong Harald eldste barn nok til salt i gr\u00f8ten.\u00a0<\/p>\n<p class=\"bold m-bold\" data-lab-font_weight=\"bold\">I 2024 hadde hun inntekter p\u00e5 1,4 millioner kroner, og en formue p\u00e5 20 millioner. Dette er en nedgang fra fjor\u00e5ret p\u00e5 begge punkter.\u00a0<\/p>\n<p>I <a href=\"https:\/\/www.tv2.no\/aktualitet\/dette-tjente-de-kongelige\/17244459\/\" style=\"letter-spacing: 0.01em;\" rel=\"nofollow noopener\" target=\"_blank\">2023 <\/a>var hun oppf\u00f8rt med en nettoformue p\u00e5 rundt 29,2 millioner og en alminnelig inntekt p\u00e5 1,9 millioner kroner.<\/p>\n<p>Men, dette er likevel opp fra \u00e5ret f\u00f8r der igjen. Til sammenligning\u00a0<a href=\"https:\/\/www.tv2.no\/underholdning\/to-kongelige-med-enorme-formueshopp\/16278751\/\" rel=\"nofollow noopener\" target=\"_blank\">hadde hun i\u00a02022<\/a>\u00a0en nettoinntekt p\u00e5 rett over millionen \u2013 n\u00e6rmere bestemt 1.061.272 kroner. Hun hadde en nettformue p\u00e5 over 5,7 millioner kroner.<\/p>\n<p>Store forskjeller<\/p>\n<p>TV 2s kongehusekspert, Ole-J\u00f8rgen Schulsrud-Hansen, sier det er store forskjeller p\u00e5 hvordan disse to prinsessene har kombinert hvordan man er en arbeidende kongelig.\u00a0<\/p>\n<p>\u2013 Prinsesse Astrid har v\u00e6rt et kongelig gullkort i en manns- og kvinnealder. Helt siden kronprinsesse M\u00e4rtha d\u00f8de i 1954 har prinsesse Astrid representert kongefamilien i stort og sm\u00e5tt, sier han, og fortsetter:\u00a0<\/p>\n<p>\u2013 Prinsesse M\u00e4rtha Louise har l\u00f8st arbeidslivet p\u00e5 en annen m\u00e5te, med b\u00e5de kritikk og jubel fra folket. Og s\u00e5 representerer ikke prinsesse M\u00e4rtha Louise noe lenger heller.\u00a0<\/p>\n<p>        <img class=\"image__img lazyload\" itemprop=\"image\" title=\"Foto: Torjus Sagenes \/ TV 2\" alt=\"EKSPERT: Ole-J\u00f8rgen Schulsrud-Hansen er TV 2s kongehusekspert. Han er ogs\u00e5 programleder for podkasten \u00abUnders\u00e5ttene\u00bb. Foto: Torjus Sagenes \/ TV 2\" width=\"978\" height=\"551\" bad-src=\"https:\/\/www.europesays.com\/no\/wp-content\/uploads\/2025\/12\/18342842.webp\" fetchpriority=\"auto\" \/><\/p>\n<p>      EKSPERT: Ole-J\u00f8rgen Schulsrud-Hansen er TV 2s kongehusekspert. Han er ogs\u00e5 programleder for podkasten \u00abUnders\u00e5ttene\u00bb.<br \/>\n         Foto: Torjus Sagenes \/ TV 2<\/p>\n<p>Flyttet til Norge<\/p>\n<p>Prinsessens ektemann Durek Verrett (51) har meldt flytting til Norge, men er likevel oppf\u00f8rt med 0 kroner i inntekter og null kroner i formue i 2024.<\/p>\n<p>Det kan ha en sammenheng med at han har drevet businessen sin fra USA.\u00a0<\/p>\n<p>Durek Verrett har selskapet\u00a0<a href=\"https:\/\/www.tv2.no\/nyheter\/innenriks\/har-sokt-om-a-registrere-sjamanskole-som-varemerke\/10609344\/\" rel=\"nofollow noopener\" target=\"_blank\">Ohana Productions LLC<\/a>, som f\u00f8lger lovverket i delstaten California.\u00a0<\/p>\n<p>Han har ogs\u00e5 en nettside hvor han tilbyr seminarer, b\u00f8ker og spirituelle amuletter.\u00a0<\/p>\n<p>        <img class=\"image__img lazyload\" itemprop=\"image\" title=\"Foto: Lise \u00c5serud \/ NTB\" alt=\"P\u00c5 HVER SIDE AV KONGEN: Marius Borg H\u00f8iby er kong Haralds inngiftede barnebarn. Durek Verrett ble ogs\u00e5 giftet inn i familien i 2024. Foto: Lise \u00c5serud \/ NTB\" width=\"675\" height=\"379\" bad-src=\"https:\/\/www.europesays.com\/no\/wp-content\/uploads\/2025\/12\/18007363.webp\" fetchpriority=\"auto\" \/><\/p>\n<p>      P\u00c5 HVER SIDE AV KONGEN: Marius Borg H\u00f8iby er kong Haralds inngiftede barnebarn. Durek Verrett ble ogs\u00e5 giftet inn i familien i 2024.<br \/>\n         Foto: Lise \u00c5serud \/ NTB<\/p>\n<p>Under 50.000 kroner for H\u00f8iby<\/p>\n<p>Mange vil ogs\u00e5 regne Marius Borg H\u00f8iby (28) er ogs\u00e5 en del av det norske kongehuset, siden han er s\u00f8nnen til kronprinsesse Mette-Marit.\u00a0<\/p>\n<p>I likhet med Durek Verrett er ikke H\u00f8iby oppf\u00f8rt med s\u00e6rlig store inntekter, helt presist er han oppf\u00f8rt med 48.065 kroner i 2024.\u00a0<\/p>\n<p class=\"bold m-bold\" data-lab-font_weight=\"bold\">TV 2 har skrevet om hva advokatene hans og st\u00f8tteapparatet tjente samme \u00e5r, <a href=\"https:\/\/www.tv2.no\/underholdning\/dette-tjente-marius-borg-hoiby\/18344692\/\" rel=\"nofollow noopener\" target=\"_blank\">les om det her<\/a>.<\/p>\n","protected":false},"excerpt":{"rendered":"Mot slutten av hvert \u00e5r offentliggj\u00f8res skattelistene.\u00a0 I 2025 havnet den noe omdiskuterte tradisjonen p\u00e5 datoen 3. desember,&hellip;\n","protected":false},"author":2,"featured_media":102883,"comment_status":"","ping_status":"","sticky":false,"template":"","format":"standard","meta":{"footnotes":""},"categories":[12],"tags":[20,21,24,25,15,22,23,13,30,28,29,14,16,26,27,42,43,44,45],"class_list":{"0":"post-102882","1":"post","2":"type-post","3":"status-publish","4":"format-standard","5":"has-post-thumbnail","7":"category-verden","8":"tag-breaking-news","9":"tag-breakingnews","10":"tag-featured-news","11":"tag-featurednews","12":"tag-headlines","13":"tag-latest-news","14":"tag-latestnews","15":"tag-news","16":"tag-no","17":"tag-norge","18":"tag-norway","19":"tag-nyheter","20":"tag-overskrifter","21":"tag-top-stories","22":"tag-topstories","23":"tag-verden","24":"tag-world","25":"tag-world-news","26":"tag-worldnews"},"share_on_mastodon":{"url":"https:\/\/pubeurope.com\/@no\/115654259049648147","error":""},"_links":{"self":[{"href":"https:\/\/www.europesays.com\/no\/wp-json\/wp\/v2\/posts\/102882","targetHints":{"allow":["GET"]}}],"collection":[{"href":"https:\/\/www.europesays.com\/no\/wp-json\/wp\/v2\/posts"}],"about":[{"href":"https:\/\/www.europesays.com\/no\/wp-json\/wp\/v2\/types\/post"}],"author":[{"embeddable":true,"href":"https:\/\/www.europesays.com\/no\/wp-json\/wp\/v2\/users\/2"}],"replies":[{"embeddable":true,"href":"https:\/\/www.europesays.com\/no\/wp-json\/wp\/v2\/comments?post=102882"}],"version-history":[{"count":0,"href":"https:\/\/www.europesays.com\/no\/wp-json\/wp\/v2\/posts\/102882\/revisions"}],"wp:featuredmedia":[{"embeddable":true,"href":"https:\/\/www.europesays.com\/no\/wp-json\/wp\/v2\/media\/102883"}],"wp:attachment":[{"href":"https:\/\/www.europesays.com\/no\/wp-json\/wp\/v2\/media?parent=102882"}],"wp:term":[{"taxonomy":"category","embeddable":true,"href":"https:\/\/www.europesays.com\/no\/wp-json\/wp\/v2\/categories?post=102882"},{"taxonomy":"post_tag","embeddable":true,"href":"https:\/\/www.europesays.com\/no\/wp-json\/wp\/v2\/tags?post=102882"}],"curies":[{"name":"wp","href":"https:\/\/api.w.org\/{rel}","templated":true}]}}