{"id":102884,"date":"2025-12-03T06:40:18","date_gmt":"2025-12-03T06:40:18","guid":{"rendered":"https:\/\/www.europesays.com\/no\/102884\/"},"modified":"2025-12-03T06:40:18","modified_gmt":"2025-12-03T06:40:18","slug":"handball-naerbo-handball-enorm-prestasjon-av-ungguttene","status":"publish","type":"post","link":"https:\/\/www.europesays.com\/no\/102884\/","title":{"rendered":"H\u00e5ndball, N\u00e6rb\u00f8 H\u00e5ndball | Enorm prestasjon av ungguttene"},"content":{"rendered":"<p>      Glade N\u00e6rb\u00f8-gutter etter at finaleplassen i G20-NM var sikret. Bak fra venstre: Teo J\u00f8rgensen Anzj\u00f8n, Emil Vold Stangeland, Bo Kristian Kverme, Casper Sundsbak-Gullaksen, Vetle Mellemstrand Bore, Eirik Gausland Aunet, Nikolai Nord\u00e5s Steinsland og Mathias Svanes. Foran fra venstre: \u00d8rjan Bratland Skarvatun, Leon Dybing, Ben Thomas Kverme, Sander H\u00e5land, Noah Seland Egeland, Oscar Skodje Schea, Sebastian Ueland, H\u00e5kon B\u00f8 Bakke og lagleder Alvar Haugseng.<br \/>\n      Foto: Tarjei Sel\n    <\/p>\n","protected":false},"excerpt":{"rendered":"Glade N\u00e6rb\u00f8-gutter etter at finaleplassen i G20-NM var sikret. Bak fra venstre: Teo J\u00f8rgensen Anzj\u00f8n, Emil Vold Stangeland,&hellip;\n","protected":false},"author":2,"featured_media":102885,"comment_status":"","ping_status":"","sticky":false,"template":"","format":"standard","meta":{"footnotes":""},"categories":[59],"tags":[30,28,29,83,82],"class_list":{"0":"post-102884","1":"post","2":"type-post","3":"status-publish","4":"format-standard","5":"has-post-thumbnail","7":"category-sport","8":"tag-no","9":"tag-norge","10":"tag-norway","11":"tag-sport","12":"tag-sports"},"share_on_mastodon":{"url":"https:\/\/pubeurope.com\/@no\/115654270852037687","error":""},"_links":{"self":[{"href":"https:\/\/www.europesays.com\/no\/wp-json\/wp\/v2\/posts\/102884","targetHints":{"allow":["GET"]}}],"collection":[{"href":"https:\/\/www.europesays.com\/no\/wp-json\/wp\/v2\/posts"}],"about":[{"href":"https:\/\/www.europesays.com\/no\/wp-json\/wp\/v2\/types\/post"}],"author":[{"embeddable":true,"href":"https:\/\/www.europesays.com\/no\/wp-json\/wp\/v2\/users\/2"}],"replies":[{"embeddable":true,"href":"https:\/\/www.europesays.com\/no\/wp-json\/wp\/v2\/comments?post=102884"}],"version-history":[{"count":0,"href":"https:\/\/www.europesays.com\/no\/wp-json\/wp\/v2\/posts\/102884\/revisions"}],"wp:featuredmedia":[{"embeddable":true,"href":"https:\/\/www.europesays.com\/no\/wp-json\/wp\/v2\/media\/102885"}],"wp:attachment":[{"href":"https:\/\/www.europesays.com\/no\/wp-json\/wp\/v2\/media?parent=102884"}],"wp:term":[{"taxonomy":"category","embeddable":true,"href":"https:\/\/www.europesays.com\/no\/wp-json\/wp\/v2\/categories?post=102884"},{"taxonomy":"post_tag","embeddable":true,"href":"https:\/\/www.europesays.com\/no\/wp-json\/wp\/v2\/tags?post=102884"}],"curies":[{"name":"wp","href":"https:\/\/api.w.org\/{rel}","templated":true}]}}