{"id":102888,"date":"2025-12-03T06:44:14","date_gmt":"2025-12-03T06:44:14","guid":{"rendered":"https:\/\/www.europesays.com\/no\/102888\/"},"modified":"2025-12-03T06:44:14","modified_gmt":"2025-12-03T06:44:14","slug":"trump-sier-han-ikke-vil-ha-somaliere-i-usa-myndighetene-forbereder-operasjon-i-minnesota","status":"publish","type":"post","link":"https:\/\/www.europesays.com\/no\/102888\/","title":{"rendered":"Trump sier han ikke vil ha somaliere i USA \u2013 myndighetene forbereder operasjon i Minnesota"},"content":{"rendered":"<p>Det melder nyhetsbyr\u00e5et AP.<\/p>\n<p>\u2013 Landet deres er ikke bra av en grunn, sier han under tirsdagens regjeringsm\u00f8te if\u00f8lge <a href=\"https:\/\/www.nytimes.com\/live\/2025\/12\/02\/us\/trump-ukraine-putin-news\/036a79a9-d29a-5e56-a713-9ecec3e0aec9?smid=url-share\" target=\"_blank\" rel=\"nofollow noopener\">New York Times.<\/a><\/p>\n<p>\u2013 Vi g\u00e5r feil vei hvis vi fortsetter \u00e5 ta inn s\u00f8ppel til landet v\u00e5rt, siteres den amerikanske presidenten videre p\u00e5. Han sier ogs\u00e5 if\u00f8lge avisen at den demokratiske representanten Ilhan Omar fra Minnesota er &laquo;s\u00f8ppel&raquo;.<\/p>\n<p>If\u00f8lge APs kilder planlegges det n\u00e5 en operasjon rundt migranter i Minnesota. Den skal hovedsaklig fokusere p\u00e5 nettopp somaliere og kan starte i l\u00f8pet av de n\u00e6rmeste dagene.<\/p>\n<p>Den skal angivelig v\u00e6re rettet mot storbyomr\u00e5det Minneapolis-Saint Paul, og omfatter innvandrere som har f\u00e5tt endelig ordre om deportasjon fra USA.<\/p>\n<p>Delstaten har USAs st\u00f8rste somalske lokalsfamfunn, og det skal v\u00e6re hundrevis av mennesker som kan bli omfattet av operasjonen.<\/p>\n<p>If\u00f8lge APs kilder vil det ogs\u00e5 bli gitt myndighet til \u00e5 p\u00e5gripe folk som blir oppdaget underveis i operasjonen og mangler papirer.<\/p>\n<p>If\u00f8lge <a href=\"https:\/\/www.nytimes.com\/live\/2025\/12\/02\/us\/trump-ukraine-putin-news\" target=\"_blank\" rel=\"nofollow noopener\">New York Times<\/a> er det ICE-styrken som skal sendes.<\/p>\n<p>(\u00a9NTB)<\/p>\n","protected":false},"excerpt":{"rendered":"Det melder nyhetsbyr\u00e5et AP. \u2013 Landet deres er ikke bra av en grunn, sier han under tirsdagens regjeringsm\u00f8te&hellip;\n","protected":false},"author":2,"featured_media":102889,"comment_status":"","ping_status":"","sticky":false,"template":"","format":"standard","meta":{"footnotes":""},"categories":[12],"tags":[20,21,24,25,15,22,23,13,30,28,29,14,16,26,27,42,43,44,45],"class_list":{"0":"post-102888","1":"post","2":"type-post","3":"status-publish","4":"format-standard","5":"has-post-thumbnail","7":"category-verden","8":"tag-breaking-news","9":"tag-breakingnews","10":"tag-featured-news","11":"tag-featurednews","12":"tag-headlines","13":"tag-latest-news","14":"tag-latestnews","15":"tag-news","16":"tag-no","17":"tag-norge","18":"tag-norway","19":"tag-nyheter","20":"tag-overskrifter","21":"tag-top-stories","22":"tag-topstories","23":"tag-verden","24":"tag-world","25":"tag-world-news","26":"tag-worldnews"},"share_on_mastodon":{"url":"https:\/\/pubeurope.com\/@no\/115654286617103083","error":""},"_links":{"self":[{"href":"https:\/\/www.europesays.com\/no\/wp-json\/wp\/v2\/posts\/102888","targetHints":{"allow":["GET"]}}],"collection":[{"href":"https:\/\/www.europesays.com\/no\/wp-json\/wp\/v2\/posts"}],"about":[{"href":"https:\/\/www.europesays.com\/no\/wp-json\/wp\/v2\/types\/post"}],"author":[{"embeddable":true,"href":"https:\/\/www.europesays.com\/no\/wp-json\/wp\/v2\/users\/2"}],"replies":[{"embeddable":true,"href":"https:\/\/www.europesays.com\/no\/wp-json\/wp\/v2\/comments?post=102888"}],"version-history":[{"count":0,"href":"https:\/\/www.europesays.com\/no\/wp-json\/wp\/v2\/posts\/102888\/revisions"}],"wp:featuredmedia":[{"embeddable":true,"href":"https:\/\/www.europesays.com\/no\/wp-json\/wp\/v2\/media\/102889"}],"wp:attachment":[{"href":"https:\/\/www.europesays.com\/no\/wp-json\/wp\/v2\/media?parent=102888"}],"wp:term":[{"taxonomy":"category","embeddable":true,"href":"https:\/\/www.europesays.com\/no\/wp-json\/wp\/v2\/categories?post=102888"},{"taxonomy":"post_tag","embeddable":true,"href":"https:\/\/www.europesays.com\/no\/wp-json\/wp\/v2\/tags?post=102888"}],"curies":[{"name":"wp","href":"https:\/\/api.w.org\/{rel}","templated":true}]}}