{"id":102890,"date":"2025-12-03T06:47:07","date_gmt":"2025-12-03T06:47:07","guid":{"rendered":"https:\/\/www.europesays.com\/no\/102890\/"},"modified":"2025-12-03T06:47:07","modified_gmt":"2025-12-03T06:47:07","slug":"skattelister-2025-bodo-han-tjente-mest-i-bodo-avisa-nordland","status":"publish","type":"post","link":"https:\/\/www.europesays.com\/no\/102890\/","title":{"rendered":"Skattelister 2025, Bod\u00f8 | Han tjente mest i Bod\u00f8 &#8211; Avisa Nordland"},"content":{"rendered":"<ol>\n<li><a href=\"https:\/\/news.google.com\/rss\/articles\/CBMiZEFVX3lxTE4xSXFqNW55Rld1X3IwWER2eGtrbXlsQWp3TDV0emZNSUx1TFN6Y0h5N2VicEJlM2NWVjNpaGlSZ29SaDloY1pKeHhaQWVVaFgwVXF0SjkzUW92aFF4LU92SnBlYnI?oc=5\" target=\"_blank\" rel=\"nofollow noopener\">Skattelister 2025, Bod\u00f8 | Han tjente mest i Bod\u00f8<\/a>&nbsp;&nbsp;Avisa Nordland<\/li>\n<li><a href=\"https:\/\/news.google.com\/rss\/articles\/CBMilgFBVV95cUxOQ2R0QXZaZzhULU1GZktudGFOeDBOQXVKUmo5OUtpZU1EX1NPYkY0RUgtbWk5ZHVjRk4xWmFxOEQ3a3VhV3gzWjhiNkNkMzVXYWI2RVMxWG51YXd5WGtSdFlVNzZfaEMyRnh0QWoxREFpZnRZczBQY0pLa3VlOHJ2TzBUU0I0STVLaTlrR1Nsd0kxWWFnaVE?oc=5\" target=\"_blank\" rel=\"nofollow noopener\">S\u00e5 mye mer tjente Glimt-stjernene enn Viking-gullguttene<\/a>&nbsp;&nbsp;TV2.no<\/li>\n<li><a href=\"https:\/\/news.google.com\/rss\/articles\/CBMihAFBVV95cUxORGc1cVY4Y3IyTDNEV25YSDVReWM5U2RmdGJuZmstN0YyOU8wb1hub0pELVZTckcwaGpiU0xNYXBKaVJDTjgwWEhEYTNSQlNndGY4TUdXV0Z4RmhCZVZCUzN3RmZtNFFfX1kzeFNRdk5YZkl5WTNjTjY3SUdQdFBPRjlNMVM?oc=5\" target=\"_blank\" rel=\"nofollow noopener\">Dette tjente Viking-spillerne og de lokale fotball\u00adprofilene i fjor<\/a>&nbsp;&nbsp;Stavanger Aftenblad<\/li>\n<li><a href=\"https:\/\/news.google.com\/rss\/articles\/CBMikwFBVV95cUxQLV9LQ1dNWWJ4dG9WdUhyR3gzM3VZcE14S09MME14aW1hWVRMZ1o0RTVaRjMwZDN3MVI5N3MwMU05UnN5WVBoa3VtMV83cXZPRm5oanRNVkNXZHF3M0RvWUlQbHV0ZmNTZ1g0bzVzRkFoS1JOazF1cUFYZkpMdWhxOEhxOVF1djVrOGhzNU9PeWphUFU?oc=5\" target=\"_blank\" rel=\"nofollow noopener\">Skatt, \u00d8konomi | Lista over Bod\u00f8s rike, unge preges av fotballspillere<\/a>&nbsp;&nbsp;Bod\u00f8 Nu<\/li>\n<\/ol>\n","protected":false},"excerpt":{"rendered":"Skattelister 2025, Bod\u00f8 | Han tjente mest i Bod\u00f8&nbsp;&nbsp;Avisa Nordland S\u00e5 mye mer tjente Glimt-stjernene enn Viking-gullguttene&nbsp;&nbsp;TV2.no Dette&hellip;\n","protected":false},"author":2,"featured_media":4285,"comment_status":"","ping_status":"","sticky":false,"template":"","format":"standard","meta":{"footnotes":""},"categories":[59],"tags":[30,28,29,83,82],"class_list":{"0":"post-102890","1":"post","2":"type-post","3":"status-publish","4":"format-standard","5":"has-post-thumbnail","7":"category-sport","8":"tag-no","9":"tag-norge","10":"tag-norway","11":"tag-sport","12":"tag-sports"},"share_on_mastodon":{"url":"https:\/\/pubeurope.com\/@no\/115654298370783883","error":""},"_links":{"self":[{"href":"https:\/\/www.europesays.com\/no\/wp-json\/wp\/v2\/posts\/102890","targetHints":{"allow":["GET"]}}],"collection":[{"href":"https:\/\/www.europesays.com\/no\/wp-json\/wp\/v2\/posts"}],"about":[{"href":"https:\/\/www.europesays.com\/no\/wp-json\/wp\/v2\/types\/post"}],"author":[{"embeddable":true,"href":"https:\/\/www.europesays.com\/no\/wp-json\/wp\/v2\/users\/2"}],"replies":[{"embeddable":true,"href":"https:\/\/www.europesays.com\/no\/wp-json\/wp\/v2\/comments?post=102890"}],"version-history":[{"count":0,"href":"https:\/\/www.europesays.com\/no\/wp-json\/wp\/v2\/posts\/102890\/revisions"}],"wp:featuredmedia":[{"embeddable":true,"href":"https:\/\/www.europesays.com\/no\/wp-json\/wp\/v2\/media\/4285"}],"wp:attachment":[{"href":"https:\/\/www.europesays.com\/no\/wp-json\/wp\/v2\/media?parent=102890"}],"wp:term":[{"taxonomy":"category","embeddable":true,"href":"https:\/\/www.europesays.com\/no\/wp-json\/wp\/v2\/categories?post=102890"},{"taxonomy":"post_tag","embeddable":true,"href":"https:\/\/www.europesays.com\/no\/wp-json\/wp\/v2\/tags?post=102890"}],"curies":[{"name":"wp","href":"https:\/\/api.w.org\/{rel}","templated":true}]}}