{"id":102910,"date":"2025-12-03T07:22:15","date_gmt":"2025-12-03T07:22:15","guid":{"rendered":"https:\/\/www.europesays.com\/no\/102910\/"},"modified":"2025-12-03T07:22:15","modified_gmt":"2025-12-03T07:22:15","slug":"likevel-ikke-full-elbil-moms-fra-2027","status":"publish","type":"post","link":"https:\/\/www.europesays.com\/no\/102910\/","title":{"rendered":"Likevel ikke full elbil-moms fra 2027"},"content":{"rendered":"<p>        Saken oppsummert<\/p>\n<ul lang=\"nb-NO\">\n<li>Regjeringen foreslo moms p\u00e5 elbiler over 300.000 kroner fra 1. januar og full moms fra 2027.<\/li>\n<li>Statsbudsjettet m\u00f8tte utfordringer, men enighet ble oppn\u00e5dd med en uventet endring.<\/li>\n<li>SV og MDG fikk gjennomslag for \u00e5 senke toppmomsgrensen med 150.000 kroner i 2027 og 2028.<\/li>\n<li>Full moms utsettes ett \u00e5r, med gradvis innf\u00f8ring fra 2027 og full moms fra 2028.<\/li>\n<\/ul>\n<p class=\"italic ai-disclaimer\" data-lab-italic=\"italic\">Oppsummeringen er laget med kunstig intelligens (KI) fra OpenAI. Innholdet er kvalitetssikret av TV 2s journalister. <a target=\"_blank\" href=\"https:\/\/hjelp.tv2.no\/info\/artikkel\/slik-jobber-vi-med-ki-i-tv-2\" title=\"Les om hvordan vi jobber med KI\" rel=\"nofollow noopener\">Les om hvordan vi jobber med KI<\/a><\/p>\n<p>Moms p\u00e5 elbiler over 300.000 kroner fra 1. januar. Og s\u00e5 moms p\u00e5 alle elbiler fra 2027: Det gikk Regjeringen ut med i sitt forslag til statsbudsjett for 2026, tidligere i h\u00f8st.<\/p>\n<p>Det statsbudsjettet har som kjent ikke akkurat g\u00e5tt p\u00e5 skinner. Men i natt ble det enighet med alle partier. Og med det fikk vi en overraskende U-sving i momssaken.\u00a0<\/p>\n<p>Utsatt ett \u00e5r<\/p>\n<p><a href=\"https:\/\/www.bilnytt.no\/subscriber\/showArticle.aspx?articleid=13627\" rel=\"nofollow noopener\" target=\"_blank\">Bransje-nettstedet Bilnytt.no<\/a> har fulgt dette tett og melder n\u00e5 at SV og MDG har f\u00e5tt gjennomslag for f\u00f8lgende justering:\u00a0<\/p>\n<p> \u00abStortinget ber regjeringen senke toppmomsgrensen for elbil med 150.000 kroner i statsbudsjettet for 2027 og 150.000 kroner i statsbudsjettet for 2028, forutsatt ESA-godkjenning.\u00bb <\/p>\n<p>Dermed blir alts\u00e5 full moms utsatt med ett \u00e5r.\u00a0<\/p>\n<p><a href=\"https:\/\/www.tv2.no\/broom\/moms-sjokket-sa-mye-dyrere-blir-bilene\/18189858\/\" rel=\"nofollow noopener\" target=\"_blank\">Her sprakk nyheten: Moms-sjokk!<\/a><\/p>\n<p>        <img class=\"image__img lazyload\" itemprop=\"image\" title=\"Foto: Renault.\" alt=\"ETT \u00c5R TIL: Nye Renault 5 er en av elbilene med startpris rett under 300.000 kroner. N\u00e5 f\u00e5r de rimeligste utgavene et ekstra \u00e5r uten moms. Foto: Renault.\" width=\"978\" height=\"551\" bad-src=\"https:\/\/www.europesays.com\/no\/wp-content\/uploads\/2025\/12\/18093495.webp\" fetchpriority=\"auto\" \/><\/p>\n<p>      ETT \u00c5R TIL: Nye Renault 5 er en av elbilene med startpris rett under 300.000 kroner. N\u00e5 f\u00e5r de rimeligste utgavene et ekstra \u00e5r uten moms.<br \/>\n         Foto: Renault.<\/p>\n<p>Blir 125.000 dyrere<\/p>\n<p>Det som n\u00e5 skjer, er at momsgrensen senkes fra 500.000 til 300.000 fra \u00e5rsskiftet. En elbil til 400.000, blir dermed 25.000 kroner dyrere, mens en bil til 500.000 f\u00e5r 50.000 i ekstra moms.<\/p>\n<p>Fra 1. januar 2027 senkes alts\u00e5 innslagspunktet til 150.000 kroner. Elbilen som i dag koster 500.000 vil da bli 87.500 kroner dyrere.\u00a0<\/p>\n<p>Fra 2028 blir det s\u00e5 moms fra f\u00f8rste krone. I praksis 125.000 kroner for bilen som i dag koster 500.000 kroner.\u00a0<\/p>\n<p><a href=\"https:\/\/www.tv2.no\/broom\/sa-mye-dyrere-blir-bestselgerne\/18195014\/\" rel=\"nofollow noopener\" target=\"_blank\">S\u00e5 mye dyrere blir bestselgerne<\/a><\/p>\n<p>        <img class=\"image__img lazyload\" itemprop=\"image\" title=\"Foto: MATTHIAS RIETSCHEL \/ Reuters \/ NTB\" alt=\"UTSATT: Volkswagen ID,4 er en av veldig mange elbiler som koster rundt en halv million kroner i Norge. N\u00e5 strekkes pris\u00f8kningen p\u00e5 denne og alle andre elbiler lenger enn opprinnelig plan. Foto: MATTHIAS RIETSCHEL \/ Reuters \/ NTB\" width=\"978\" height=\"551\" bad-src=\"https:\/\/www.europesays.com\/no\/wp-content\/uploads\/2025\/12\/18346480.webp\" fetchpriority=\"auto\" \/><\/p>\n<p>      UTSATT: Volkswagen ID,4 er en av veldig mange elbiler som koster rundt en halv million kroner i Norge. N\u00e5 strekkes pris\u00f8kningen p\u00e5 denne og alle andre elbiler lenger enn opprinnelig plan.<br \/>\n         Foto: MATTHIAS RIETSCHEL \/ Reuters \/ NTB<\/p>\n<p>Rush \u2013 s\u00e5 br\u00e5stopp<\/p>\n<p>Det h\u00f8rer med til saken at det fra flere hold har blitt anf\u00f8rt at den varslede endringen kom altfor fort. Fra bilbransjens side har det blitt hevdet at dette kunne forsinke overgangen til utslippsfrie biler, ved at salget av elbiler potensielt ville synke.\u00a0<\/p>\n<p>S\u00e5 store endringer p\u00e5 kort tid f\u00f8rer ogs\u00e5 til ubalanse i markedet. Man fryktet at det ville bli et rush av kunder som ville sikret seg biler i 2026, f\u00f8r innf\u00f8ring av full moms. S\u00e5 br\u00e5stopp og tomme ordreb\u00f8ker i 2027. S\u00e5 gjenst\u00e5r det \u00e5 se om denne endringen er tilstrekkelig til \u00e5 endre p\u00e5 dette.<\/p>\n<p> <a href=\"https:\/\/www.tv2.no\/broom\/snart-bare-elbiler-advarer-om-veien-videre\/17006947\/\" rel=\"nofollow noopener\" target=\"_blank\">Snart bare elbiler\u00a0\u2013 advarer mot veien videre<\/a> <\/p>\n<p class=\"bold m-bold\" data-lab-font_weight=\"bold\">Spons av dem med mest penger? Les mer i artikkelen under:<\/p>\n<p>    <a class=\"article__link\" data-ga-active-label=\"\" data-ga-active-label-animation=\"\" href=\"https:\/\/www.tv2.no\/broom\/elbilstotten-gar-til-dem-med-best-rad\/18302464\/\" rel=\"nofollow noopener\" target=\"_blank\"><\/p>\n<p>    <img class=\"image__img lazyload\" itemprop=\"image\" title=\"\" alt=\"\" width=\"978\" height=\"411\" bad-src=\"https:\/\/www.europesays.com\/no\/wp-content\/uploads\/2025\/12\/18311407.webp\" fetchpriority=\"auto\" \/><\/p>\n<p>            Elbilst\u00f8tten g\u00e5r til dem med best r\u00e5d<\/p>\n<p>    <\/a><\/p>\n","protected":false},"excerpt":{"rendered":"Saken oppsummert Regjeringen foreslo moms p\u00e5 elbiler over 300.000 kroner fra 1. januar og full moms fra 2027.&hellip;\n","protected":false},"author":2,"featured_media":102911,"comment_status":"","ping_status":"","sticky":false,"template":"","format":"standard","meta":{"footnotes":""},"categories":[56],"tags":[60,61,62,30,28,29],"class_list":{"0":"post-102910","1":"post","2":"type-post","3":"status-publish","4":"format-standard","5":"has-post-thumbnail","7":"category-naeringsliv","8":"tag-business","9":"tag-economy","10":"tag-naeringsliv","11":"tag-no","12":"tag-norge","13":"tag-norway"},"share_on_mastodon":{"url":"https:\/\/pubeurope.com\/@no\/115654435971174780","error":""},"_links":{"self":[{"href":"https:\/\/www.europesays.com\/no\/wp-json\/wp\/v2\/posts\/102910","targetHints":{"allow":["GET"]}}],"collection":[{"href":"https:\/\/www.europesays.com\/no\/wp-json\/wp\/v2\/posts"}],"about":[{"href":"https:\/\/www.europesays.com\/no\/wp-json\/wp\/v2\/types\/post"}],"author":[{"embeddable":true,"href":"https:\/\/www.europesays.com\/no\/wp-json\/wp\/v2\/users\/2"}],"replies":[{"embeddable":true,"href":"https:\/\/www.europesays.com\/no\/wp-json\/wp\/v2\/comments?post=102910"}],"version-history":[{"count":0,"href":"https:\/\/www.europesays.com\/no\/wp-json\/wp\/v2\/posts\/102910\/revisions"}],"wp:featuredmedia":[{"embeddable":true,"href":"https:\/\/www.europesays.com\/no\/wp-json\/wp\/v2\/media\/102911"}],"wp:attachment":[{"href":"https:\/\/www.europesays.com\/no\/wp-json\/wp\/v2\/media?parent=102910"}],"wp:term":[{"taxonomy":"category","embeddable":true,"href":"https:\/\/www.europesays.com\/no\/wp-json\/wp\/v2\/categories?post=102910"},{"taxonomy":"post_tag","embeddable":true,"href":"https:\/\/www.europesays.com\/no\/wp-json\/wp\/v2\/tags?post=102910"}],"curies":[{"name":"wp","href":"https:\/\/api.w.org\/{rel}","templated":true}]}}