{"id":102926,"date":"2025-12-03T07:37:50","date_gmt":"2025-12-03T07:37:50","guid":{"rendered":"https:\/\/www.europesays.com\/no\/102926\/"},"modified":"2025-12-03T07:37:50","modified_gmt":"2025-12-03T07:37:50","slug":"prisveksten-i-eurosonen-pa-22-prosent-i-november-e24","status":"publish","type":"post","link":"https:\/\/www.europesays.com\/no\/102926\/","title":{"rendered":"Prisveksten i eurosonen p\u00e5 2,2 prosent i november \u2013 E24"},"content":{"rendered":"<p class=\"fullWidthDesktop hyperion-css-71ztg2\" data-test-tag=\"lead-text\">Prisveksten steg et hakk, men kjerneinflasjonen holdt seg i ro.<\/p>\n<p><img decoding=\"async\" class=\"image-asset hyperion-css-u06ts1\" data-test-tag=\"image-asset\" src=\"https:\/\/www.europesays.com\/no\/wp-content\/uploads\/2025\/12\/71ea96cd-e6fd-4ac2-8432-cbe144d61bc0\"  alt=\"Folk bes\u00f8ker julemarkedet i tyske N\u00fcrnberg mot slutten av november.\"  loading=\"eager\" fetchpriority=\"high\" style=\"aspect-ratio:1900 \/ 1267\"\/>Folk bes\u00f8ker julemarkedet i tyske N\u00fcrnberg mot slutten av november. Foto: Michaela Stache \/ Reuters \/ NTBPublisert: <\/p>\n<p>For mindre enn 40 minutter siden<\/p>\n<p>Oppdatert for mindre enn 30 minutter siden<\/p>\n<ul class=\"hyperion-css-pte5x0\">\n<li aria-label=\"link\" class=\"narrow-button hyperion-css-1sz7d3n\">Kopier lenke<\/li>\n<li aria-label=\"link\" class=\"wide-button hyperion-css-1sz7d3n\">Kopier lenke<\/li>\n<li aria-label=\"facebook\" class=\"narrow-button hyperion-css-1sz7d3n\">Del p\u00e5 Facebook<\/li>\n<li aria-label=\"facebook\" class=\"wide-button hyperion-css-1sz7d3n\">Del p\u00e5 Facebook<\/li>\n<li aria-label=\"email\" class=\"narrow-button hyperion-css-1sz7d3n\">Del med e-post<\/li>\n<li aria-label=\"email\" class=\"wide-button hyperion-css-1sz7d3n\">Del med e-post<\/li>\n<\/ul>\n<p class=\"hyperion-css-1lemvax\">Prisveksten (KPI) i eurosonen l\u00e5 p\u00e5 2,2 prosent i november, m\u00e5lt mot samme m\u00e5ned for et \u00e5r siden. Det viser forel\u00f8pige tall fra Eurostat.<\/p>\n<p class=\"hyperion-css-1lemvax\">Kjerneinflasjon l\u00e5 p\u00e5 2,4 prosent. Den ser bort fra prisene p\u00e5 energivarer, mat, alkohol og tobakk.<\/p>\n<p class=\"hyperion-css-1lemvax\">P\u00e5 forh\u00e5nd ventet analytikerne at bildet skulle v\u00e6re likt som m\u00e5neden f\u00f8r. <a aria-label=\"I oktober\" class=\"default hyperion-css-1rezu2g\" href=\"https:\/\/ec.europa.eu\/eurostat\/en\/web\/products-euro-indicators\/w\/2-19112025-ap\" rel=\"noopener nofollow noreferrer\" data-test-tag=\"external-link\" target=\"_blank\">I oktober<\/a> l\u00e5 totalinflasjonen p\u00e5 2,1 prosent og kjerneinflasjonen p\u00e5 2,4 prosent.<\/p>\n<p><a data-test-tag=\"teaser-small:link-internal\" href=\"https:\/\/e24.no\/boers-og-finans\/i\/7pnMn8\/dette-er-forvalterens-sverige-favoritter\" class=\"imagePosition-top inline hyperion-css-6238vu\" rel=\"nofollow noopener\" target=\"\" aria-label=\"Dette er forvalterens Sverige-favoritter \"><\/p>\n<p>Les p\u00e5 E24+<\/p>\n<p>Dette er forvalterens Sverige-favoritter <\/p>\n<p><\/a><\/p>\n<p class=\"hyperion-css-1lemvax\">Som tidligere er prisene p\u00e5 tjenester med p\u00e5 \u00e5 trekke oppover. Tjenesteinflasjonen l\u00e5 p\u00e5 3,5 prosent i november, if\u00f8lge de forel\u00f8pige tallene.<\/p>\n<p class=\"hyperion-css-1lemvax\">Prisene p\u00e5 mat, alkohol og tobakk steg med 2,5 prosent. Energiprisene er p\u00e5 sin side med p\u00e5 \u00e5 trekke prisveksten ned p\u00e5 \u00e5rsbasis, med et fall p\u00e5 0,5 prosent sammenlignet med i fjor.<\/p>\n<p>\u00abSv\u00e6rt komfortable\u00bb med renteniv\u00e5et<\/p>\n<p class=\"hyperion-css-1lemvax\">Den europeiske sentralbanken (ESB) satte renten mye ned p\u00e5 et \u00e5r, fra sommeren 2024 til sommeren 2025. Det forel\u00f8pig <a data-test-tag=\"internal-link\" href=\"https:\/\/e24.no\/internasjonal-oekonomi\/i\/B0Pqpv\/den-europeiske-sentralbanken-kutter-renten-med-025-prosentpoeng\" class=\"hyperion-css-1rezu2g\" rel=\"nofollow noopener\" target=\"\" aria-label=\"siste kuttet kom i juni\">siste kuttet kom i juni<\/a>, og tok renten ned til to prosent.<\/p>\n<p class=\"hyperion-css-1lemvax\">Lavere prisvekst er en viktig \u00e5rsak bak rentekuttene. Arbeidsmarkedet og den \u00f8konomiske veksten er andre sentrale faktorer for sentralbanken.<\/p>\n<p class=\"hyperion-css-1lemvax\">I <a data-test-tag=\"internal-link\" href=\"https:\/\/e24.no\/internasjonal-oekonomi\/i\/jQ85zq\/den-europeiske-sentralbanken-holder-renten-uendret\" class=\"hyperion-css-1rezu2g\" rel=\"nofollow noopener\" target=\"\" aria-label=\"forrige rentebeslutning\">forrige rentebeslutning<\/a> i slutten av oktober p\u00e5pekte ESB at prisveksten fortsatt var n\u00e6rt m\u00e5let om to prosent inflasjon, at arbeidsmarkedet var robust og at \u00f8konomien har fortsatt \u00e5 vokse tross en utfordrende situasjon globalt.<\/p>\n<p class=\"hyperion-css-1lemvax\">\u2013 Det vil nok kreve en ganske stor overraskelse p\u00e5 oppsiden om tallet skal gi endringer i forventningene til ESB, som virker \u00e5 v\u00e6re sv\u00e6rt komfortable med niv\u00e5et p\u00e5 styringsrenten i \u00f8yeblikket, skrev senior\u00f8konom Oddmund Berg i DNB Carnegies morgenrapport i forkant av inflasjonstallene.<\/p>\n<p>Stabil arbeidsledighet<\/p>\n<p class=\"hyperion-css-1lemvax\">Samtidig med inflasjonstallene kom det statistikk for arbeidsledigheten i oktober.<\/p>\n<p class=\"hyperion-css-1lemvax\">Den var p\u00e5 6,4 prosent. Det er det samme som reviderte tall viser at den var i september.<\/p>\n<p class=\"hyperion-css-1lemvax\">Arbeidsledigheten falt jevnt og trutt i eurosonen etter coronapandemien, og har stabilisert seg rundt dagens niv\u00e5er i mer enn et \u00e5r.<\/p>\n","protected":false},"excerpt":{"rendered":"Prisveksten steg et hakk, men kjerneinflasjonen holdt seg i ro. Folk bes\u00f8ker julemarkedet i tyske N\u00fcrnberg mot slutten&hellip;\n","protected":false},"author":2,"featured_media":102927,"comment_status":"","ping_status":"","sticky":false,"template":"","format":"standard","meta":{"footnotes":""},"categories":[56],"tags":[60,61,62,30,28,29],"class_list":{"0":"post-102926","1":"post","2":"type-post","3":"status-publish","4":"format-standard","5":"has-post-thumbnail","7":"category-naeringsliv","8":"tag-business","9":"tag-economy","10":"tag-naeringsliv","11":"tag-no","12":"tag-norge","13":"tag-norway"},"share_on_mastodon":{"url":"https:\/\/pubeurope.com\/@no\/115654499023674618","error":""},"_links":{"self":[{"href":"https:\/\/www.europesays.com\/no\/wp-json\/wp\/v2\/posts\/102926","targetHints":{"allow":["GET"]}}],"collection":[{"href":"https:\/\/www.europesays.com\/no\/wp-json\/wp\/v2\/posts"}],"about":[{"href":"https:\/\/www.europesays.com\/no\/wp-json\/wp\/v2\/types\/post"}],"author":[{"embeddable":true,"href":"https:\/\/www.europesays.com\/no\/wp-json\/wp\/v2\/users\/2"}],"replies":[{"embeddable":true,"href":"https:\/\/www.europesays.com\/no\/wp-json\/wp\/v2\/comments?post=102926"}],"version-history":[{"count":0,"href":"https:\/\/www.europesays.com\/no\/wp-json\/wp\/v2\/posts\/102926\/revisions"}],"wp:featuredmedia":[{"embeddable":true,"href":"https:\/\/www.europesays.com\/no\/wp-json\/wp\/v2\/media\/102927"}],"wp:attachment":[{"href":"https:\/\/www.europesays.com\/no\/wp-json\/wp\/v2\/media?parent=102926"}],"wp:term":[{"taxonomy":"category","embeddable":true,"href":"https:\/\/www.europesays.com\/no\/wp-json\/wp\/v2\/categories?post=102926"},{"taxonomy":"post_tag","embeddable":true,"href":"https:\/\/www.europesays.com\/no\/wp-json\/wp\/v2\/tags?post=102926"}],"curies":[{"name":"wp","href":"https:\/\/api.w.org\/{rel}","templated":true}]}}