{"id":102932,"date":"2025-12-03T07:44:20","date_gmt":"2025-12-03T07:44:20","guid":{"rendered":"https:\/\/www.europesays.com\/no\/102932\/"},"modified":"2025-12-03T07:44:20","modified_gmt":"2025-12-03T07:44:20","slug":"disse-bilmerkene-har-flest-skader","status":"publish","type":"post","link":"https:\/\/www.europesays.com\/no\/102932\/","title":{"rendered":"Disse bilmerkene har flest skader"},"content":{"rendered":"<p>        Saken oppsummert<\/p>\n<ul lang=\"nb-NO\">\n<li>Over \u00e9n million bilskader skjer \u00e5rlig i Norge, med Jaguar som merket med h\u00f8yest skadefrekvens.<\/li>\n<li>Elbiler, som Tesla og MG, har h\u00f8yere skadefrekvens enn fossile biler, delvis p\u00e5 grunn av kraftig akselerasjon.<\/li>\n<li>Store skjermer og uvant bruk kan distrahere sj\u00e5f\u00f8rer, mens st\u00f8rre og tyngre elbiler \u00f8ker risikoen for skader.<\/li>\n<li>Det er en generell \u00f8kning i skadefrekvensen for elbiler, spesielt i premiumsegmentet, med flere p\u00e5kj\u00f8rsler bakfra.<\/li>\n<\/ul>\n<p class=\"italic ai-disclaimer\" data-lab-italic=\"italic\">Oppsummeringen er laget med kunstig intelligens (KI) fra OpenAI. Innholdet er kvalitetssikret av TV 2s journalister. <a target=\"_blank\" href=\"https:\/\/hjelp.tv2.no\/info\/artikkel\/slik-jobber-vi-med-ki-i-tv-2\" title=\"Les om hvordan vi jobber med KI\" rel=\"nofollow noopener\">Les om hvordan vi jobber med KI<\/a><\/p>\n<p>\u00c5rlig skjer det over \u00e9n million bilskader i Norge. Her snakker vi alt fra mindre og kosmetiske skader \u2013 til skader som er s\u00e5 omfattende at bilene m\u00e5 vrakes.<\/p>\n<p>Men visste du at det ogs\u00e5 er forskjeller mellom hvilke merker som er mest og minst innblandet i uhell og ulykker ute i trafikken?\u00a0 Forsikringsselskapet Storebrand har utarbeidet statistikk basert p\u00e5 bilene som er forsikret hos dem. Og her er det noen klare tendenser.\u00a0<\/p>\n<p>Fra nisje til storsalg\u00a0<\/p>\n<p>\u2013 Vi m\u00e5ler gjerne skadefrekvens l\u00f8pende, alts\u00e5 siste hele \u00e5r. Fra<br \/>\ntopp til bunn er det store forskjeller. De to \u00f8verste har i snitt nesten \u00e9n skade<br \/>\ni \u00e5ret, mens de seks nederste har halvparten s\u00e5 mange &#8211; alts\u00e5 mindre en 0,5<br \/>\nskader i snitt i \u00e5ret, forteller Petter Berg som er\u00a0skadesjef p\u00e5 motor i Storebrand. <\/p>\n<p>        <img class=\"image__img lazyload\" itemprop=\"image\" title=\"Foto: Kristian S. Moen\" alt=\"SKADER: Petter Berg er skadesjef p\u00e5 motor i Storebrand. Foto: Kristian S. Moen\" width=\"338\" height=\"190\" bad-src=\"https:\/\/www.europesays.com\/no\/wp-content\/uploads\/2025\/12\/18340535.webp\" fetchpriority=\"auto\" \/><\/p>\n<p>      SKADER: Petter Berg er skadesjef p\u00e5 motor i Storebrand.<br \/>\n         Foto: Kristian S. Moen<\/p>\n<p>Ser vi p\u00e5 tallene siden 2023, er det sv\u00e6rt h\u00f8y elbilandel i toppen. \u00d8verst finner vi et merke som fikk en historisk salgs\u00f8kning da de kom med elbil tilbake i 2018. Da gikk Jaguar fra \u00e5 v\u00e6re et av de minste nisjemerkene i Norge, til \u00e5 plutselig ha en storselger.\u00a0<\/p>\n<p><a href=\"https:\/\/www.tv2.no\/broom\/kvinner-i-tesla-og-menn-i-skoda-er-verstingene-i-trafikken\/14574254\/\" rel=\"nofollow noopener\" target=\"_blank\">Kvinner i Tesla og menn i Skoda er verstinger i trafikken<\/a><\/p>\n<p>        <img class=\"image__img lazyload\" itemprop=\"image\" title=\"Foto: Broom.\" alt=\"OPPTUR: Elektriske I-Pace ga Jaguar en historisk opptur i det norske markedet og hentet sv\u00e6rt mange nye kunder til merket. Foto: Broom.\" width=\"978\" height=\"551\" bad-src=\"https:\/\/www.europesays.com\/no\/wp-content\/uploads\/2025\/12\/15485986.webp\" fetchpriority=\"auto\" \/><\/p>\n<p>      OPPTUR: Elektriske I-Pace ga Jaguar en historisk opptur i det norske markedet og hentet sv\u00e6rt mange nye kunder til merket.<br \/>\n         Foto: Broom.<\/p>\n<p>Biltyv-favoritt<\/p>\n<p>N\u00e5 er alts\u00e5 Jaguar merket med h\u00f8yest skadefrekvens hos Storebrand. Berg forteller at det har flere \u00e5rsaker:\u00a0<\/p>\n<p>\u2013 I tillegg til klassiske<br \/>\nkollisjoner og p\u00e5kj\u00f8rsler av b\u00e5de gjenstander som st\u00e5r i ro og bakfra, er<br \/>\nJaguar er et yndet objekt for biltyver.<br \/>\nVi registrerer relativt mange saker b\u00e5de med tyveri og skader i forbindelse med<br \/>\ndette, sier han.<\/p>\n<p>Tesla og MG f\u00f8lger p\u00e5 plassene etter. Ogs\u00e5 her snakker vi elbil.\u00a0<\/p>\n<p>\u2013\u00a0\u00a0V\u00e5re egne tall viser at elbiler har<br \/>\nh\u00f8yere\u00a0skadefrekvens\u00a0enn de fleste fossile biler. V\u00e5r antakelse er at \u00e9n av de viktigste<br \/>\n\u00e5rsaken til dette er kraftig akselerasjon. Store skjermer er ogs\u00e5 et tema, og<br \/>\nuvant bruk i forhold til tradisjonelle knapper kan dra oppmerksomheten bort fra<br \/>\ntrafikkbildet.\u00a0Mange elbiler er ofte st\u00f8rre og tyngre. Det gir \u00f8kt risiko for<br \/>\nskader p\u00e5 parkeringsplasser, og \u00f8kt risiko for p\u00e5kj\u00f8rsel\u00a0bakfra n\u00e5r v\u00e6r og<br \/>\nf\u00f8re er ekstra krevende, sier Berg.\u00a0<\/p>\n<p> <a href=\"https:\/\/www.tv2.no\/a\/14563038\/\" rel=\"nofollow noopener\" target=\"_blank\">Samme merke \u2013 men de med elbil r\u00e5kj\u00f8rer mye mindre<\/a> <\/p>\n<p>        <img class=\"image__img lazyload\" itemprop=\"image\" title=\"Foto: MG.\" alt=\"ELBILER: MG gjorde comeback i Norge i 2020 og har med et lite unntak kun solgt elbiler her hjemme. De er godt over gjennomsnittet involvert p\u00e5 skadefronten. Foto: MG.\" width=\"978\" height=\"551\" bad-src=\"https:\/\/www.europesays.com\/no\/wp-content\/uploads\/2025\/12\/18340548.webp\" fetchpriority=\"auto\" \/><\/p>\n<p>      ELBILER: MG gjorde comeback i Norge i 2020 og har med et lite unntak kun solgt elbiler her hjemme. De er godt over gjennomsnittet involvert p\u00e5 skadefronten.<br \/>\n         Foto: MG.<\/p>\n<p>Fra fossil- til elbil\u00a0<\/p>\n<p>\u2013 Er det noen historiske tendenser her?<\/p>\n<p>\u2013 Vi har over flere \u00e5r sett en generell\u00a0\u00f8kning i<br \/>\nskadefrekvensen, fra da de f\u00f8rste Teslaene kom p\u00e5 markedet, og senere s\u00e5 vi ogs\u00e5 en<br \/>\nbetydelig \u00f8kning i 2022 og 2023. If\u00f8lge tall\u00a0fra Finans\u00a0Norge\u00a0 har<br \/>\nelbiler generelt h\u00f8yere skadefrekvens enn fossilbiler.\u00a0<\/p>\n<p>        Bilene med hyppigst skadefrekvens siden 2023 (kilde: Storebrand)<\/p>\n<tr class=\"[object Object]\">\n<td class=\"[object Object]\">\n                                    1\n                                <\/td>\n<td class=\"[object Object]\">\n                                    Jaguar\n                                <\/td>\n<td class=\"[object Object]\">\n<\/td>\n<\/tr>\n<tr class=\"[object Object]\">\n<td class=\"[object Object]\">\n                                    2\n                                <\/td>\n<td class=\"[object Object]\">\n                                    Tesla\n                                <\/td>\n<td class=\"[object Object]\">\n<\/td>\n<\/tr>\n<tr class=\"[object Object]\">\n<td class=\"[object Object]\">\n                                    3\n                                <\/td>\n<td class=\"[object Object]\">\n                                    MG\n                                <\/td>\n<td class=\"[object Object]\">\n<\/td>\n<\/tr>\n<tr class=\"[object Object]\">\n<td class=\"[object Object]\">\n                                    4\n                                <\/td>\n<td class=\"[object Object]\">\n                                    Audi\n                                <\/td>\n<td class=\"[object Object]\">\n<\/td>\n<\/tr>\n<tr class=\"[object Object]\">\n<td class=\"[object Object]\">\n                                    5\n                                <\/td>\n<td class=\"[object Object]\">\n                                    BMW\n                                <\/td>\n<td class=\"[object Object]\">\n<\/td>\n<\/tr>\n<tr class=\"[object Object]\">\n<td class=\"[object Object]\">\n                                    6\n                                <\/td>\n<td class=\"[object Object]\">\n                                    Porsche\n                                <\/td>\n<td class=\"[object Object]\">\n<\/td>\n<\/tr>\n<tr class=\"[object Object]\">\n<td class=\"[object Object]\">\n                                    7\n                                <\/td>\n<td class=\"[object Object]\">\n                                    Hyundai\n                                <\/td>\n<td class=\"[object Object]\">\n<\/td>\n<\/tr>\n<tr class=\"[object Object]\">\n<td class=\"[object Object]\">\n                                    8\n                                <\/td>\n<td class=\"[object Object]\">\n                                    Lexus\n                                <\/td>\n<td class=\"[object Object]\">\n<\/td>\n<\/tr>\n<tr class=\"[object Object]\">\n<td class=\"[object Object]\">\n                                    9\n                                <\/td>\n<td class=\"[object Object]\">\n                                    Mercedes\n                                <\/td>\n<td class=\"[object Object]\">\n<\/td>\n<\/tr>\n<tr class=\"[object Object]\">\n<td class=\"[object Object]\">\n                                    10\n                                <\/td>\n<td class=\"[object Object]\">\n                                    Kia\n                                <\/td>\n<td class=\"[object Object]\">\n<\/td>\n<\/tr>\n<p>\u2013 Noen spesielle skader som skiller seg ut?<\/p>\n<p>\u2013 V\u00e5r erfaring er at med flere elbiler p\u00e5 veiene, s\u00e6rlig i premiumsegmentet, ble det en \u00f8kning i p\u00e5kj\u00f8rsler bakfra. Det kan ha\u00a0sammenheng b\u00e5de<br \/>\nkraftigere akselerasjon enn det mange var vant med fra f\u00f8r, og at\u00a0mange<br \/>\nelbiler veier mer, som i noen sammenhenger kan gi lengre bremselengde.\u00a0<\/p>\n<p>\u2013 Vi r\u00e5der alle som bytter bil, og kanskje s\u00e6rlig de som g\u00e5r fra<br \/>\nfossil til elbil, til \u00e5 sette seg godt inn i sikkerhetssystemene. De b\u00f8r bli kjent med<br \/>\nakselerasjonen og ikke minst hvordan bilen oppf\u00f8rer seg p\u00e5 vinterf\u00f8re, sier Petter Berg.\u00a0<\/p>\n<p><a href=\"https:\/\/www.tv2.no\/broom\/topp-10-disse-bilene-har-mest-motortrobbel\/8916777\/\" rel=\"nofollow noopener\" target=\"_blank\">Topp 10: Merkene med mest motortr\u00f8bbel<\/a><\/p>\n<p class=\"bold m-bold\" data-lab-font_weight=\"bold\">Fort gjort \u2013 men ogs\u00e5 mulig \u00e5 unng\u00e5. Les mer i artikkelen under:<\/p>\n<p>    <a class=\"article__link\" data-ga-active-label=\"\" data-ga-active-label-animation=\"\" href=\"https:\/\/www.tv2.no\/broom\/den-storste-tabben-mange-gjor-na\/18320052\/\" rel=\"nofollow noopener\" target=\"_blank\"><\/p>\n<p>    <img class=\"image__img lazyload\" itemprop=\"image\" title=\"\" alt=\"\" width=\"978\" height=\"411\" bad-src=\"https:\/\/www.europesays.com\/no\/wp-content\/uploads\/2025\/12\/18320095.webp\" fetchpriority=\"auto\" \/><\/p>\n<p>            Den st\u00f8rste tabben mange gj\u00f8r n\u00e5<\/p>\n<p>    <\/a><\/p>\n","protected":false},"excerpt":{"rendered":"Saken oppsummert Over \u00e9n million bilskader skjer \u00e5rlig i Norge, med Jaguar som merket med h\u00f8yest skadefrekvens. Elbiler,&hellip;\n","protected":false},"author":2,"featured_media":102933,"comment_status":"","ping_status":"","sticky":false,"template":"","format":"standard","meta":{"footnotes":""},"categories":[56],"tags":[60,61,62,30,28,29],"class_list":{"0":"post-102932","1":"post","2":"type-post","3":"status-publish","4":"format-standard","5":"has-post-thumbnail","7":"category-naeringsliv","8":"tag-business","9":"tag-economy","10":"tag-naeringsliv","11":"tag-no","12":"tag-norge","13":"tag-norway"},"share_on_mastodon":{"url":"https:\/\/pubeurope.com\/@no\/115654522485314039","error":""},"_links":{"self":[{"href":"https:\/\/www.europesays.com\/no\/wp-json\/wp\/v2\/posts\/102932","targetHints":{"allow":["GET"]}}],"collection":[{"href":"https:\/\/www.europesays.com\/no\/wp-json\/wp\/v2\/posts"}],"about":[{"href":"https:\/\/www.europesays.com\/no\/wp-json\/wp\/v2\/types\/post"}],"author":[{"embeddable":true,"href":"https:\/\/www.europesays.com\/no\/wp-json\/wp\/v2\/users\/2"}],"replies":[{"embeddable":true,"href":"https:\/\/www.europesays.com\/no\/wp-json\/wp\/v2\/comments?post=102932"}],"version-history":[{"count":0,"href":"https:\/\/www.europesays.com\/no\/wp-json\/wp\/v2\/posts\/102932\/revisions"}],"wp:featuredmedia":[{"embeddable":true,"href":"https:\/\/www.europesays.com\/no\/wp-json\/wp\/v2\/media\/102933"}],"wp:attachment":[{"href":"https:\/\/www.europesays.com\/no\/wp-json\/wp\/v2\/media?parent=102932"}],"wp:term":[{"taxonomy":"category","embeddable":true,"href":"https:\/\/www.europesays.com\/no\/wp-json\/wp\/v2\/categories?post=102932"},{"taxonomy":"post_tag","embeddable":true,"href":"https:\/\/www.europesays.com\/no\/wp-json\/wp\/v2\/tags?post=102932"}],"curies":[{"name":"wp","href":"https:\/\/api.w.org\/{rel}","templated":true}]}}