{"id":102947,"date":"2025-12-03T08:08:20","date_gmt":"2025-12-03T08:08:20","guid":{"rendered":"https:\/\/www.europesays.com\/no\/102947\/"},"modified":"2025-12-03T08:08:20","modified_gmt":"2025-12-03T08:08:20","slug":"gode-lonnsnyheter-for-2026-lonna-di-kan-oke-mer-enn-du-tror","status":"publish","type":"post","link":"https:\/\/www.europesays.com\/no\/102947\/","title":{"rendered":"Gode l\u00f8nnsnyheter for 2026: L\u00f8nna di kan \u00f8ke mer enn du tror"},"content":{"rendered":"<p>N\u00e5 kommer l\u00f8nnshoppet \u2013 dette kan du f\u00e5 i 2026.<\/p>\n<p>\t\t\tAkkurat n\u00e5 leser andre<\/p>\n<p>\t\t\t\t\t<a :href=\"https:\/\/www.dagens.no\/forbruker\/post.link\"><br \/>\n\t\t\t\t\t\t<img class=\"my-0 aspect-square h-full max-h-16 w-auto rounded object-cover hidden sm:block\" :src=\"https:\/\/www.dagens.no\/forbruker\/post.featured_media_url\" alt=\"\"\/><br \/>\n\t\t\t\t\t<\/a><\/p>\n<p>\t\t\t\t\t\t<a class=\"text-body-text group-hover:text-body-accent font-normal\" :href=\"https:\/\/www.dagens.no\/forbruker\/post.link\" x-html=\"post.title\"\/><\/p>\n<p>Utsiktene for l\u00f8nna di i 2026 ser stadig bedre ut. <\/p>\n<p>Nye tall fra Norges Banks forventningsunders\u00f8kelse viser at b\u00e5de arbeidstakere og arbeidsgivere har skrudd opp anslagene sine for l\u00f8nnsveksten neste \u00e5r. Det tyder p\u00e5 at l\u00f8nna kan \u00f8ke mer enn man tidligere trodde.<\/p>\n<p>Unders\u00f8kelsen, som sentralbanken gjennomf\u00f8rer hvert kvartal blant \u00f8konomieksperter, n\u00e6ringslivsledere og partene i arbeidslivet, ble lagt fram 20. november.<\/p>\n<p>Dersom forventningene sl\u00e5r til, ligger det an til en reall\u00f8nnsvekst p\u00e5 1,3 prosent i 2026. Det er omtrent p\u00e5 samme niv\u00e5 som man ogs\u00e5 tror blir resultatet i 2025. Det skriver Fri Fagbevegelse. <\/p>\n<p><strong>Det er reall\u00f8nna som avgj\u00f8r om du faktisk f\u00e5r bedre \u00f8konomi<\/strong><\/p>\n<p>N\u00e5r l\u00f8nnsoppgj\u00f8ret er ferdig og l\u00f8nna er justert, er det nemlig ikke bare den nominelle l\u00f8nns\u00f8kningen som teller. <\/p>\n<p>\t\t\tLes ogs\u00e5<\/p>\n<p>\t\t\t\t\t<a :href=\"https:\/\/www.dagens.no\/forbruker\/post.link\"><br \/>\n\t\t\t\t\t\t<img class=\"my-0 aspect-square h-full max-h-16 w-auto rounded object-cover hidden sm:block\" :src=\"https:\/\/www.dagens.no\/forbruker\/post.featured_media_url\" alt=\"\"\/><br \/>\n\t\t\t\t\t<\/a><\/p>\n<p>\t\t\t\t\t\t<a class=\"text-body-text group-hover:text-body-accent font-normal\" :href=\"https:\/\/www.dagens.no\/forbruker\/post.link\" x-html=\"post.title\"\/><\/p>\n<p>Prisveksten spiser opp en del av l\u00f8nnshoppet, og reall\u00f8nna viser hvor mye du sitter igjen med til vanlig forbruk.<\/p>\n<p>Arbeidstakerne er mest optimistiske i vurderingene sine. If\u00f8lge unders\u00f8kelsen venter de:<\/p>\n<ul class=\"wp-block-list\">\n<li>at arbeidstakerorganisasjonene ser for seg en reall\u00f8nnsvekst p\u00e5 1,3 prosent, som er 0,3 prosentpoeng h\u00f8yere enn i forrige kvartal<\/li>\n<li>at arbeidsgiverorganisasjonene ansl\u00e5r en reall\u00f8nnsvekst p\u00e5 1,1 prosent, en oppjustering p\u00e5 0,2 prosentpoeng<\/li>\n<\/ul>\n<p><strong>Samtidig ventes inflasjonen \u00e5 falle gradvis videre<\/strong><\/p>\n<p>Deltakerne i unders\u00f8kelsen tror prisveksten n\u00e6rmer seg Norges Banks m\u00e5l over tid. \u00d8konomiekspertene forventer:<\/p>\n<ul class=\"wp-block-list\">\n<li>en prisstigning p\u00e5 2,8 prosent om tolv m\u00e5neder<\/li>\n<li>en \u00e5rlig prisvekst p\u00e5 2,6 prosent om to \u00e5r<\/li>\n<\/ul>\n<p>Dette peker mot en langsom normalisering av \u00f8konomien. N\u00e5r prisveksten roer seg samtidig som l\u00f8nnsveksten holder seg sterk, kan det ogs\u00e5 bidra til at boligl\u00e5nsrenta etter hvert settes mer ned.<\/p>\n<p><strong>Norges Bank styrer pengepolitikken mot et inflasjonsm\u00e5l p\u00e5 2 prosent<\/strong> <\/p>\n<p>N\u00e5r prisveksten ligger over det niv\u00e5et, reagerer sentralbanken vanligvis med \u00e5 \u00f8ke styringsrenta for \u00e5 f\u00e5 inflasjonen ned. <\/p>\n<p>\t\t\tLes ogs\u00e5<\/p>\n<p>\t\t\t\t\t<a :href=\"https:\/\/www.dagens.no\/forbruker\/post.link\"><br \/>\n\t\t\t\t\t\t<img class=\"my-0 aspect-square h-full max-h-16 w-auto rounded object-cover hidden sm:block\" :src=\"https:\/\/www.dagens.no\/forbruker\/post.featured_media_url\" alt=\"\"\/><br \/>\n\t\t\t\t\t<\/a><\/p>\n<p>\t\t\t\t\t\t<a class=\"text-body-text group-hover:text-body-accent font-normal\" :href=\"https:\/\/www.dagens.no\/forbruker\/post.link\" x-html=\"post.title\"\/><\/p>\n<p>Det er nettopp det som har skjedd de siste \u00e5rene, etter at renteoppgangen startet h\u00f8sten 2021. Derfor ligger renten i dag fortsatt h\u00f8yere enn det som regnes som normalt.<\/p>\n<p>I perioder der \u00f8konomien har v\u00e6rt under sterkt press \u2013 som under finanskrisen i 2008, oljeprisfallet i 2014 og nedstengningen i 2020 \u2013 har Norges Bank derimot brukt motsatt virkemiddel. Da ble rentene satt kraftig ned for \u00e5 hindre at aktiviteten i \u00f8konomien stoppet opp.<\/p>\n","protected":false},"excerpt":{"rendered":"N\u00e5 kommer l\u00f8nnshoppet \u2013 dette kan du f\u00e5 i 2026. Akkurat n\u00e5 leser andre Utsiktene for l\u00f8nna di&hellip;\n","protected":false},"author":2,"featured_media":102948,"comment_status":"","ping_status":"","sticky":false,"template":"","format":"standard","meta":{"footnotes":""},"categories":[56],"tags":[60,61,62,30,28,29],"class_list":{"0":"post-102947","1":"post","2":"type-post","3":"status-publish","4":"format-standard","5":"has-post-thumbnail","7":"category-naeringsliv","8":"tag-business","9":"tag-economy","10":"tag-naeringsliv","11":"tag-no","12":"tag-norge","13":"tag-norway"},"share_on_mastodon":{"url":"https:\/\/pubeurope.com\/@no\/115654616864947537","error":""},"_links":{"self":[{"href":"https:\/\/www.europesays.com\/no\/wp-json\/wp\/v2\/posts\/102947","targetHints":{"allow":["GET"]}}],"collection":[{"href":"https:\/\/www.europesays.com\/no\/wp-json\/wp\/v2\/posts"}],"about":[{"href":"https:\/\/www.europesays.com\/no\/wp-json\/wp\/v2\/types\/post"}],"author":[{"embeddable":true,"href":"https:\/\/www.europesays.com\/no\/wp-json\/wp\/v2\/users\/2"}],"replies":[{"embeddable":true,"href":"https:\/\/www.europesays.com\/no\/wp-json\/wp\/v2\/comments?post=102947"}],"version-history":[{"count":0,"href":"https:\/\/www.europesays.com\/no\/wp-json\/wp\/v2\/posts\/102947\/revisions"}],"wp:featuredmedia":[{"embeddable":true,"href":"https:\/\/www.europesays.com\/no\/wp-json\/wp\/v2\/media\/102948"}],"wp:attachment":[{"href":"https:\/\/www.europesays.com\/no\/wp-json\/wp\/v2\/media?parent=102947"}],"wp:term":[{"taxonomy":"category","embeddable":true,"href":"https:\/\/www.europesays.com\/no\/wp-json\/wp\/v2\/categories?post=102947"},{"taxonomy":"post_tag","embeddable":true,"href":"https:\/\/www.europesays.com\/no\/wp-json\/wp\/v2\/tags?post=102947"}],"curies":[{"name":"wp","href":"https:\/\/api.w.org\/{rel}","templated":true}]}}