{"id":102951,"date":"2025-12-03T08:11:09","date_gmt":"2025-12-03T08:11:09","guid":{"rendered":"https:\/\/www.europesays.com\/no\/102951\/"},"modified":"2025-12-03T08:11:09","modified_gmt":"2025-12-03T08:11:09","slug":"avslutter-aktivt-sok-etter-savnet-kvinne-i-telemark","status":"publish","type":"post","link":"https:\/\/www.europesays.com\/no\/102951\/","title":{"rendered":"Avslutter aktivt s\u00f8k etter savnet kvinne i Telemark"},"content":{"rendered":"<p class=\"extendedContent hyperion-css-eyn926\" data-test-tag=\"lead-text\">En kvinne i 40-\u00e5rene er savnet etter at hun ikke kom tilbake fra en treningstur i Tokke i Telemark l\u00f8rdag. N\u00e5 er s\u00f8ket besluttet lagt ned. <\/p>\n<p><img decoding=\"async\" class=\"image-asset hyperion-css-u06ts1\" data-test-tag=\"image-asset\" src=\"https:\/\/www.europesays.com\/no\/wp-content\/uploads\/2025\/12\/4d0129bd-b92b-4156-9abb-b5a1c8f744d8\"  alt=\"Mannskaper fra R\u00f8de Kors i arbeid i omr\u00e5det tirsdag. \"  loading=\"eager\" fetchpriority=\"high\" style=\"aspect-ratio:1536 \/ 1152\"\/>Mannskaper fra R\u00f8de Kors i arbeid i omr\u00e5det tirsdag. Foto: Telemark R\u00f8de Kors hjelpekorps \/ Handout \/ NTB<\/p>\n<p class=\"paywall hyperion-css-1j42uic\">S\u00f8ndag ble en leteaksjon etter kvinnen som er savnet i Tokke i Telemark iverksatt.<\/p>\n<p class=\"paywall hyperion-css-1j42uic\">Hun var sist observert da hun dro hjemmefra klokken 10.20 l\u00f8rdag for \u00e5 trene. Bilen hennes ble senere funnet p\u00e5 en parkeringsplass i n\u00e6rheten av Ravnejuv, et merket turomr\u00e5de i regionen.<\/p>\n<p class=\"paywall hyperion-css-1j42uic\">Store mannskaper har <a data-test-tag=\"internal-link\" href=\"https:\/\/www.aftenposten.no\/norge\/i\/6qwGAr\/savnet-etter-treningstur-i-telemark-soeksomraadet-beskrives-som-krevende\" class=\"hyperion-css-1raymq9\" rel=\"nofollow noopener\" target=\"\" aria-label=\"i flere d\u00f8gn lett\" theme=\"breaking-short\">i flere d\u00f8gn lett<\/a> p\u00e5 skift etter kvinnen, uten hell. <\/p>\n<p class=\"paywall hyperion-css-1j42uic\">\u2013 Den operative delen av s\u00f8k og redning er n\u00e5 besluttet lagt ned. P\u00e5r\u00f8rende er varslet om dette. Samtlige ressurser har n\u00e5 avsluttet p\u00e5 stedet. Videre s\u00f8k etter savnet person vil n\u00e5 g\u00e5 i etterforskningssporet. Politiet \u00f8nsker \u00e5 rette en takk til alle frivillige som har bidratt i s\u00f8ket, meldte S\u00f8r-\u00d8st politidistrikt natt til onsdag. <\/p>\n<p class=\"paywall hyperion-css-1j42uic\">Operasjonsleder i politidistriktet, Jan Tore Gregersen, bekrefter overfor Aftenposten utviklingen i saken. <\/p>\n<p class=\"paywall hyperion-css-1j42uic\">\u2013 Det er besluttet at aktivt s\u00f8k er avsluttet, sier han onsdag morgen.  <\/p>\n","protected":false},"excerpt":{"rendered":"En kvinne i 40-\u00e5rene er savnet etter at hun ikke kom tilbake fra en treningstur i Tokke i&hellip;\n","protected":false},"author":2,"featured_media":102952,"comment_status":"","ping_status":"","sticky":false,"template":"","format":"standard","meta":{"footnotes":""},"categories":[5],"tags":[20,21,24,25,15,19,22,23,17,18,13,30,28,29,14,16,26,27],"class_list":{"0":"post-102951","1":"post","2":"type-post","3":"status-publish","4":"format-standard","5":"has-post-thumbnail","7":"category-overskrifter","8":"tag-breaking-news","9":"tag-breakingnews","10":"tag-featured-news","11":"tag-featurednews","12":"tag-headlines","13":"tag-hovedoppslag","14":"tag-latest-news","15":"tag-latestnews","16":"tag-main-news","17":"tag-mainnews","18":"tag-news","19":"tag-no","20":"tag-norge","21":"tag-norway","22":"tag-nyheter","23":"tag-overskrifter","24":"tag-top-stories","25":"tag-topstories"},"share_on_mastodon":{"url":"https:\/\/pubeurope.com\/@no\/115654628905386327","error":""},"_links":{"self":[{"href":"https:\/\/www.europesays.com\/no\/wp-json\/wp\/v2\/posts\/102951","targetHints":{"allow":["GET"]}}],"collection":[{"href":"https:\/\/www.europesays.com\/no\/wp-json\/wp\/v2\/posts"}],"about":[{"href":"https:\/\/www.europesays.com\/no\/wp-json\/wp\/v2\/types\/post"}],"author":[{"embeddable":true,"href":"https:\/\/www.europesays.com\/no\/wp-json\/wp\/v2\/users\/2"}],"replies":[{"embeddable":true,"href":"https:\/\/www.europesays.com\/no\/wp-json\/wp\/v2\/comments?post=102951"}],"version-history":[{"count":0,"href":"https:\/\/www.europesays.com\/no\/wp-json\/wp\/v2\/posts\/102951\/revisions"}],"wp:featuredmedia":[{"embeddable":true,"href":"https:\/\/www.europesays.com\/no\/wp-json\/wp\/v2\/media\/102952"}],"wp:attachment":[{"href":"https:\/\/www.europesays.com\/no\/wp-json\/wp\/v2\/media?parent=102951"}],"wp:term":[{"taxonomy":"category","embeddable":true,"href":"https:\/\/www.europesays.com\/no\/wp-json\/wp\/v2\/categories?post=102951"},{"taxonomy":"post_tag","embeddable":true,"href":"https:\/\/www.europesays.com\/no\/wp-json\/wp\/v2\/tags?post=102951"}],"curies":[{"name":"wp","href":"https:\/\/api.w.org\/{rel}","templated":true}]}}