{"id":102959,"date":"2025-12-03T08:18:37","date_gmt":"2025-12-03T08:18:37","guid":{"rendered":"https:\/\/www.europesays.com\/no\/102959\/"},"modified":"2025-12-03T08:18:37","modified_gmt":"2025-12-03T08:18:37","slug":"skattelistene-2024-dette-tjente-kjendisene","status":"publish","type":"post","link":"https:\/\/www.europesays.com\/no\/102959\/","title":{"rendered":"Skattelistene 2024: Dette tjente kjendisene"},"content":{"rendered":"\n<p class=\"_lead_o9xde_2 _lead_xtcu6_50 layout-component text-serif-m layout-normal text-serif-l layout-component layout-wide layout-padded _wide_17hqh_1 layout-padded\">I natt kom skattelistene ut der man blant annet f\u00e5r innblikk i \u00f8konomien til de norske kjendisene.<\/p>\n<p><img alt=\"Influencer Sara Emilie Tandberg hjemme i Nittedal utenfor Oslo. Foto: Mattis Sandblad \/ VG\" class=\"_image_qp4xg_65 layout-component layout-wide\" data-fullscreen- data-track-element-type=\"Article image fullscreen\" data-track-name=\"ImageFullscreen\" fetchpriority=\"high\" decoding=\"sync\" loading=\"eager\" height=\"3872\" itemprop=\"image\"  src=\"https:\/\/www.europesays.com\/no\/wp-content\/uploads\/2025\/12\/bbea8ca2-c51a-48bc-9808-97415bea0ea2\"  style=\"object-position:42.932162534435264% 48.29545454545455%\" width=\"5808\"\/>Influencer Sara Emilie Tandberg hjemme i Nittedal utenfor Oslo. Foto: Mattis Sandblad \/ VG<\/p>\n<ul aria-hidden=\"true\" class=\"_images_1uft6_111\">\n<li><a class=\"_link_1uft6_116\" href=\"https:\/\/www.vg.no\/forfatter\/hannah-solstad-klepp\" style=\"z-index:1\" title=\"Hannah Solstad Klepp\" rel=\"nofollow noopener\" target=\"_blank\"><img alt=\"Bilde av Hannah Solstad Klepp\" class=\"_image_1uft6_93\" fetchpriority=\"low\" loading=\"lazy\" decoding=\"async\" itemprop=\"image\"  src=\"https:\/\/www.europesays.com\/no\/wp-content\/uploads\/2025\/12\/1764749916_49_f811f9c1-64f7-4c50-9133-b5735831a650\"  width=\"480\"\/><\/a><\/li>\n<\/ul>\n<p> Oppdatert onsdag 3. desember kl. 08:21     <\/p>\n<p class=\"_paragraph_o9xde_4 _paragraph_xtcu6_10 layout-component text-serif-m layout-normal text-serif-m layout-padded\">En av de som skiller seg mest ut blant influencerne, er Sara Emilie Tandberg (33). <\/p>\n<p class=\"_paragraph_o9xde_4 _paragraph_xtcu6_10 layout-component text-serif-m layout-normal text-serif-m layout-padded\"><a href=\"https:\/\/www.vg.no\/i\/73kM24\" data-track-element-type=\"Link\" data-track-id=\"link:73kM24\" class=\"_link_o9xde_39\" rel=\"nofollow noopener\" target=\"_blank\">Tidligere i \u00e5r ble det kjent at klesmerke hennes omsatte for 135 millioner kroner<\/a>.<\/p>\n<p class=\"_paragraph_o9xde_4 _paragraph_xtcu6_10 layout-component text-serif-m layout-normal text-serif-m layout-padded\"><strong class=\"_strong_o9xde_25\">Se VGs oversikt over skattelister med kultur- og underholdningspersoner nederst i saken. Delt opp i kategoriene: influencere, artister, TV-profiler, skuespillere, komikere og forfattere.<\/strong><\/p>\n<p class=\"_paragraph_o9xde_4 _paragraph_xtcu6_10 layout-component text-serif-m layout-normal text-serif-m layout-padded\">I 2023 tjente moteinfluenceren over 5,6 millioner kroner, og skattet 2,2. N\u00e5 har det kommet fram at 33-\u00e5ringen hadde et stort hopp i inntekten sin. <\/p>\n<p class=\"_paragraph_o9xde_4 _paragraph_xtcu6_10 layout-component text-serif-m layout-normal text-serif-m layout-padded\"><strong class=\"_strong_o9xde_25\">I 2024 tjente hun nemlig hele 14.273.839.<\/strong><\/p>\n<p class=\"_paragraph_o9xde_4 _paragraph_xtcu6_10 layout-component text-serif-m layout-normal text-serif-m layout-padded\">Tandberg har 380.000 f\u00f8lgere p\u00e5 Instagram, og har jobbet som influencer i rundt ti \u00e5r.<\/p>\n<p class=\"_paragraph_o9xde_4 _paragraph_xtcu6_10 layout-component text-serif-m layout-normal text-serif-m layout-padded\">I 2015 opprettet hun Instagram-profilen sin for \u00e5 dele oppdateringer om oppussing og andre prosjekter med familien etter at hun kj\u00f8pte sin f\u00f8rste enebolig.<\/p>\n<p class=\"_paragraph_o9xde_4 _paragraph_xtcu6_10 layout-component text-serif-m layout-normal text-serif-m layout-padded\">Hun har vunnet fire Vixen Awards priser: I 2019 og 2021 vant hun \u00ab\u00c5rets influencer: Livsstil\u00bb, i 2023 ble hun k\u00e5ret til \u00ab\u00c5rets favoritt\u00bb, og i 2024 fikk hun prisen \u00ab\u00c5rets influencer: Business\u00bb. <a href=\"https:\/\/www.vg.no\/i\/KnWKyM\" data-track-element-type=\"Link\" data-track-id=\"link:KnWKyM\" class=\"_link_o9xde_39\" rel=\"nofollow noopener\" target=\"_blank\">Hun har ogs\u00e5 v\u00e6rt med i TV 2-serien \u00abBloggerne\u00bb.<\/a><\/p>\n<p class=\"_paragraph_o9xde_4 _paragraph_xtcu6_10 layout-component text-serif-m layout-normal text-serif-m layout-padded\">I 2021 startet hun sitt eget klesmerke.<\/p>\n<p><img decoding=\"async\" alt=\"Bilde av J\u00f8rgine \u00abFunkygine\u00bb Massa Vasstrand\" class=\"_image_ygndg_42\" height=\"27\" itemprop=\"image\" loading=\"lazy\"  src=\"https:\/\/www.europesays.com\/no\/wp-content\/uploads\/2025\/12\/bbf41f60-7ccc-4e4a-a634-f918bb32655a\"  width=\"40\"\/><strong class=\"_name_ygndg_51 title-serif-xs\">J\u00f8rgine \u00abFunkygine\u00bb Massa Vasstrand<\/strong><\/p>\n<p class=\"_paragraph_o9xde_4 text-sans-m _description_ygndg_56\">Influencer og treningsprofil<\/p>\n<p class=\"_paragraph_o9xde_4 _paragraph_xtcu6_10 layout-component text-serif-m layout-normal text-serif-m layout-padded\">I VGs oversikt fra 2023 var det influenceren og treningsprofilen J\u00f8rgine \u00abFunkygine\u00bb Massa Vasstrand som tjente mest blant influencerne, med en inntekt p\u00e5 over 6,6 millioner kroner.<\/p>\n<p class=\"_paragraph_o9xde_4 _paragraph_xtcu6_10 layout-component text-serif-m layout-normal text-serif-m layout-padded\">I 2024 er hun p\u00e5 annenplass under Tandberg, med en inntekt p\u00e5 8,9 millioner kroner.<\/p>\n<p><img decoding=\"async\" alt=\"Bilde av Sophie Elise\" class=\"_image_ygndg_42\" height=\"27\" itemprop=\"image\" loading=\"lazy\"  src=\"https:\/\/www.europesays.com\/no\/wp-content\/uploads\/2025\/12\/16e90088-25a7-46ad-aeab-160b08414fd8\"  width=\"40\"\/><strong class=\"_name_ygndg_51 title-serif-xs\">Sophie Elise<\/strong><\/p>\n<p class=\"_paragraph_o9xde_4 text-sans-m _description_ygndg_56\">Influencer og gr\u00fcnder<\/p>\n<p class=\"_paragraph_o9xde_4 _paragraph_xtcu6_10 layout-component text-serif-m layout-normal text-serif-m layout-padded\">Influencer Sophie Elise (30), som egentlig heter Sofie Steen Isachsen, tjente i 2023 853.559 kroner.<\/p>\n<p class=\"_paragraph_o9xde_4 _paragraph_xtcu6_10 layout-component text-serif-m layout-normal text-serif-m layout-padded\">I 2024 tjente hun imidlertid 3.652.388 kroner. Det er en \u00f8kning med over 2,7 millioner kroner i inntekt p\u00e5 ett \u00e5r.<\/p>\n<p><img decoding=\"async\" alt=\"Bilde av Oskar Westerlin\" class=\"_image_ygndg_42\" height=\"27\" itemprop=\"image\" loading=\"lazy\"  src=\"https:\/\/www.europesays.com\/no\/wp-content\/uploads\/2025\/12\/7a43c985-0b20-4e51-b3d5-b5f5641851da\"  width=\"40\"\/><strong class=\"_name_ygndg_51 title-serif-xs\">Oskar Westerlin<\/strong><\/p>\n<p class=\"_paragraph_o9xde_4 text-sans-m _description_ygndg_56\">Influencer og \u00abGutta\u00bb-profil<\/p>\n<p class=\"_paragraph_o9xde_4 _paragraph_xtcu6_10 layout-component text-serif-m layout-normal text-serif-m layout-padded\">Oskar Westerlin (27) tjente i 2023 litt over 1 million og skattet 361.691 kroner. I 2024 har han tjent 1.828.969 og skattet 719.078.<\/p>\n<p class=\"_paragraph_o9xde_4 _paragraph_xtcu6_10 layout-component text-serif-m layout-normal text-serif-m layout-padded\"><a href=\"https:\/\/www.vg.no\/i\/63rgze\" data-track-element-type=\"Link\" data-track-id=\"link:63rgze\" class=\"_link_o9xde_39\" rel=\"nofollow noopener\" target=\"_blank\">Westerlin meldte i november flytting til Sveits<\/a>, noe flere nettaviser skrev om. Noen f\u00e5 dager senere la han ut p\u00e5 Instagram at han ikke hadde flyttet.<\/p>\n<p class=\"_paragraph_o9xde_4 _paragraph_xtcu6_10 layout-component text-serif-m layout-normal text-serif-m layout-padded\">\u2013 Nei, har ikke flyttet, var i Sveits i helgen, men tilbake n\u00e5, <a href=\"https:\/\/www.vg.no\/i\/alrge7\" data-track-element-type=\"Link\" data-track-id=\"link:alrge7\" class=\"_link_o9xde_39\" rel=\"nofollow noopener\" target=\"_blank\">skrev han i en tekstmelding til VG da<\/a>.<\/p>\n<p class=\"_paragraph_o9xde_4 _paragraph_xtcu6_10 layout-component text-serif-m layout-normal text-serif-m layout-padded\"><strong class=\"_strong_o9xde_25\">Se VGs oversikt over kjendisene her:<\/strong><\/p>\n<p>        * Isabel Raad flyttet til Dubai i 2023. Derfor st\u00e5r hun oppf\u00f8rt med lav skattbar inntekt i Norge.<\/p>\n<p>        * Karl Ove Knausg\u00e5rd er registrert som utflyttet, og er derfor ikke med i denne listen.<\/p>\n<p class=\"_paragraph_o9xde_4 _paragraph_xtcu6_10 layout-component text-serif-m layout-normal text-serif-m layout-padded\"><strong class=\"_strong_o9xde_25\"><a href=\"https:\/\/www.vg.no\/spesial\/skattelister\/2024\/\" class=\"_link_o9xde_39\" rel=\"nofollow noopener\" target=\"_blank\">Sjekk ut topplisten for hele landet her<\/a>.<\/strong><\/p>\n<p>Derfor skriver vi om skattelistene<\/p>\n<p class=\"_paragraph_o9xde_4 _paragraph_xtcu6_10 _paragraph_16v91_10 layout-component text-serif-m layout-normal text-sans-m layout-padded\">Tillit til skattesystemet skapes gjennom innsyn og \u00e5penhet, noe det er en lang tradisjon for i Norge.\u00a0<\/p>\n<p class=\"_paragraph_o9xde_4 _paragraph_xtcu6_10 _paragraph_16v91_10 layout-component text-serif-m layout-normal text-sans-m layout-padded\">Det er viktig for VG \u00e5 jobbe journalistisk med skattelistene med fokus p\u00e5 rike, mektige og innflytelsesrike folk i dette landet.\u00a0<\/p>\n<p class=\"_paragraph_o9xde_4 _paragraph_xtcu6_10 _paragraph_16v91_10 layout-component text-serif-m layout-normal text-sans-m layout-padded\">En generell \u00e5penhet om skatt, inntekt og formue gir en kontrollfunksjon om hvordan det g\u00e5r med grupper og bransjer. Listene kan ogs\u00e5 gi en pekepinn p\u00e5 hvem som eventuelt kan bidra mer til fellesskapet.\u00a0<\/p>\n<p class=\"_paragraph_o9xde_4 _paragraph_xtcu6_10 _paragraph_16v91_10 layout-component text-serif-m layout-normal text-sans-m layout-padded\">Tallene synliggj\u00f8r om forskjellene \u00f8ker og minker i samfunnet v\u00e5rt, noe som igjen kan danne grunnlag for debatt om skattebyrde og velferdsmodell.\u00a0<\/p>\n<p class=\"_paragraph_o9xde_4 _paragraph_xtcu6_10 _paragraph_16v91_10 layout-component text-serif-m layout-normal text-sans-m layout-padded\">Skattelistene er for VG et viktig verkt\u00f8y for \u00e5 drive unders\u00f8kende journalistikk.<\/p>\n<p>Vis merRettelse<\/p>\n<p class=\"_paragraph_o9xde_4\">I en tidligere utgave av denne saken skrev VG at Isabel Raad ikke var i \u00abInfluencer 2024\u00bb-listen. Det var feil. Hun er i listen, men har en lav skattbar inntekt fordi hun har flyttet til Dubai. Artikkelen ble oppdatert 3. desember klokken 07.19.<\/p>\n","protected":false},"excerpt":{"rendered":"I natt kom skattelistene ut der man blant annet f\u00e5r innblikk i \u00f8konomien til de norske kjendisene. Influencer&hellip;\n","protected":false},"author":2,"featured_media":102960,"comment_status":"","ping_status":"","sticky":false,"template":"","format":"standard","meta":{"footnotes":""},"categories":[5],"tags":[2694,20,21,24,25,15,19,829,4126,22,23,17,18,13,30,28,29,14,2550,16,4158,13005,3318,2828,26,27],"class_list":{"0":"post-102959","1":"post","2":"type-post","3":"status-publish","4":"format-standard","5":"has-post-thumbnail","7":"category-overskrifter","8":"tag-artist","9":"tag-breaking-news","10":"tag-breakingnews","11":"tag-featured-news","12":"tag-featurednews","13":"tag-headlines","14":"tag-hovedoppslag","15":"tag-influencer","16":"tag-jorgine-massa-vasstrand","17":"tag-latest-news","18":"tag-latestnews","19":"tag-main-news","20":"tag-mainnews","21":"tag-news","22":"tag-no","23":"tag-norge","24":"tag-norway","25":"tag-nyheter","26":"tag-oskar-westerlin","27":"tag-overskrifter","28":"tag-sara-emilie-tandberg","29":"tag-skattelistene-2024","30":"tag-skuespiller","31":"tag-sophie-elise","32":"tag-top-stories","33":"tag-topstories"},"share_on_mastodon":{"url":"https:\/\/pubeurope.com\/@no\/115654656631234109","error":""},"_links":{"self":[{"href":"https:\/\/www.europesays.com\/no\/wp-json\/wp\/v2\/posts\/102959","targetHints":{"allow":["GET"]}}],"collection":[{"href":"https:\/\/www.europesays.com\/no\/wp-json\/wp\/v2\/posts"}],"about":[{"href":"https:\/\/www.europesays.com\/no\/wp-json\/wp\/v2\/types\/post"}],"author":[{"embeddable":true,"href":"https:\/\/www.europesays.com\/no\/wp-json\/wp\/v2\/users\/2"}],"replies":[{"embeddable":true,"href":"https:\/\/www.europesays.com\/no\/wp-json\/wp\/v2\/comments?post=102959"}],"version-history":[{"count":0,"href":"https:\/\/www.europesays.com\/no\/wp-json\/wp\/v2\/posts\/102959\/revisions"}],"wp:featuredmedia":[{"embeddable":true,"href":"https:\/\/www.europesays.com\/no\/wp-json\/wp\/v2\/media\/102960"}],"wp:attachment":[{"href":"https:\/\/www.europesays.com\/no\/wp-json\/wp\/v2\/media?parent=102959"}],"wp:term":[{"taxonomy":"category","embeddable":true,"href":"https:\/\/www.europesays.com\/no\/wp-json\/wp\/v2\/categories?post=102959"},{"taxonomy":"post_tag","embeddable":true,"href":"https:\/\/www.europesays.com\/no\/wp-json\/wp\/v2\/tags?post=102959"}],"curies":[{"name":"wp","href":"https:\/\/api.w.org\/{rel}","templated":true}]}}