{"id":102961,"date":"2025-12-03T08:19:11","date_gmt":"2025-12-03T08:19:11","guid":{"rendered":"https:\/\/www.europesays.com\/no\/102961\/"},"modified":"2025-12-03T08:19:11","modified_gmt":"2025-12-03T08:19:11","slug":"handball-vm-handballjentene-sverige-slar-alarm-for-norge-mote-i-vm","status":"publish","type":"post","link":"https:\/\/www.europesays.com\/no\/102961\/","title":{"rendered":"H\u00e5ndball-VM, H\u00e5ndballjentene | Sverige sl\u00e5r alarm f\u00f8r Norge-m\u00f8te i VM"},"content":{"rendered":"\n<p>   <img decoding=\"async\" width=\"1500\" height=\"440\" fetchpriority=\"low\"  loading=\"lazy\"  src=\"https:\/\/www.europesays.com\/no\/wp-content\/uploads\/2025\/12\/HerErVi_Sport_1+person.jpg\" alt=\"\" class=\"brick-c-cFOWSL\" style=\"--brick-image-ratio: 1500 \/ 440;\"\/><\/p>\n<p>DORTMUND, TYSKLAND (Nettavisen): Norges f\u00f8rste reelle utfordring i VM st\u00e5r for tur.<\/p>\n<p>Naboduellen mot Sverige kaster i gang hovedrunden, og det er et svensk lag som har hatt en brutal oppkj\u00f8ring til kampen.<\/p>\n<p>Sjokktapet mot Brasil mandag har skapt store overskrifter i Sverige.<\/p>\n<p>Den sv\u00e6rt rutinerte h\u00e5ndballjournalisten Johan Flinck sl\u00e5r alarm om kvinneh\u00e5ndballen i landet f\u00f8r m\u00f8tet med Norge.<\/p>\n<p><b>Les ogs\u00e5: <\/b><a rel=\"Follow nofollow noopener\" href=\"https:\/\/www.nettavisen.no\/sport\/sjokktap-for-sverige\/s\/5-95-2757456\" target=\"_blank\">Sjokktap for Sverige<\/a><\/p>\n<p>    Vil du se neste video?<\/p>\n<p>    <a href=\"https:\/\/www.nettavisen.no\/fredrik-solvang\/jonas-gahr-store\/debatten\/fredrik-solvang-himler-av-jonas-gahr-store-men-i-alle\/v\/5-95-2751917\" class=\"recommend-poster\" data-adp-clicklabel=\"video-recommend\" data-adp-clickvalue=\"poster\" rel=\"nofollow noopener\" target=\"_blank\"><br \/>\n      <img decoding=\"async\" width=\"200\" height=\"200\" loading=\"lazy\" src=\"https:\/\/www.europesays.com\/no\/wp-content\/uploads\/2025\/11\/Solvang+bredde.jpg\" alt=\"\" class=\"brick-c-cFOWSL\" style=\"--brick-image-ratio: 200 \/ 200;\"\/><\/p>\n<p>Himler av St\u00f8re: \u2013 Men i alle\u20261:06<\/p>\n<p>    <\/a><\/p>\n<p>Sverige-ekspert: \u2013 Urovekkende<\/p>\n<p>\u00abDet her laget for 1,5 \u00e5r siden\u00bb skriver han i en kommentar i Aftonbladet tirsdag. Til Nettavisen deler han mer av sine bekymringer.<\/p>\n<p>\u2013 Situasjonen er veldig t\u00f8ff. Ligaen blir svakere og svakere. Alternativene som er p\u00e5 vei opp er ogs\u00e5 for d\u00e5rlig. Axn\u00e9r har advart om dette siden 2023, og de har startet ulike prosjekter for \u00e5 gj\u00f8re ting bedre.<\/p>\n<p><b>Les ogs\u00e5: <\/b><a rel=\"Follow nofollow noopener\" href=\"https:\/\/www.nettavisen.no\/sport\/stor-bot-i-vm-norge-raser-mot-forbund\/s\/5-95-2757468\" target=\"_blank\">B\u00f8telagt for tusener \u2013 s\u00e5 kom VM-blemmen<\/a><\/p>\n<p>\u2013 Men det skjer jo ingenting, s\u00e5 det er urovekkende. N\u00e5 er det en god del eldre spillere med, som begynner \u00e5 n\u00e6rme seg slutten p\u00e5 landslagskarrieren og enn s\u00e5 lenge er det ingen som banker p\u00e5 d\u00f8ra. Et annet problem er at flere av de som var regnet som store talenter, som Tyra Axn\u00e9r og Nina Koppang, har f\u00e5tt masse mesterskapserfaring, uten \u00e5 ta det neste steget.<\/p>\n<p>Det ble alts\u00e5 en pinlig tap mot Brasil, som kan vise seg \u00e5 bli fryktelig skjebnesvangert med tanke p\u00e5 svenske sjanser for avansement til sluttrundene.<\/p>\n<p>   <img decoding=\"async\" width=\"3578\" height=\"2012\" fetchpriority=\"low\"  loading=\"lazy\"  src=\"https:\/\/www.europesays.com\/no\/wp-content\/uploads\/2025\/12\/1764749951_164_BB251201EW049.jpg\" alt=\"\" class=\"brick-c-cFOWSL\" style=\"--brick-image-ratio: 3578 \/ 2012;\"\/><\/p>\n<p>      \u00abSJOKK\u00bb: Sveriges tap mot Brasil skapte store overskrifter.<br \/>\n      Foto: Emma Wallskog (Bildbyr\u00e5n)\n    <\/p>\n<p>Hva tenker da Flinck om at det er regjerende OL- og EM-mester Norge som er neste utfordring, for et svensk lag som s\u00e5rt trenger en seier.<\/p>\n<p>\u2013 Ja, det var det verste som kunne skje. Det blir jo fort en smell til, som gj\u00f8r at laget mister enda mer selvtillit. Samtidig er det i slike kamper at Sverige har klart \u00e5 sl\u00e5 Norge, fordi kampen ikke betyr noe for Norge.<\/p>\n<p>De svenskene jentene vant faktisk den siste kampen lagene m\u00f8ttes, under \u00e5pningskampen i Paris-OL for halvannet \u00e5r siden.<\/p>\n<p>\u2013 Men jeg tror Norge vinner, og da skal Sverige grave seg opp fra en utrolig dyp grop.<\/p>\n<p>   <img decoding=\"async\" width=\"2365\" height=\"1330\" fetchpriority=\"low\"  loading=\"lazy\"  src=\"https:\/\/www.europesays.com\/no\/wp-content\/uploads\/2025\/12\/BB240107CB010.jpg\" alt=\"\" class=\"brick-c-cFOWSL\" style=\"--brick-image-ratio: 2365 \/ 1330;\"\/><\/p>\n<p>      EKSPERT: Johan Flinck har fulgt svensk h\u00e5ndball i mange \u00e5r.<br \/>\n      Foto: Christoffer Borg Mattisson (Bildbyr\u00e5n)\n    <\/p>\n<p>  \u2013 Sverige er preget<\/p>\n<p>Henny Reistad og de norske jentene m\u00f8tte de svenskene i hotellresepsjonen f\u00f8r Norges pressetreff.<\/p>\n<p>\u2013 Vanligvis er jo gjensynsgleden veldig stor n\u00e5r man m\u00f8ter andre lag, men jeg skj\u00f8nner jo at Sverige er preget av situasjonen. Det er alltid kjipt \u00e5 tape en kamp, spesielt n\u00e5r den er ferdig sent og du v\u00e5kner med en ganske fersk skuffelse.<\/p>\n<p>\u2013 Er dere den verste motstanderen Sverige kunne f\u00e5tt n\u00e5? <\/p>\n<p>I den kjente ydmyke stilen kan man se at det tydelig vrir seg i ansiktet til landslagskapteinen.<\/p>\n<p>\u2013 Nei, kanskje ikke helt. Det er jo noen andre lag som, starter hun, f\u00f8r Nettavisen avbryter henne.<\/p>\n<p>\u2013 Dere er ubeseiret, og kommer til mesterskapet som regjerende OL- og EM-mester?<\/p>\n<p>\u2013 Ja, jo. Vi er topp tre. Det kan jeg strekke meg til, drister Reistad seg til og ler.<\/p>\n<p><b>Les ogs\u00e5: <\/b><a rel=\"Follow nofollow noopener\" href=\"https:\/\/www.nettavisen.no\/sport\/store-problemer-for-norges-kamp-mot-angola-i-vm\/s\/5-95-2757354\" target=\"_blank\">Norge raser: \u2013 Farlig!<\/a><\/p>\n<p>   <img decoding=\"async\" width=\"8640\" height=\"5760\" fetchpriority=\"low\"  loading=\"lazy\"  src=\"https:\/\/www.europesays.com\/no\/wp-content\/uploads\/2025\/12\/NTB_aIDOXcFtP7k.jpg\" alt=\"Trier, Tyskland 20251128. &#10;Henny Ella Reistad under et pressetreff med h\u00e5ndballjentene dagen f\u00f8r VM-kampen mot Kasakhstan i Trier.&#10;Foto: Beate Oma Dahle \/ NTB\" class=\"brick-c-cFOWSL\" style=\"--brick-image-ratio: 8640 \/ 5760;\"\/><\/p>\n<p>      KAPTEIN: Henny Reistad er klar for \u00e5 m\u00f8te Sverige.<br \/>\n      Foto: Beate Oma Dahle (NTB)\n    <\/p>\n<p>Norges m\u00e5lvakt Eli Marie Raasok forteller at laget har sett svenskens tap mot Brasil i reprise. Storhamar-spilleren innr\u00f8mmer at hun ble litt tatt p\u00e5 senga.<\/p>\n<p>\u2013 Jeg synes det var et overraskende tap, ut ifra den kampen vi n\u00e5 har sett i reprise. Sverige har et godt lag, har en god m\u00e5lvakt, s\u00e5 man skal v\u00e6re skjerpet fra start.<\/p>\n<p>\u2013 Hvordan tror du de ser p\u00e5 det \u00e5 m\u00f8te Norge i en s\u00e5 viktig kamp?<\/p>\n<p>\u2013 Det tenker jeg kan sl\u00e5 begge veier. Revansjesugne svensker er farlig! Det er jeg helt sikker p\u00e5.<\/p>\n<p>Kampen mellom naboene kastes i gang 20:30, og vises hos Viaplay.<\/p>\n","protected":false},"excerpt":{"rendered":"DORTMUND, TYSKLAND (Nettavisen): Norges f\u00f8rste reelle utfordring i VM st\u00e5r for tur. Naboduellen mot Sverige kaster i gang&hellip;\n","protected":false},"author":2,"featured_media":102962,"comment_status":"","ping_status":"","sticky":false,"template":"","format":"standard","meta":{"footnotes":""},"categories":[59],"tags":[30,28,29,83,82],"class_list":{"0":"post-102961","1":"post","2":"type-post","3":"status-publish","4":"format-standard","5":"has-post-thumbnail","7":"category-sport","8":"tag-no","9":"tag-norge","10":"tag-norway","11":"tag-sport","12":"tag-sports"},"share_on_mastodon":{"url":"https:\/\/pubeurope.com\/@no\/115654660225614423","error":""},"_links":{"self":[{"href":"https:\/\/www.europesays.com\/no\/wp-json\/wp\/v2\/posts\/102961","targetHints":{"allow":["GET"]}}],"collection":[{"href":"https:\/\/www.europesays.com\/no\/wp-json\/wp\/v2\/posts"}],"about":[{"href":"https:\/\/www.europesays.com\/no\/wp-json\/wp\/v2\/types\/post"}],"author":[{"embeddable":true,"href":"https:\/\/www.europesays.com\/no\/wp-json\/wp\/v2\/users\/2"}],"replies":[{"embeddable":true,"href":"https:\/\/www.europesays.com\/no\/wp-json\/wp\/v2\/comments?post=102961"}],"version-history":[{"count":0,"href":"https:\/\/www.europesays.com\/no\/wp-json\/wp\/v2\/posts\/102961\/revisions"}],"wp:featuredmedia":[{"embeddable":true,"href":"https:\/\/www.europesays.com\/no\/wp-json\/wp\/v2\/media\/102962"}],"wp:attachment":[{"href":"https:\/\/www.europesays.com\/no\/wp-json\/wp\/v2\/media?parent=102961"}],"wp:term":[{"taxonomy":"category","embeddable":true,"href":"https:\/\/www.europesays.com\/no\/wp-json\/wp\/v2\/categories?post=102961"},{"taxonomy":"post_tag","embeddable":true,"href":"https:\/\/www.europesays.com\/no\/wp-json\/wp\/v2\/tags?post=102961"}],"curies":[{"name":"wp","href":"https:\/\/api.w.org\/{rel}","templated":true}]}}